{"id":9929,"date":"2024-03-22T07:34:43","date_gmt":"2024-03-22T10:34:43","guid":{"rendered":"https:\/\/minutobahia24h.com.br\/?p=9929"},"modified":"2024-03-22T07:34:44","modified_gmt":"2024-03-22T10:34:44","slug":"aos-gritos-acm-neto-mandou-cortar-microfone-de-bivar-em-reuniao-do-uniao-diz-coluna","status":"publish","type":"post","link":"https:\/\/minutobahia24h.com.br\/?p=9929","title":{"rendered":"Aos gritos, ACM Neto mandou cortar microfone de Bivar em reuni\u00e3o do Uni\u00e3o; diz coluna"},"content":{"rendered":"<div class=\"wp-block-image\">\n<figure class=\"aligncenter size-full\"><img data-recalc-dims=\"1\" fetchpriority=\"high\" decoding=\"async\" width=\"600\" height=\"419\" src=\"https:\/\/i0.wp.com\/minutobahia24h.com.br\/wp-content\/uploads\/2024\/03\/Sem-titulo-289.jpg?resize=600%2C419&#038;ssl=1\" alt=\"\" class=\"wp-image-9930\" srcset=\"https:\/\/i0.wp.com\/minutobahia24h.com.br\/wp-content\/uploads\/2024\/03\/Sem-titulo-289.jpg?w=600&amp;ssl=1 600w, https:\/\/i0.wp.com\/minutobahia24h.com.br\/wp-content\/uploads\/2024\/03\/Sem-titulo-289.jpg?resize=300%2C210&amp;ssl=1 300w\" sizes=\"(max-width: 600px) 100vw, 600px\" \/><\/figure>\n<\/div>\n\n\n<p>Ap\u00f3s brigas, acusa\u00e7\u00f5es de amea\u00e7a de morte e at\u00e9 inc\u00eandios, o clima no Uni\u00e3o Brasil \u00e9 dos piores. Conforme Lauro Jardim, no O Globo, a&nbsp;reuni\u00e3o da Executiva que marcou a destitui\u00e7\u00e3o cautelar de Luciano Bivar do comando da sigla&nbsp;teve confus\u00e3o, gritaria e at\u00e9 microfone cortado.<\/p>\n\n\n\n<p>Segundo a coluna, ACM Neto reagiu, ap\u00f3s Bivar entrar online e, de forma exaltada, pedir a suspei\u00e7\u00e3o dos participantes para tentar evitar perder o cargo. De acordo com a publica\u00e7\u00e3o, aos berros, o ex-prefeito de Salvador mandou desligar o microfone do presidente afastado.<\/p>\n\n\n\n<p>Ao final, apesar da relut\u00e2ncia, foi aprovado o afastamento provis\u00f3rio de Luciano Bivar por 11 votos contra cinco.<\/p>\n\n\n\n<p>ivansilvanoticia<\/p>\n","protected":false},"excerpt":{"rendered":"<p>Ap\u00f3s brigas, acusa\u00e7\u00f5es de amea\u00e7a de morte e at\u00e9 inc\u00eandios, o clima no Uni\u00e3o Brasil \u00e9 dos piores. Conforme Lauro Jardim, no O Globo, a&nbsp;reuni\u00e3o da Executiva que marcou a destitui\u00e7\u00e3o cautelar de Luciano Bivar do comando da sigla&nbsp;teve confus\u00e3o, gritaria e at\u00e9 microfone cortado. Segundo a coluna, ACM Neto reagiu, ap\u00f3s Bivar entrar online [&hellip;]<\/p>\n","protected":false},"author":2,"featured_media":9930,"comment_status":"open","ping_status":"open","sticky":false,"template":"","format":"standard","meta":{"_jetpack_memberships_contains_paid_content":false,"footnotes":""},"categories":[39],"tags":[],"class_list":["post-9929","post","type-post","status-publish","format-standard","has-post-thumbnail","hentry","category-politica"],"aioseo_notices":[],"jetpack_featured_media_url":"https:\/\/i0.wp.com\/minutobahia24h.com.br\/wp-content\/uploads\/2024\/03\/Sem-titulo-289.jpg?fit=600%2C419&ssl=1","jetpack_sharing_enabled":true,"_links":{"self":[{"href":"https:\/\/minutobahia24h.com.br\/index.php?rest_route=\/wp\/v2\/posts\/9929","targetHints":{"allow":["GET"]}}],"collection":[{"href":"https:\/\/minutobahia24h.com.br\/index.php?rest_route=\/wp\/v2\/posts"}],"about":[{"href":"https:\/\/minutobahia24h.com.br\/index.php?rest_route=\/wp\/v2\/types\/post"}],"author":[{"embeddable":true,"href":"https:\/\/minutobahia24h.com.br\/index.php?rest_route=\/wp\/v2\/users\/2"}],"replies":[{"embeddable":true,"href":"https:\/\/minutobahia24h.com.br\/index.php?rest_route=%2Fwp%2Fv2%2Fcomments&post=9929"}],"version-history":[{"count":1,"href":"https:\/\/minutobahia24h.com.br\/index.php?rest_route=\/wp\/v2\/posts\/9929\/revisions"}],"predecessor-version":[{"id":9931,"href":"https:\/\/minutobahia24h.com.br\/index.php?rest_route=\/wp\/v2\/posts\/9929\/revisions\/9931"}],"wp:featuredmedia":[{"embeddable":true,"href":"https:\/\/minutobahia24h.com.br\/index.php?rest_route=\/wp\/v2\/media\/9930"}],"wp:attachment":[{"href":"https:\/\/minutobahia24h.com.br\/index.php?rest_route=%2Fwp%2Fv2%2Fmedia&parent=9929"}],"wp:term":[{"taxonomy":"category","embeddable":true,"href":"https:\/\/minutobahia24h.com.br\/index.php?rest_route=%2Fwp%2Fv2%2Fcategories&post=9929"},{"taxonomy":"post_tag","embeddable":true,"href":"https:\/\/minutobahia24h.com.br\/index.php?rest_route=%2Fwp%2Fv2%2Ftags&post=9929"}],"curies":[{"name":"wp","href":"https:\/\/api.w.org\/{rel}","templated":true}]}}