{"id":9908,"date":"2024-03-22T06:59:29","date_gmt":"2024-03-22T09:59:29","guid":{"rendered":"https:\/\/minutobahia24h.com.br\/?p=9908"},"modified":"2024-03-22T06:59:30","modified_gmt":"2024-03-22T09:59:30","slug":"pt-e-pcdob-perdem-forca-na-disputa-pre-eleitoral-em-juazeiro-nome-do-pv-se-fortalece-na-federacao-brasil-da-esperanca","status":"publish","type":"post","link":"https:\/\/minutobahia24h.com.br\/?p=9908","title":{"rendered":"PT e PCdoB perdem for\u00e7a na disputa pr\u00e9-eleitoral em Juazeiro; nome do PV se fortalece na Federa\u00e7\u00e3o Brasil da Esperan\u00e7a"},"content":{"rendered":"<div class=\"wp-block-image\">\n<figure class=\"aligncenter size-full\"><img data-recalc-dims=\"1\" fetchpriority=\"high\" decoding=\"async\" width=\"696\" height=\"364\" src=\"https:\/\/i0.wp.com\/minutobahia24h.com.br\/wp-content\/uploads\/2024\/03\/Sem-titulo-282.jpg?resize=696%2C364&#038;ssl=1\" alt=\"\" class=\"wp-image-9909\" srcset=\"https:\/\/i0.wp.com\/minutobahia24h.com.br\/wp-content\/uploads\/2024\/03\/Sem-titulo-282.jpg?w=696&amp;ssl=1 696w, https:\/\/i0.wp.com\/minutobahia24h.com.br\/wp-content\/uploads\/2024\/03\/Sem-titulo-282.jpg?resize=300%2C157&amp;ssl=1 300w\" sizes=\"(max-width: 696px) 100vw, 696px\" \/><\/figure>\n<\/div>\n\n\n<p>Um dos munic\u00edpios do interior baiano onde o governador Jer\u00f4nimo Rodrigues (PT) encontra dificuldade em unir a base aliada em torno de uma \u00fanica candidatura a prefeito \u00e9 Juazeiro, no norte do Estado. L\u00e1, somente a Federa\u00e7\u00e3o Brasil da Esperan\u00e7a, formada por PT, PCdoB e PV, tem tr\u00eas pr\u00e9-candidatos, um de cada sigla. Nesse grupo, no entanto, o nome do deputado estadual Roberto Carlos (PV) come\u00e7a a ganhar for\u00e7a por conta dos \u00faltimos acontecimentos pol\u00edticos envolvendo os seus opositores.&nbsp;&nbsp;<\/p>\n\n\n\n<p>O entendimento dos aliados de Jer\u00f4nimo \u00e9 que o ex-prefeito de Juazeiro por dois mandatos consecutivos, Isaac Carvalho (PT), embora tenha maior densidade eleitoral, estaria ineleg\u00edvel at\u00e9 2030. Nesta quarta-feira (20), ele sofreu um novo rev\u00e9s no Tribunal de Contas da Uni\u00e3o (TCU) que rejeitou recurso de seu advogado no processo 040.610\/2019-5, movido pela Caixa Econ\u00f4mica Federal, em rela\u00e7\u00e3o ao saneamento de bairros da cidade, \u201cem raz\u00e3o da n\u00e3o comprova\u00e7\u00e3o da regular aplica\u00e7\u00e3o dos recursos repassados pela Uni\u00e3o\u201d. A Corte julgou que Isaac n\u00e3o informou ao Governo Federal, quando prefeito, como gastou o dinheiro do Minist\u00e9rio das Cidades para realiza\u00e7\u00e3o das obras.<\/p>\n\n\n\n<p>A not\u00edcia repercutiu no munic\u00edpio. Ao&nbsp;<a href=\"https:\/\/www.redegn.com.br\/index.php?sessao=noticia&amp;cod_noticia=190011\">site Rede GN<\/a>, a ex-aliada e hoje advers\u00e1ria, C\u00e9lia Regina, comemorou a decis\u00e3o: \u201cIsaac perdeu mais uma no TCU, j\u00e1 pode pedir m\u00fasica no Fant\u00e1stico\u201d. J\u00e1 o coordenador da Defesa Civil de Juazeiro festejou: \u201cSegue a saga do vaqueiro ineleg\u00edvel\u201d. Em nota, a assessoria de imprensa esclareceu que \u201cn\u00e3o existe processo que gere inelegibilidade do ex-prefeito de Juazeiro e pr\u00e9-candidato, Isaac Carvalho. Ao contr\u00e1rio, a decis\u00e3o refor\u00e7a a prescri\u00e7\u00e3o do processo e garante que Isaac pode ser candidato\u201d.&nbsp;<\/p>\n\n\n\n<p>A avalia\u00e7\u00e3o na base de Jer\u00f4nimo \u00e9 que o deputado estadual Z\u00f3 perdeu for\u00e7a depois que a bancada comunista na Assembleia Legislativa da Bahia (AL-BA), composta por quatro deputados, se ausentou da elei\u00e7\u00e3o para o Tribunal de Contas dos Munic\u00edpios (TCM) deixando de apoiar o ent\u00e3o deputado petista Paulo Rangel, que sagrou-se vitorioso e j\u00e1 tomou posse como conselheiro da Corte de Contas. Nos bastidores, o PCdoB acusou o PT de articular para inviabilizar a inscri\u00e7\u00e3o do deputado Fabr\u00edcio Falc\u00e3o ao TCM, fato que repercutiu muito mal no Pal\u00e1cio de Ondina.&nbsp;&nbsp;<\/p>\n\n\n\n<p>Vale lembrar que a Federa\u00e7\u00e3o Brasil da Esperan\u00e7a s\u00f3 pode ter um \u00fanico candidato a prefeito, o que refor\u00e7a a necessidade de consenso em torno do nome. Em conversa com o Bahia Not\u00edcias, Roberto Carlos demonstrou otimismo com a possibilidade de ser escolhido como candidato do grupo. \u201cTenho conversado com os aliados em busca da unidade, tanto dentro quanto fora da Federa\u00e7\u00e3o. O di\u00e1logo se estende tamb\u00e9m ao governador e aos nossos senadores Jaques Wagner (PT), Otto Alencar (PSD) e \u00c2ngelo Coronel (PSD), al\u00e9m do ministro da Casa Civil, Rui Costa (PT). Estou confiante de que vou liderar esse processo\u201d, declarou.<\/p>\n\n\n\n<p>Para ser pr\u00e9-candidato, Roberto Carlos rompeu com a prefeita de Juazeiro, Suzana Ramos (PSDB), que \u00e9 candidata \u00e0 reelei\u00e7\u00e3o. Ele frisou que todos os cargos que tinha na Prefeitura \u201cj\u00e1 foram entregues e retirados, pois acreditamos em um novo projeto para Juazeiro, casado com o governo do Estado\u201d, pontuou.&nbsp;&nbsp;<\/p>\n\n\n\n<p>A reportagem do BN entrou em contato por telefone e WhatsApp, ao longo da tarde de ontem, com o deputado estadual Z\u00f3 para saber como est\u00e3o as tratativas do PCdoB junto \u00e0 Federa\u00e7\u00e3o, mas n\u00e3o obteve retorno.\u00a0\u00a0<\/p>\n\n\n\n<p>clebervieiranews<\/p>\n","protected":false},"excerpt":{"rendered":"<p>Um dos munic\u00edpios do interior baiano onde o governador Jer\u00f4nimo Rodrigues (PT) encontra dificuldade em unir a base aliada em torno de uma \u00fanica candidatura a prefeito \u00e9 Juazeiro, no norte do Estado. L\u00e1, somente a Federa\u00e7\u00e3o Brasil da Esperan\u00e7a, formada por PT, PCdoB e PV, tem tr\u00eas pr\u00e9-candidatos, um de cada sigla. Nesse grupo, [&hellip;]<\/p>\n","protected":false},"author":2,"featured_media":9909,"comment_status":"open","ping_status":"open","sticky":false,"template":"","format":"standard","meta":{"_jetpack_memberships_contains_paid_content":false,"footnotes":""},"categories":[50],"tags":[],"class_list":["post-9908","post","type-post","status-publish","format-standard","has-post-thumbnail","hentry","category-eleicoes-2024"],"aioseo_notices":[],"jetpack_featured_media_url":"https:\/\/i0.wp.com\/minutobahia24h.com.br\/wp-content\/uploads\/2024\/03\/Sem-titulo-282.jpg?fit=696%2C364&ssl=1","jetpack_sharing_enabled":true,"_links":{"self":[{"href":"https:\/\/minutobahia24h.com.br\/index.php?rest_route=\/wp\/v2\/posts\/9908","targetHints":{"allow":["GET"]}}],"collection":[{"href":"https:\/\/minutobahia24h.com.br\/index.php?rest_route=\/wp\/v2\/posts"}],"about":[{"href":"https:\/\/minutobahia24h.com.br\/index.php?rest_route=\/wp\/v2\/types\/post"}],"author":[{"embeddable":true,"href":"https:\/\/minutobahia24h.com.br\/index.php?rest_route=\/wp\/v2\/users\/2"}],"replies":[{"embeddable":true,"href":"https:\/\/minutobahia24h.com.br\/index.php?rest_route=%2Fwp%2Fv2%2Fcomments&post=9908"}],"version-history":[{"count":1,"href":"https:\/\/minutobahia24h.com.br\/index.php?rest_route=\/wp\/v2\/posts\/9908\/revisions"}],"predecessor-version":[{"id":9910,"href":"https:\/\/minutobahia24h.com.br\/index.php?rest_route=\/wp\/v2\/posts\/9908\/revisions\/9910"}],"wp:featuredmedia":[{"embeddable":true,"href":"https:\/\/minutobahia24h.com.br\/index.php?rest_route=\/wp\/v2\/media\/9909"}],"wp:attachment":[{"href":"https:\/\/minutobahia24h.com.br\/index.php?rest_route=%2Fwp%2Fv2%2Fmedia&parent=9908"}],"wp:term":[{"taxonomy":"category","embeddable":true,"href":"https:\/\/minutobahia24h.com.br\/index.php?rest_route=%2Fwp%2Fv2%2Fcategories&post=9908"},{"taxonomy":"post_tag","embeddable":true,"href":"https:\/\/minutobahia24h.com.br\/index.php?rest_route=%2Fwp%2Fv2%2Ftags&post=9908"}],"curies":[{"name":"wp","href":"https:\/\/api.w.org\/{rel}","templated":true}]}}