{"id":9905,"date":"2024-03-22T06:57:43","date_gmt":"2024-03-22T09:57:43","guid":{"rendered":"https:\/\/minutobahia24h.com.br\/?p=9905"},"modified":"2024-03-22T06:57:45","modified_gmt":"2024-03-22T09:57:45","slug":"ancelmo-enfermeiro-anuncia-sua-pre-candidatura-a-vereador-em-andorinha-nas-eleicoes-de-2024","status":"publish","type":"post","link":"https:\/\/minutobahia24h.com.br\/?p=9905","title":{"rendered":"Ancelmo Enfermeiro anuncia sua pr\u00e9-candidatura a vereador em Andorinha nas elei\u00e7\u00f5es de 2024"},"content":{"rendered":"<div class=\"wp-block-image\">\n<figure class=\"aligncenter size-full\"><img data-recalc-dims=\"1\" fetchpriority=\"high\" decoding=\"async\" width=\"638\" height=\"480\" src=\"https:\/\/i0.wp.com\/minutobahia24h.com.br\/wp-content\/uploads\/2024\/03\/Sem-titulo-281.jpg?resize=638%2C480&#038;ssl=1\" alt=\"\" class=\"wp-image-9906\" srcset=\"https:\/\/i0.wp.com\/minutobahia24h.com.br\/wp-content\/uploads\/2024\/03\/Sem-titulo-281.jpg?w=638&amp;ssl=1 638w, https:\/\/i0.wp.com\/minutobahia24h.com.br\/wp-content\/uploads\/2024\/03\/Sem-titulo-281.jpg?resize=300%2C226&amp;ssl=1 300w\" sizes=\"(max-width: 638px) 100vw, 638px\" \/><\/figure>\n<\/div>\n\n\n<p>Nesta\u00a0<em>quinta-feira<\/em>,\u00a0<strong>21<\/strong>\u00a0de mar\u00e7o, o\u00a0<em>ex-vereador<\/em>\u00a0<strong>Ancelmo Enfermeiro<\/strong>\u00a0confirmou sua pr\u00e9-candidatura \u00e0s\u00a0<strong>elei\u00e7\u00f5es de 2024<\/strong>\u00a0de Andorinha. Em seu comunicado, Ancelmo escreveu:<\/p>\n\n\n\n<p>&#8220;<em>Ol\u00e1, popula\u00e7\u00e3o Andorinhense,<\/em><\/p>\n\n\n\n<p><em>\u00c9 com grande satisfa\u00e7\u00e3o que me apresento a voc\u00eas como Ancelmo Lino da Silva, mais conhecido como Ancelmo Enfermeiro. Nasci em 17\/03\/1972 no povoado de Santa Rosa de Lima e aos 2 anos de idade fui adotado por Julinho do Bem, carinhosamente conhecido como Julinho do Barriga Mole, e por Zeferina de Oliveira, in memoriam, a quem tive a honra de cham\u00e1-los de pais. Eles eram da comunidade da Fazenda Barriga Mole, onde passei toda minha inf\u00e2ncia.<\/em><\/p>\n\n\n\n<p><em>Desde cedo, descobri minha paix\u00e3o pela enfermagem e iniciei minha carreira na \u00e1rea da sa\u00fade, trabalhando na Unidade B\u00e1sica de Sa\u00fade de Andorinha. Mais tarde, dei um passo adiante ao ingressar na vida p\u00fablica como vereador. Durante meu mandato, desempenhei um papel fundamental na fiscaliza\u00e7\u00e3o e na busca pela realiza\u00e7\u00e3o dos sonhos da popula\u00e7\u00e3o. Participei ativamente de importantes projetos, como a constru\u00e7\u00e3o de um est\u00e1dio de futebol e a implanta\u00e7\u00e3o da Unidade B\u00e1sica de Sa\u00fade em Medrado, e muitos mais, em colabora\u00e7\u00e3o com Vagner Lavor, o Deputado Estadual Bob\u00f4 e Deputado Federal Daniel Almeida.<\/em><\/p>\n\n\n\n<p><em>Tenho dedicado minha vida a ajudar os mais humildes e necessitados, sempre buscando contribuir para o bem-estar da comunidade. Agrade\u00e7o a Deus todos os dias pela oportunidade de servir a popula\u00e7\u00e3o de Andorinha e me sinto preparado para continuar trabalhando em prol do nosso povo. Mais uma vez, coloco-me \u00e0 disposi\u00e7\u00e3o como pr\u00e9-candidato a vereador, com o compromisso de continuar lutando pelos interesses e necessidades da nossa cidade.<\/em><\/p>\n\n\n\n<p><em>Conto com o apoio e a confian\u00e7a de cada um de voc\u00eas para juntos construirmos um futuro melhor para Andorinha. Que possamos seguir trabalhando em uni\u00e3o, em busca de uma cidade mais justa, solid\u00e1ria e pr\u00f3spera para todos Andorinheses.<\/em><\/p>\n\n\n\n<p><em>Muito obrigado pela aten\u00e7\u00e3o e pelo apoio de todos.<\/em><\/p>\n\n\n\n<p><em>Ancelmo Enfermeiro, pr\u00e9-candidato a vereador<\/em>.&#8221;<\/p>\n\n\n\n<p>andorinhanews<\/p>\n","protected":false},"excerpt":{"rendered":"<p>Nesta\u00a0quinta-feira,\u00a021\u00a0de mar\u00e7o, o\u00a0ex-vereador\u00a0Ancelmo Enfermeiro\u00a0confirmou sua pr\u00e9-candidatura \u00e0s\u00a0elei\u00e7\u00f5es de 2024\u00a0de Andorinha. Em seu comunicado, Ancelmo escreveu: &#8220;Ol\u00e1, popula\u00e7\u00e3o Andorinhense, \u00c9 com grande satisfa\u00e7\u00e3o que me apresento a voc\u00eas como Ancelmo Lino da Silva, mais conhecido como Ancelmo Enfermeiro. Nasci em 17\/03\/1972 no povoado de Santa Rosa de Lima e aos 2 anos de idade fui adotado [&hellip;]<\/p>\n","protected":false},"author":2,"featured_media":9906,"comment_status":"open","ping_status":"open","sticky":false,"template":"","format":"standard","meta":{"_jetpack_memberships_contains_paid_content":false,"footnotes":""},"categories":[47],"tags":[],"class_list":["post-9905","post","type-post","status-publish","format-standard","has-post-thumbnail","hentry","category-andorinha"],"aioseo_notices":[],"jetpack_featured_media_url":"https:\/\/i0.wp.com\/minutobahia24h.com.br\/wp-content\/uploads\/2024\/03\/Sem-titulo-281.jpg?fit=638%2C480&ssl=1","jetpack_sharing_enabled":true,"_links":{"self":[{"href":"https:\/\/minutobahia24h.com.br\/index.php?rest_route=\/wp\/v2\/posts\/9905","targetHints":{"allow":["GET"]}}],"collection":[{"href":"https:\/\/minutobahia24h.com.br\/index.php?rest_route=\/wp\/v2\/posts"}],"about":[{"href":"https:\/\/minutobahia24h.com.br\/index.php?rest_route=\/wp\/v2\/types\/post"}],"author":[{"embeddable":true,"href":"https:\/\/minutobahia24h.com.br\/index.php?rest_route=\/wp\/v2\/users\/2"}],"replies":[{"embeddable":true,"href":"https:\/\/minutobahia24h.com.br\/index.php?rest_route=%2Fwp%2Fv2%2Fcomments&post=9905"}],"version-history":[{"count":1,"href":"https:\/\/minutobahia24h.com.br\/index.php?rest_route=\/wp\/v2\/posts\/9905\/revisions"}],"predecessor-version":[{"id":9907,"href":"https:\/\/minutobahia24h.com.br\/index.php?rest_route=\/wp\/v2\/posts\/9905\/revisions\/9907"}],"wp:featuredmedia":[{"embeddable":true,"href":"https:\/\/minutobahia24h.com.br\/index.php?rest_route=\/wp\/v2\/media\/9906"}],"wp:attachment":[{"href":"https:\/\/minutobahia24h.com.br\/index.php?rest_route=%2Fwp%2Fv2%2Fmedia&parent=9905"}],"wp:term":[{"taxonomy":"category","embeddable":true,"href":"https:\/\/minutobahia24h.com.br\/index.php?rest_route=%2Fwp%2Fv2%2Fcategories&post=9905"},{"taxonomy":"post_tag","embeddable":true,"href":"https:\/\/minutobahia24h.com.br\/index.php?rest_route=%2Fwp%2Fv2%2Ftags&post=9905"}],"curies":[{"name":"wp","href":"https:\/\/api.w.org\/{rel}","templated":true}]}}