{"id":9902,"date":"2024-03-22T06:53:54","date_gmt":"2024-03-22T09:53:54","guid":{"rendered":"https:\/\/minutobahia24h.com.br\/?p=9902"},"modified":"2024-03-22T06:53:55","modified_gmt":"2024-03-22T09:53:55","slug":"ponto-novo-dia-nacional-das-culturas-de-matrizes-africanas-foi-realizado-com-grande-caminhada-e-apresentacoes-culturais","status":"publish","type":"post","link":"https:\/\/minutobahia24h.com.br\/?p=9902","title":{"rendered":"Ponto Novo: Dia Nacional das Culturas de Matrizes Africanas foi realizado com grande caminhada e apresenta\u00e7\u00f5es culturais"},"content":{"rendered":"\n<figure class=\"wp-block-image size-large\"><img data-recalc-dims=\"1\" fetchpriority=\"high\" decoding=\"async\" width=\"800\" height=\"449\" src=\"https:\/\/i0.wp.com\/minutobahia24h.com.br\/wp-content\/uploads\/2024\/03\/Sem-titulo-280-1024x575.jpg?resize=800%2C449&#038;ssl=1\" alt=\"\" class=\"wp-image-9903\" srcset=\"https:\/\/i0.wp.com\/minutobahia24h.com.br\/wp-content\/uploads\/2024\/03\/Sem-titulo-280-scaled.jpg?resize=1024%2C575&amp;ssl=1 1024w, https:\/\/i0.wp.com\/minutobahia24h.com.br\/wp-content\/uploads\/2024\/03\/Sem-titulo-280-scaled.jpg?resize=300%2C169&amp;ssl=1 300w, https:\/\/i0.wp.com\/minutobahia24h.com.br\/wp-content\/uploads\/2024\/03\/Sem-titulo-280-scaled.jpg?resize=768%2C431&amp;ssl=1 768w, https:\/\/i0.wp.com\/minutobahia24h.com.br\/wp-content\/uploads\/2024\/03\/Sem-titulo-280-scaled.jpg?resize=1536%2C863&amp;ssl=1 1536w, https:\/\/i0.wp.com\/minutobahia24h.com.br\/wp-content\/uploads\/2024\/03\/Sem-titulo-280-scaled.jpg?resize=2048%2C1150&amp;ssl=1 2048w, https:\/\/i0.wp.com\/minutobahia24h.com.br\/wp-content\/uploads\/2024\/03\/Sem-titulo-280-scaled.jpg?resize=750%2C421&amp;ssl=1 750w, https:\/\/i0.wp.com\/minutobahia24h.com.br\/wp-content\/uploads\/2024\/03\/Sem-titulo-280-scaled.jpg?resize=1140%2C640&amp;ssl=1 1140w, https:\/\/i0.wp.com\/minutobahia24h.com.br\/wp-content\/uploads\/2024\/03\/Sem-titulo-280-scaled.jpg?w=1600 1600w, https:\/\/i0.wp.com\/minutobahia24h.com.br\/wp-content\/uploads\/2024\/03\/Sem-titulo-280-scaled.jpg?w=2400 2400w\" sizes=\"(max-width: 800px) 100vw, 800px\" \/><\/figure>\n\n\n\n<p>Nesta quinta-feira, dia 21 de mar\u00e7o, a cidade de Ponto Novo se encheu de energia e cultura para celebrar o Dia Nacional das Culturas de Matrizes Africanas em sua primeira edi\u00e7\u00e3o, promovida pela Associa\u00e7\u00e3o Religiosa Recanto dos Orix\u00e1s. Sob um sol radiante, a comunidade se uniu em uma grande caminhada, repleta de apresenta\u00e7\u00f5es e manifesta\u00e7\u00f5es culturais que ressaltaram a diversidade e a riqueza das tradi\u00e7\u00f5es africanas.<\/p>\n\n\n\n<p>Desde o in\u00edcio na entrada da cidade, at\u00e9 a pra\u00e7a Nelson Maia e o Gin\u00e1sio do Oscar Macedo, a avenida Lomanto J\u00fanior tornou-se o palco de uma festa, o ritmo contagiante ecoou pelas ruas, a participa\u00e7\u00e3o n\u00e3o se limitou apenas aos moradores de Ponto Novo; pessoas de toda a regi\u00e3o e at\u00e9 mesmo de Bonfim se juntaram \u00e0 celebra\u00e7\u00e3o, mostrando a import\u00e2ncia e o alcance dessa iniciativa. O apoio da Prefeitura de Ponto Novo, por meio do Departamento de Cultura, foi fundamental para o sucesso do evento, destacando o compromisso com a valoriza\u00e7\u00e3o e promo\u00e7\u00e3o das tradi\u00e7\u00f5es culturais locais.<\/p>\n\n\n\n<p>Esta primeira caminhada para celebrar as culturas de matrizes africanas deixou uma marca indel\u00e9vel na hist\u00f3ria de Ponto Novo, fortalecendo os la\u00e7os comunit\u00e1rios, promovendo a diversidade e reafirmando o orgulho das ra\u00edzes africanas que permeiam nossa identidade cultural.\u00a0<\/p>\n\n\n\n<p>agenciadc<\/p>\n","protected":false},"excerpt":{"rendered":"<p>Nesta quinta-feira, dia 21 de mar\u00e7o, a cidade de Ponto Novo se encheu de energia e cultura para celebrar o Dia Nacional das Culturas de Matrizes Africanas em sua primeira edi\u00e7\u00e3o, promovida pela Associa\u00e7\u00e3o Religiosa Recanto dos Orix\u00e1s. Sob um sol radiante, a comunidade se uniu em uma grande caminhada, repleta de apresenta\u00e7\u00f5es e manifesta\u00e7\u00f5es [&hellip;]<\/p>\n","protected":false},"author":2,"featured_media":9903,"comment_status":"open","ping_status":"open","sticky":false,"template":"","format":"standard","meta":{"_jetpack_memberships_contains_paid_content":false,"footnotes":""},"categories":[35],"tags":[],"class_list":["post-9902","post","type-post","status-publish","format-standard","has-post-thumbnail","hentry","category-ponto-novo"],"aioseo_notices":[],"jetpack_featured_media_url":"https:\/\/i0.wp.com\/minutobahia24h.com.br\/wp-content\/uploads\/2024\/03\/Sem-titulo-280-scaled.jpg?fit=2560%2C1438&ssl=1","jetpack_sharing_enabled":true,"_links":{"self":[{"href":"https:\/\/minutobahia24h.com.br\/index.php?rest_route=\/wp\/v2\/posts\/9902","targetHints":{"allow":["GET"]}}],"collection":[{"href":"https:\/\/minutobahia24h.com.br\/index.php?rest_route=\/wp\/v2\/posts"}],"about":[{"href":"https:\/\/minutobahia24h.com.br\/index.php?rest_route=\/wp\/v2\/types\/post"}],"author":[{"embeddable":true,"href":"https:\/\/minutobahia24h.com.br\/index.php?rest_route=\/wp\/v2\/users\/2"}],"replies":[{"embeddable":true,"href":"https:\/\/minutobahia24h.com.br\/index.php?rest_route=%2Fwp%2Fv2%2Fcomments&post=9902"}],"version-history":[{"count":1,"href":"https:\/\/minutobahia24h.com.br\/index.php?rest_route=\/wp\/v2\/posts\/9902\/revisions"}],"predecessor-version":[{"id":9904,"href":"https:\/\/minutobahia24h.com.br\/index.php?rest_route=\/wp\/v2\/posts\/9902\/revisions\/9904"}],"wp:featuredmedia":[{"embeddable":true,"href":"https:\/\/minutobahia24h.com.br\/index.php?rest_route=\/wp\/v2\/media\/9903"}],"wp:attachment":[{"href":"https:\/\/minutobahia24h.com.br\/index.php?rest_route=%2Fwp%2Fv2%2Fmedia&parent=9902"}],"wp:term":[{"taxonomy":"category","embeddable":true,"href":"https:\/\/minutobahia24h.com.br\/index.php?rest_route=%2Fwp%2Fv2%2Fcategories&post=9902"},{"taxonomy":"post_tag","embeddable":true,"href":"https:\/\/minutobahia24h.com.br\/index.php?rest_route=%2Fwp%2Fv2%2Ftags&post=9902"}],"curies":[{"name":"wp","href":"https:\/\/api.w.org\/{rel}","templated":true}]}}