{"id":9834,"date":"2024-03-21T07:10:00","date_gmt":"2024-03-21T10:10:00","guid":{"rendered":"https:\/\/minutobahia24h.com.br\/?p=9834"},"modified":"2024-03-21T07:10:01","modified_gmt":"2024-03-21T10:10:01","slug":"plano-identifica-18-cidades-baianas-com-alto-potencial-para-se-tornarem-centros-logisticos","status":"publish","type":"post","link":"https:\/\/minutobahia24h.com.br\/?p=9834","title":{"rendered":"Plano identifica 18 cidades baianas com alto potencial para se tornarem centros log\u00edsticos"},"content":{"rendered":"<div class=\"wp-block-image\">\n<figure class=\"aligncenter size-full\"><img data-recalc-dims=\"1\" fetchpriority=\"high\" decoding=\"async\" width=\"600\" height=\"418\" src=\"https:\/\/i0.wp.com\/minutobahia24h.com.br\/wp-content\/uploads\/2024\/03\/Sem-titulo-266.jpg?resize=600%2C418&#038;ssl=1\" alt=\"\" class=\"wp-image-9835\" srcset=\"https:\/\/i0.wp.com\/minutobahia24h.com.br\/wp-content\/uploads\/2024\/03\/Sem-titulo-266.jpg?w=600&amp;ssl=1 600w, https:\/\/i0.wp.com\/minutobahia24h.com.br\/wp-content\/uploads\/2024\/03\/Sem-titulo-266.jpg?resize=300%2C209&amp;ssl=1 300w\" sizes=\"(max-width: 600px) 100vw, 600px\" \/><figcaption class=\"wp-element-caption\">Foto: Divulga\u00e7\u00e3o\/Assessoria<br><\/figcaption><\/figure>\n<\/div>\n\n\n<p>Nesta quarta-feira (20\/03), a Superintend\u00eancia de Estudos Econ\u00f4micos e Sociais da Bahia (SEI) apresentou os resultados dos estudos complementares ao Plano Estrat\u00e9gico Ferrovi\u00e1rio do Estado da Bahia. A entrega aconteceu durante o evento Pensar a Bahia, quando tamb\u00e9m foram apresentados estudos preliminares nas \u00e1reas de log\u00edstica regional e economia de baixo carbono, e contou com a presen\u00e7a de secret\u00e1rios de Estado, gestores e especialistas de institui\u00e7\u00f5es p\u00fablicas e privadas.<\/p>\n\n\n\n<p>O estudo complementar ao Plano Ferrovi\u00e1rio foi desenvolvido pela Funda\u00e7\u00e3o Dom Cabral (FDC), por iniciativa da SEI. O trabalho refor\u00e7a a voca\u00e7\u00e3o natural da Bahia para a log\u00edstica e mapeia 18 munic\u00edpios baianos com alt\u00edssimo potencial para se tornarem centros log\u00edsticos e ampliarem a gera\u00e7\u00e3o de emprego e renda em seus territ\u00f3rios. A an\u00e1lise por aglomerados log\u00edsticos destaca o potencial de Alagoinhas, Barreiras, Brumado, Cama\u00e7ari, Candeias, Dias D\u2019\u00c1vila, Eun\u00e1polis, Feira de Santana, Ilh\u00e9us\/Itabuna, Jequi\u00e9, Juazeiro, Lauro de Freitas, Lu\u00eds Eduardo Magalh\u00e3es, Mucuri, Salvador, Sim\u00f5es Filho, Teixeira de Freitas e Vit\u00f3ria da Conquista e foi elaborada a partir de indicadores de fluxos, cargas e diversidade de estabelecimentos log\u00edsticos.<\/p>\n\n\n\n<p>\u201cS\u00e3o locais que j\u00e1 t\u00eam atividade log\u00edstica expressiva, bem acima da m\u00e9dia do estado, e geralmente correspondem a entroncamentos rodovi\u00e1rios e\/ou porto-aerovi\u00e1rios, s\u00e3o locus privilegiados que, sendo alvo de fomento ao desenvolvimento log\u00edstico, t\u00eam chance de alcan\u00e7ar maiores desdobramentos\u201d, explicou o especialista da FDC Ramon C\u00e9sar.<\/p>\n\n\n\n<p>Plano Estrat\u00e9gico Ferrovi\u00e1rio do Estado da Bahia foi elaborado em 2023, pela FDC, por iniciativa da Seplan e CBPM, e sugere diversas e importantes altera\u00e7\u00f5es na malha ferrovi\u00e1ria baiana, como a implanta\u00e7\u00e3o do conceito de carga geral, cria\u00e7\u00e3o de novos ramais e a unifica\u00e7\u00e3o da bitola, que atualmente \u00e9 de um metro, para o padr\u00e3o nacional que \u00e9 de 1,60 metros, entre outras recomenda\u00e7\u00f5es. O novo estudo da FDC complementa o Plano com uma proposta de acesso ao Porto de Salvador e prop\u00f5e tipologias de plataformas log\u00edsticas e modelos de governan\u00e7a para os clusters identificados nos munic\u00edpios.<\/p>\n\n\n\n<p>O estudo tamb\u00e9m apresenta a an\u00e1lise log\u00edstica atual de grandes produtos da pauta de importa\u00e7\u00e3o e exporta\u00e7\u00e3o, a exemplo da soja, milho, containers e fertilizantes. Como exemplo, mostra que o algod\u00e3o produzido em Lu\u00eds Eduardo Magalh\u00e3es tem 95% de sua carga escoada pelo Porto de Santos e apenas 4% por Salvador. Os especialistas apontaram ainda a exist\u00eancia de poucas linhas regulares para a China e o leste asi\u00e1tico saindo diretamente da Bahia. O material poder\u00e1 ser consultado em breve no site da SEI.<\/p>\n\n\n\n<p>O diretor-geral da SEI, Jos\u00e9 Ac\u00e1cio Ferreira, ressaltou que \u201ca SEI est\u00e1 investindo esfor\u00e7os herc\u00faleos para subsidiar o planejamento estrat\u00e9gico de longo prazo. Esse conjunto de informa\u00e7\u00f5es auxiliar\u00e1 a alta gest\u00e3o do estado na tomada de decis\u00f5es e contribuir\u00e1 para posicionar a Bahia em lugar de destaque nacional, promovendo seu desenvolvimento com inclus\u00e3o e sustentabilidade\u201d.<\/p>\n\n\n\n<p>O secret\u00e1rio Afonso Florence, da Casa Civil, refor\u00e7ou a import\u00e2ncia dos resultados para o planejamento do Estado. \u201cO governador vem retomando uma pol\u00edtica de desenvolvimento econ\u00f4mico e industrial que tem no planejamento seu principal instrumente estrat\u00e9gico, com o PDI (Plano de Desenvolvimento Integrado 2035) e esses insumos s\u00e3o essenciais para consolidarmos novos caminhos para o desenvolvimento\u201d.<\/p>\n\n\n\n<p>J\u00e1 o chefe da pasta do Planejamento, Cl\u00e1udio Peixoto, avaliou a entrega no contexto da atualiza\u00e7\u00e3o do plano de longo prazo at\u00e9 2050. \u201cAnalisamos tend\u00eancias globais, de Brasil, novas tend\u00eancias e incertezas cr\u00edticas da Bahia, e estamos tra\u00e7ando cen\u00e1rios, identificando nossos ativos, nossas fragilidades. A\u00e7\u00e3o de governo \u00e9 uma a\u00e7\u00e3o planejada. Um evento como este, portanto, nos enche de alegria e n\u00f3s vamos absorver estes insumos no nosso plano de longo prazo\u201d.<\/p>\n\n\n\n<p>\u201cO trabalho sugere que a Bahia poder\u00e1 acabar com o seu isolamento log\u00edstico ao investir em uma estrat\u00e9gia multimodal\u201d, sintetizou o diretor de Estudos da SEI, Edgard Porto, respons\u00e1vel pelo projeto Pensar a Bahia, que busca estudar temas estrat\u00e9gicos de longo prazo de forma conectada.<\/p>\n\n\n\n<p>Participou ainda do evento o secret\u00e1rio Davidson Magalh\u00e3es, da pasta do Trabalho, Emprego, Renda e Esporte (Setre), o presidente da Companhia Baiana de Pesquisa Mineral (CBPM), Henrique Carballal, al\u00e9m de ex-secret\u00e1rios do Planejamento, como Waldeck Ornelas, Armando Avena, Ronald Lobato e Ant\u00f4nio Alberto Valen\u00e7a, entre outras autoridades.<\/p>\n\n\n\n<p><strong>Estudos apresentam solu\u00e7\u00f5es nas \u00e1reas de log\u00edstica e economia de baixo carbono<\/strong><\/p>\n\n\n\n<p>No evento Pensar a Bahia, a equipe da SEI apresentou resultados preliminares de dois estudos sobre os temas da log\u00edstica e da economia de baixo carbono, que podem ser consultados na p\u00e1gina do SEIColab \u2013 Pensar a Bahia, no site da SEI (www.sei.ba.gov.br).<\/p>\n\n\n\n<p>A assessora t\u00e9cnica da SEI Aline Virg\u00edlio apresentou os resultados do estudo Log\u00edstica como fator de desenvolvimento regional na Bahia. O trabalho apresenta solu\u00e7\u00f5es em tr\u00eas esferas: Integra\u00e7\u00e3o regional via fortalecimento da log\u00edstica estadual do modal ferrovi\u00e1rio; Organiza\u00e7\u00e3o espacial da Macrorregi\u00e3o de Salvador (Masterplan)\u200b; e Organiza\u00e7\u00e3o da Metr\u00f3pole Inteligente\u200b.<\/p>\n\n\n\n<p>A primeira utiliza insumos do Plano Ferrovi\u00e1rio e o aprofunda, visando estabelecer a integra\u00e7\u00e3o log\u00edstica da Bahia com as demais grandes \u00e1reas econ\u00f4micas do Brasil\u200b. A segunda busca integrar investimentos produtivos que potencializam as atividades econ\u00f4micas de forma espacialmente articulada\u200b. E a terceira apresenta estrat\u00e9gias que fortale\u00e7am o uso de sistemas, dentro da Regi\u00e3o Metropolitana de Salvador, que a tornem cada vez mais inteligente e articulada, a exemplo de sistema de sa\u00fade e dados.<\/p>\n\n\n\n<p>O coordenador de Recursos Naturais e Ambientais da SEI, Anderson Oliveira, apresentou os resultados do trabalho sobre Economia de baixo carbono e enfrentamento da pobreza. A proposta envolve um conjunto de projetos integrados a serem implantados em 34 munic\u00edpios na Chapada Diamantina e na Mata Atl\u00e2ntica na Bahia, com objetivos para 2035, 2045 e 2060.\u200b S\u00e3o quatro projetos interligados que envolvem Pagamento por Servi\u00e7os Ambientais (PSA), descarboniza\u00e7\u00e3o, cria\u00e7\u00e3o de um fundo de investimentos e a\u00e7\u00f5es de fomento da agricultura familiar. Prev\u00ea ainda um acordo de coopera\u00e7\u00e3o t\u00e9cnica com a Secretaria do Meio Ambiente (Sema).<\/p>\n\n\n\n<p>Bahia.ba<\/p>\n","protected":false},"excerpt":{"rendered":"<p>Nesta quarta-feira (20\/03), a Superintend\u00eancia de Estudos Econ\u00f4micos e Sociais da Bahia (SEI) apresentou os resultados dos estudos complementares ao Plano Estrat\u00e9gico Ferrovi\u00e1rio do Estado da Bahia. A entrega aconteceu durante o evento Pensar a Bahia, quando tamb\u00e9m foram apresentados estudos preliminares nas \u00e1reas de log\u00edstica regional e economia de baixo carbono, e contou com [&hellip;]<\/p>\n","protected":false},"author":2,"featured_media":9835,"comment_status":"open","ping_status":"open","sticky":false,"template":"","format":"standard","meta":{"_jetpack_memberships_contains_paid_content":false,"footnotes":""},"categories":[19],"tags":[],"class_list":["post-9834","post","type-post","status-publish","format-standard","has-post-thumbnail","hentry","category-economia"],"aioseo_notices":[],"jetpack_featured_media_url":"https:\/\/i0.wp.com\/minutobahia24h.com.br\/wp-content\/uploads\/2024\/03\/Sem-titulo-266.jpg?fit=600%2C418&ssl=1","jetpack_sharing_enabled":true,"_links":{"self":[{"href":"https:\/\/minutobahia24h.com.br\/index.php?rest_route=\/wp\/v2\/posts\/9834","targetHints":{"allow":["GET"]}}],"collection":[{"href":"https:\/\/minutobahia24h.com.br\/index.php?rest_route=\/wp\/v2\/posts"}],"about":[{"href":"https:\/\/minutobahia24h.com.br\/index.php?rest_route=\/wp\/v2\/types\/post"}],"author":[{"embeddable":true,"href":"https:\/\/minutobahia24h.com.br\/index.php?rest_route=\/wp\/v2\/users\/2"}],"replies":[{"embeddable":true,"href":"https:\/\/minutobahia24h.com.br\/index.php?rest_route=%2Fwp%2Fv2%2Fcomments&post=9834"}],"version-history":[{"count":1,"href":"https:\/\/minutobahia24h.com.br\/index.php?rest_route=\/wp\/v2\/posts\/9834\/revisions"}],"predecessor-version":[{"id":9836,"href":"https:\/\/minutobahia24h.com.br\/index.php?rest_route=\/wp\/v2\/posts\/9834\/revisions\/9836"}],"wp:featuredmedia":[{"embeddable":true,"href":"https:\/\/minutobahia24h.com.br\/index.php?rest_route=\/wp\/v2\/media\/9835"}],"wp:attachment":[{"href":"https:\/\/minutobahia24h.com.br\/index.php?rest_route=%2Fwp%2Fv2%2Fmedia&parent=9834"}],"wp:term":[{"taxonomy":"category","embeddable":true,"href":"https:\/\/minutobahia24h.com.br\/index.php?rest_route=%2Fwp%2Fv2%2Fcategories&post=9834"},{"taxonomy":"post_tag","embeddable":true,"href":"https:\/\/minutobahia24h.com.br\/index.php?rest_route=%2Fwp%2Fv2%2Ftags&post=9834"}],"curies":[{"name":"wp","href":"https:\/\/api.w.org\/{rel}","templated":true}]}}