{"id":9831,"date":"2024-03-21T07:02:51","date_gmt":"2024-03-21T10:02:51","guid":{"rendered":"https:\/\/minutobahia24h.com.br\/?p=9831"},"modified":"2024-03-21T07:02:52","modified_gmt":"2024-03-21T10:02:52","slug":"ministerio-publico-encaminha-manifestacao-a-justica-com-pedido-de-retirada-de-estatua-que-homenageia-daniel-alves-em-juazeiro","status":"publish","type":"post","link":"https:\/\/minutobahia24h.com.br\/?p=9831","title":{"rendered":"Minist\u00e9rio P\u00fablico encaminha manifesta\u00e7\u00e3o \u00e0 Justi\u00e7a com pedido de retirada de est\u00e1tua que homenageia Daniel Alves em Juazeiro"},"content":{"rendered":"<div class=\"wp-block-image\">\n<figure class=\"aligncenter size-full\"><img data-recalc-dims=\"1\" fetchpriority=\"high\" decoding=\"async\" width=\"503\" height=\"481\" src=\"https:\/\/i0.wp.com\/minutobahia24h.com.br\/wp-content\/uploads\/2024\/03\/Sem-titulo-265.jpg?resize=503%2C481&#038;ssl=1\" alt=\"\" class=\"wp-image-9832\" srcset=\"https:\/\/i0.wp.com\/minutobahia24h.com.br\/wp-content\/uploads\/2024\/03\/Sem-titulo-265.jpg?w=503&amp;ssl=1 503w, https:\/\/i0.wp.com\/minutobahia24h.com.br\/wp-content\/uploads\/2024\/03\/Sem-titulo-265.jpg?resize=300%2C287&amp;ssl=1 300w\" sizes=\"(max-width: 503px) 100vw, 503px\" \/><\/figure>\n<\/div>\n\n\n<p>O Minist\u00e9rio P\u00fablico da Bahia (MP-BA) encaminhou uma manifesta\u00e7\u00e3o \u00e0 Justi\u00e7a com o pedido de retirada da est\u00e1tua que homenageia Daniel Alves, em Juazeiro, no norte do estado, onde o ex-jogador, condenado por estupro em fevereiro, nasceu. Nesta quarta-feira (20), a Justi\u00e7a de Barcelona aceitou o pedido de liberdade provis\u00f3ria de Daniel Alves. Minutos depois, a m\u00e3e dele, Maria L\u00facia Alves, usou as redes sociais para comemorar a decis\u00e3o.\u00a0<\/p>\n\n\n\n<p>Em nota, o MP-BA informou que o Centro de Apoio Operacional dos Direitos Humanos (CAODH) do \u00f3rg\u00e3o recebeu a manifesta\u00e7\u00e3o feita pela jovem Manuella Tyler Medrado, militante por direitos humanos e residente do munic\u00edpio, e encaminhou para a Promotoria de Justi\u00e7a da comarca de Juazeiro para an\u00e1lise e ado\u00e7\u00e3o das medidas cab\u00edveis.<\/p>\n\n\n\n<p>A est\u00e1tua do ex-jogador de Sele\u00e7\u00e3o Brasileira foi vandalizada no dia 28 de mar\u00e7o. A imagem do jogador foi encontrada coberta por uma tinta branca. Desde a condena\u00e7\u00e3o do jogador, moradores do munic\u00edpio usaram as redes sociais para cobrar a Prefeitura de Juazeiro a retirada da obra. No entanto, a gest\u00e3o municipal informou que n\u00e3o vai tomar decis\u00e3o at\u00e9 que todos os recursos do caso sejam julgados.<\/p>\n\n\n\n<p>g1<\/p>\n","protected":false},"excerpt":{"rendered":"<p>O Minist\u00e9rio P\u00fablico da Bahia (MP-BA) encaminhou uma manifesta\u00e7\u00e3o \u00e0 Justi\u00e7a com o pedido de retirada da est\u00e1tua que homenageia Daniel Alves, em Juazeiro, no norte do estado, onde o ex-jogador, condenado por estupro em fevereiro, nasceu. Nesta quarta-feira (20), a Justi\u00e7a de Barcelona aceitou o pedido de liberdade provis\u00f3ria de Daniel Alves. Minutos depois, [&hellip;]<\/p>\n","protected":false},"author":2,"featured_media":9832,"comment_status":"open","ping_status":"open","sticky":false,"template":"","format":"standard","meta":{"_jetpack_memberships_contains_paid_content":false,"footnotes":""},"categories":[46],"tags":[],"class_list":["post-9831","post","type-post","status-publish","format-standard","has-post-thumbnail","hentry","category-noticia"],"aioseo_notices":[],"jetpack_featured_media_url":"https:\/\/i0.wp.com\/minutobahia24h.com.br\/wp-content\/uploads\/2024\/03\/Sem-titulo-265.jpg?fit=503%2C481&ssl=1","jetpack_sharing_enabled":true,"_links":{"self":[{"href":"https:\/\/minutobahia24h.com.br\/index.php?rest_route=\/wp\/v2\/posts\/9831","targetHints":{"allow":["GET"]}}],"collection":[{"href":"https:\/\/minutobahia24h.com.br\/index.php?rest_route=\/wp\/v2\/posts"}],"about":[{"href":"https:\/\/minutobahia24h.com.br\/index.php?rest_route=\/wp\/v2\/types\/post"}],"author":[{"embeddable":true,"href":"https:\/\/minutobahia24h.com.br\/index.php?rest_route=\/wp\/v2\/users\/2"}],"replies":[{"embeddable":true,"href":"https:\/\/minutobahia24h.com.br\/index.php?rest_route=%2Fwp%2Fv2%2Fcomments&post=9831"}],"version-history":[{"count":1,"href":"https:\/\/minutobahia24h.com.br\/index.php?rest_route=\/wp\/v2\/posts\/9831\/revisions"}],"predecessor-version":[{"id":9833,"href":"https:\/\/minutobahia24h.com.br\/index.php?rest_route=\/wp\/v2\/posts\/9831\/revisions\/9833"}],"wp:featuredmedia":[{"embeddable":true,"href":"https:\/\/minutobahia24h.com.br\/index.php?rest_route=\/wp\/v2\/media\/9832"}],"wp:attachment":[{"href":"https:\/\/minutobahia24h.com.br\/index.php?rest_route=%2Fwp%2Fv2%2Fmedia&parent=9831"}],"wp:term":[{"taxonomy":"category","embeddable":true,"href":"https:\/\/minutobahia24h.com.br\/index.php?rest_route=%2Fwp%2Fv2%2Fcategories&post=9831"},{"taxonomy":"post_tag","embeddable":true,"href":"https:\/\/minutobahia24h.com.br\/index.php?rest_route=%2Fwp%2Fv2%2Ftags&post=9831"}],"curies":[{"name":"wp","href":"https:\/\/api.w.org\/{rel}","templated":true}]}}