{"id":939,"date":"2023-09-20T09:10:08","date_gmt":"2023-09-20T12:10:08","guid":{"rendered":"https:\/\/minutobahia24h.com.br\/?p=939"},"modified":"2023-09-20T09:10:10","modified_gmt":"2023-09-20T12:10:10","slug":"elmar-nascimento-integra-comitiva-de-lula-em-assembleia-da-onu","status":"publish","type":"post","link":"https:\/\/minutobahia24h.com.br\/?p=939","title":{"rendered":"Elmar Nascimento integra comitiva de Lula em Assembleia da ONU"},"content":{"rendered":"<div class=\"wp-block-image\">\n<figure class=\"aligncenter size-full\"><img data-recalc-dims=\"1\" fetchpriority=\"high\" decoding=\"async\" width=\"600\" height=\"420\" src=\"https:\/\/i0.wp.com\/minutobahia24h.com.br\/wp-content\/uploads\/2023\/09\/elmarnascimento.jpg?resize=600%2C420&#038;ssl=1\" alt=\"\" class=\"wp-image-941\" srcset=\"https:\/\/i0.wp.com\/minutobahia24h.com.br\/wp-content\/uploads\/2023\/09\/elmarnascimento.jpg?w=600&amp;ssl=1 600w, https:\/\/i0.wp.com\/minutobahia24h.com.br\/wp-content\/uploads\/2023\/09\/elmarnascimento.jpg?resize=300%2C210&amp;ssl=1 300w\" sizes=\"(max-width: 600px) 100vw, 600px\" \/><figcaption class=\"wp-element-caption\">Foto: Ag\u00eancia C\u00e2mara<br><\/figcaption><\/figure>\n<\/div>\n\n\n<p class=\"wp-block-paragraph\">O l\u00edder do Uni\u00e3o Brasil na C\u00e2mara dos Deputados, Elmar Nascimento, embarcou ao lado da comitiva do presidente Luiz In\u00e1cio Lula da Silva (PT) para a 78\u00aa Assembleia Geral das Organiza\u00e7\u00f5es das Na\u00e7\u00f5es Unidas (ONU), em Nova York, nos Estados Unidos.<\/p>\n\n\n\n<p class=\"wp-block-paragraph\">Nas redes sociais, o parlamentar baiano alegou que se sente \u201chonrado em representar o Brasil\u201d no evento. \u201cTenho certeza que daqui sairemos mais fortes e mais eficientes com os compromissos em promover desenvolvimento sustent\u00e1vel para o nosso pa\u00eds\u201d, escreveu na \u00faltima ter\u00e7a-feira (19), quando esteve presente no Assembleia.<\/p>\n\n\n\n<p class=\"wp-block-paragraph\">Outro deputado baiano que tamb\u00e9m marcou presen\u00e7a no evento foi Ant\u00f4nio Brito (PSD). Ao todo, 25 parlamentares, sete senadores e 17 deputados est\u00e3o na equipe.<\/p>\n\n\n\n<p class=\"wp-block-paragraph\">Bahia.ba<\/p>\n","protected":false},"excerpt":{"rendered":"<p>O l\u00edder do Uni\u00e3o Brasil na C\u00e2mara dos Deputados, Elmar Nascimento, embarcou ao lado da comitiva do presidente Luiz In\u00e1cio Lula da Silva (PT) para a 78\u00aa Assembleia Geral das Organiza\u00e7\u00f5es das Na\u00e7\u00f5es Unidas (ONU), em Nova York, nos Estados Unidos. Nas redes sociais, o parlamentar baiano alegou que se sente \u201chonrado em representar o [&hellip;]<\/p>\n","protected":false},"author":2,"featured_media":941,"comment_status":"open","ping_status":"open","sticky":false,"template":"","format":"standard","meta":{"_jetpack_newsletter_access":"","_jetpack_dont_email_post_to_subs":false,"_jetpack_newsletter_tier_id":0,"_jetpack_memberships_contains_paywalled_content":false,"_jetpack_feature_clip_id":0,"_jetpack_memberships_contains_paid_content":false,"footnotes":"","jetpack_post_was_ever_published":false},"categories":[2],"tags":[],"class_list":["post-939","post","type-post","status-publish","format-standard","has-post-thumbnail","hentry","category-nacional"],"aioseo_notices":[],"aioseo_head":"\n\t\t<!-- All in One SEO 5.0.1.1 - aioseo.com -->\n\t<meta name=\"description\" content=\"O l\u00edder do Uni\u00e3o Brasil na C\u00e2mara dos Deputados, Elmar Nascimento, embarcou ao lado da comitiva do presidente Luiz In\u00e1cio Lula da Silva (PT) para a 78\u00aa Assembleia Geral das Organiza\u00e7\u00f5es das Na\u00e7\u00f5es Unidas (ONU), em Nova York, nos Estados Unidos. Nas redes sociais, o parlamentar baiano alegou que se sente \u201chonrado em representar o\" \/>\n\t<meta name=\"robots\" content=\"max-image-preview:large\" \/>\n\t<meta name=\"author\" content=\"andre\"\/>\n\t<link rel=\"canonical\" href=\"https:\/\/minutobahia24h.com.br\/?p=939\" \/>\n\t<meta name=\"generator\" content=\"All in One SEO (AIOSEO) 5.0.1.1\" \/>\n\t\t<meta property=\"og:locale\" content=\"pt_BR\" \/>\n\t\t<meta property=\"og:site_name\" content=\"Minuto Bahia 24h - O seu portal de not\u00edcias\" \/>\n\t\t<meta property=\"og:type\" content=\"article\" \/>\n\t\t<meta property=\"og:title\" content=\"Elmar Nascimento integra comitiva de Lula em Assembleia da ONU - Minuto Bahia 24h\" \/>\n\t\t<meta property=\"og:description\" content=\"O l\u00edder do Uni\u00e3o Brasil na C\u00e2mara dos Deputados, Elmar Nascimento, embarcou ao lado da comitiva do presidente Luiz In\u00e1cio Lula da Silva (PT) para a 78\u00aa Assembleia Geral das Organiza\u00e7\u00f5es das Na\u00e7\u00f5es Unidas (ONU), em Nova York, nos Estados Unidos. Nas redes sociais, o parlamentar baiano alegou que se sente \u201chonrado em representar o\" \/>\n\t\t<meta property=\"og:url\" content=\"https:\/\/minutobahia24h.com.br\/?p=939\" \/>\n\t\t<meta property=\"og:image\" content=\"https:\/\/minutobahia24h.com.br\/wp-content\/uploads\/2023\/09\/elmarnascimento.jpg\" \/>\n\t\t<meta property=\"og:image:secure_url\" content=\"https:\/\/minutobahia24h.com.br\/wp-content\/uploads\/2023\/09\/elmarnascimento.jpg\" \/>\n\t\t<meta property=\"og:image:width\" content=\"600\" \/>\n\t\t<meta property=\"og:image:height\" content=\"420\" \/>\n\t\t<meta property=\"article:published_time\" content=\"2023-09-20T12:10:08+00:00\" \/>\n\t\t<meta property=\"article:modified_time\" content=\"2023-09-20T12:10:10+00:00\" \/>\n\t\t<meta name=\"twitter:card\" content=\"summary_large_image\" \/>\n\t\t<meta name=\"twitter:title\" content=\"Elmar Nascimento integra comitiva de Lula em Assembleia da ONU - Minuto Bahia 24h\" \/>\n\t\t<meta name=\"twitter:description\" content=\"O l\u00edder do Uni\u00e3o Brasil na C\u00e2mara dos Deputados, Elmar Nascimento, embarcou ao lado da comitiva do presidente Luiz In\u00e1cio Lula da Silva (PT) para a 78\u00aa Assembleia Geral das Organiza\u00e7\u00f5es das Na\u00e7\u00f5es Unidas (ONU), em Nova York, nos Estados Unidos. Nas redes sociais, o parlamentar baiano alegou que se sente \u201chonrado em representar o\" \/>\n\t\t<meta name=\"twitter:image\" content=\"https:\/\/minutobahia24h.com.br\/wp-content\/uploads\/2023\/09\/elmarnascimento.jpg\" \/>\n\t\t<script type=\"application\/ld+json\" class=\"aioseo-schema\">\n\t\t\t{\"@context\":\"https:\\\/\\\/schema.org\",\"@graph\":[{\"@type\":\"BlogPosting\",\"@id\":\"https:\\\/\\\/minutobahia24h.com.br\\\/?p=939#blogposting\",\"name\":\"Elmar Nascimento integra comitiva de Lula em Assembleia da ONU - Minuto Bahia 24h\",\"headline\":\"Elmar Nascimento integra comitiva de Lula em Assembleia da ONU\",\"author\":{\"@id\":\"https:\\\/\\\/minutobahia24h.com.br\\\/?author=2#author\"},\"publisher\":{\"@id\":\"https:\\\/\\\/minutobahia24h.com.br\\\/#organization\"},\"image\":{\"@type\":\"ImageObject\",\"url\":\"https:\\\/\\\/i0.wp.com\\\/minutobahia24h.com.br\\\/wp-content\\\/uploads\\\/2023\\\/09\\\/elmarnascimento.jpg?fit=600%2C420&ssl=1\",\"width\":600,\"height\":420},\"datePublished\":\"2023-09-20T09:10:08-03:00\",\"dateModified\":\"2023-09-20T09:10:10-03:00\",\"inLanguage\":\"pt-BR\",\"mainEntityOfPage\":{\"@id\":\"https:\\\/\\\/minutobahia24h.com.br\\\/?p=939#webpage\"},\"isPartOf\":{\"@id\":\"https:\\\/\\\/minutobahia24h.com.br\\\/?p=939#webpage\"},\"articleSection\":\"Nacional\"},{\"@type\":\"BreadcrumbList\",\"@id\":\"https:\\\/\\\/minutobahia24h.com.br\\\/?p=939#breadcrumblist\",\"itemListElement\":[{\"@type\":\"ListItem\",\"@id\":\"https:\\\/\\\/minutobahia24h.com.br#listItem\",\"position\":1,\"name\":\"In\\u00edcio\",\"item\":\"https:\\\/\\\/minutobahia24h.com.br\",\"nextItem\":{\"@type\":\"ListItem\",\"@id\":\"https:\\\/\\\/minutobahia24h.com.br\\\/?cat=2#listItem\",\"name\":\"Nacional\"}},{\"@type\":\"ListItem\",\"@id\":\"https:\\\/\\\/minutobahia24h.com.br\\\/?cat=2#listItem\",\"position\":2,\"name\":\"Nacional\",\"item\":\"https:\\\/\\\/minutobahia24h.com.br\\\/?cat=2\",\"nextItem\":{\"@type\":\"ListItem\",\"@id\":\"https:\\\/\\\/minutobahia24h.com.br\\\/?p=939#listItem\",\"name\":\"Elmar Nascimento integra comitiva de Lula em Assembleia da ONU\"},\"previousItem\":{\"@type\":\"ListItem\",\"@id\":\"https:\\\/\\\/minutobahia24h.com.br#listItem\",\"name\":\"In\\u00edcio\"}},{\"@type\":\"ListItem\",\"@id\":\"https:\\\/\\\/minutobahia24h.com.br\\\/?p=939#listItem\",\"position\":3,\"name\":\"Elmar Nascimento integra comitiva de Lula em Assembleia da ONU\",\"previousItem\":{\"@type\":\"ListItem\",\"@id\":\"https:\\\/\\\/minutobahia24h.com.br\\\/?cat=2#listItem\",\"name\":\"Nacional\"}}]},{\"@type\":\"Organization\",\"@id\":\"https:\\\/\\\/minutobahia24h.com.br\\\/#organization\",\"name\":\"Minuto Bahia 24h\",\"description\":\"O seu portal de not\\u00edcias\",\"url\":\"https:\\\/\\\/minutobahia24h.com.br\\\/\",\"logo\":{\"@type\":\"ImageObject\",\"url\":\"https:\\\/\\\/i0.wp.com\\\/minutobahia24h.com.br\\\/wp-content\\\/uploads\\\/2023\\\/09\\\/cropped-minutoba.png?fit=457%2C119&ssl=1\",\"@id\":\"https:\\\/\\\/minutobahia24h.com.br\\\/?p=939\\\/#organizationLogo\",\"width\":457,\"height\":119},\"image\":{\"@id\":\"https:\\\/\\\/minutobahia24h.com.br\\\/?p=939\\\/#organizationLogo\"}},{\"@type\":\"Person\",\"@id\":\"https:\\\/\\\/minutobahia24h.com.br\\\/?author=2#author\",\"url\":\"https:\\\/\\\/minutobahia24h.com.br\\\/?author=2\",\"name\":\"andre\",\"image\":{\"@type\":\"ImageObject\",\"@id\":\"https:\\\/\\\/minutobahia24h.com.br\\\/?p=939#authorImage\",\"url\":\"https:\\\/\\\/secure.gravatar.com\\\/avatar\\\/0ec5eafed5f3925c321625d79a680d589901b94bca787ae396a35f6c4a960922?s=96&d=mm&r=g\",\"width\":96,\"height\":96,\"caption\":\"andre\"}},{\"@type\":\"WebPage\",\"@id\":\"https:\\\/\\\/minutobahia24h.com.br\\\/?p=939#webpage\",\"url\":\"https:\\\/\\\/minutobahia24h.com.br\\\/?p=939\",\"name\":\"Elmar Nascimento integra comitiva de Lula em Assembleia da ONU - Minuto Bahia 24h\",\"description\":\"O l\\u00edder do Uni\\u00e3o Brasil na C\\u00e2mara dos Deputados, Elmar Nascimento, embarcou ao lado da comitiva do presidente Luiz In\\u00e1cio Lula da Silva (PT) para a 78\\u00aa Assembleia Geral das Organiza\\u00e7\\u00f5es das Na\\u00e7\\u00f5es Unidas (ONU), em Nova York, nos Estados Unidos. Nas redes sociais, o parlamentar baiano alegou que se sente \\u201chonrado em representar o\",\"inLanguage\":\"pt-BR\",\"isPartOf\":{\"@id\":\"https:\\\/\\\/minutobahia24h.com.br\\\/#website\"},\"breadcrumb\":{\"@id\":\"https:\\\/\\\/minutobahia24h.com.br\\\/?p=939#breadcrumblist\"},\"author\":{\"@id\":\"https:\\\/\\\/minutobahia24h.com.br\\\/?author=2#author\"},\"creator\":{\"@id\":\"https:\\\/\\\/minutobahia24h.com.br\\\/?author=2#author\"},\"image\":{\"@type\":\"ImageObject\",\"url\":\"https:\\\/\\\/i0.wp.com\\\/minutobahia24h.com.br\\\/wp-content\\\/uploads\\\/2023\\\/09\\\/elmarnascimento.jpg?fit=600%2C420&ssl=1\",\"@id\":\"https:\\\/\\\/minutobahia24h.com.br\\\/?p=939\\\/#mainImage\",\"width\":600,\"height\":420},\"primaryImageOfPage\":{\"@id\":\"https:\\\/\\\/minutobahia24h.com.br\\\/?p=939#mainImage\"},\"datePublished\":\"2023-09-20T09:10:08-03:00\",\"dateModified\":\"2023-09-20T09:10:10-03:00\"},{\"@type\":\"WebSite\",\"@id\":\"https:\\\/\\\/minutobahia24h.com.br\\\/#website\",\"url\":\"https:\\\/\\\/minutobahia24h.com.br\\\/\",\"name\":\"Minuto Bahia 24h\",\"description\":\"O seu portal de not\\u00edcias\",\"inLanguage\":\"pt-BR\",\"publisher\":{\"@id\":\"https:\\\/\\\/minutobahia24h.com.br\\\/#organization\"}}]}\n\t\t<\/script>\n\t\t<!-- All in One SEO -->\n\n","aioseo_head_json":{"title":"Elmar Nascimento integra comitiva de Lula em Assembleia da ONU - Minuto Bahia 24h","description":"O l\u00edder do Uni\u00e3o Brasil na C\u00e2mara dos Deputados, Elmar Nascimento, embarcou ao lado da comitiva do presidente Luiz In\u00e1cio Lula da Silva (PT) para a 78\u00aa Assembleia Geral das Organiza\u00e7\u00f5es das Na\u00e7\u00f5es Unidas (ONU), em Nova York, nos Estados Unidos. Nas redes sociais, o parlamentar baiano alegou que se sente \u201chonrado em representar o","canonical_url":"https:\/\/minutobahia24h.com.br\/?p=939","robots":"max-image-preview:large","keywords":"","webmasterTools":{"miscellaneous":""},"schema":{"@context":"https:\/\/schema.org","@graph":[{"@type":"BlogPosting","@id":"https:\/\/minutobahia24h.com.br\/?p=939#blogposting","name":"Elmar Nascimento integra comitiva de Lula em Assembleia da ONU - Minuto Bahia 24h","headline":"Elmar Nascimento integra comitiva de Lula em Assembleia da ONU","author":{"@id":"https:\/\/minutobahia24h.com.br\/?author=2#author"},"publisher":{"@id":"https:\/\/minutobahia24h.com.br\/#organization"},"image":{"@type":"ImageObject","url":"https:\/\/i0.wp.com\/minutobahia24h.com.br\/wp-content\/uploads\/2023\/09\/elmarnascimento.jpg?fit=600%2C420&ssl=1","width":600,"height":420},"datePublished":"2023-09-20T09:10:08-03:00","dateModified":"2023-09-20T09:10:10-03:00","inLanguage":"pt-BR","mainEntityOfPage":{"@id":"https:\/\/minutobahia24h.com.br\/?p=939#webpage"},"isPartOf":{"@id":"https:\/\/minutobahia24h.com.br\/?p=939#webpage"},"articleSection":"Nacional"},{"@type":"BreadcrumbList","@id":"https:\/\/minutobahia24h.com.br\/?p=939#breadcrumblist","itemListElement":[{"@type":"ListItem","@id":"https:\/\/minutobahia24h.com.br#listItem","position":1,"name":"In\u00edcio","item":"https:\/\/minutobahia24h.com.br","nextItem":{"@type":"ListItem","@id":"https:\/\/minutobahia24h.com.br\/?cat=2#listItem","name":"Nacional"}},{"@type":"ListItem","@id":"https:\/\/minutobahia24h.com.br\/?cat=2#listItem","position":2,"name":"Nacional","item":"https:\/\/minutobahia24h.com.br\/?cat=2","nextItem":{"@type":"ListItem","@id":"https:\/\/minutobahia24h.com.br\/?p=939#listItem","name":"Elmar Nascimento integra comitiva de Lula em Assembleia da ONU"},"previousItem":{"@type":"ListItem","@id":"https:\/\/minutobahia24h.com.br#listItem","name":"In\u00edcio"}},{"@type":"ListItem","@id":"https:\/\/minutobahia24h.com.br\/?p=939#listItem","position":3,"name":"Elmar Nascimento integra comitiva de Lula em Assembleia da ONU","previousItem":{"@type":"ListItem","@id":"https:\/\/minutobahia24h.com.br\/?cat=2#listItem","name":"Nacional"}}]},{"@type":"Organization","@id":"https:\/\/minutobahia24h.com.br\/#organization","name":"Minuto Bahia 24h","description":"O seu portal de not\u00edcias","url":"https:\/\/minutobahia24h.com.br\/","logo":{"@type":"ImageObject","url":"https:\/\/i0.wp.com\/minutobahia24h.com.br\/wp-content\/uploads\/2023\/09\/cropped-minutoba.png?fit=457%2C119&ssl=1","@id":"https:\/\/minutobahia24h.com.br\/?p=939\/#organizationLogo","width":457,"height":119},"image":{"@id":"https:\/\/minutobahia24h.com.br\/?p=939\/#organizationLogo"}},{"@type":"Person","@id":"https:\/\/minutobahia24h.com.br\/?author=2#author","url":"https:\/\/minutobahia24h.com.br\/?author=2","name":"andre","image":{"@type":"ImageObject","@id":"https:\/\/minutobahia24h.com.br\/?p=939#authorImage","url":"https:\/\/secure.gravatar.com\/avatar\/0ec5eafed5f3925c321625d79a680d589901b94bca787ae396a35f6c4a960922?s=96&d=mm&r=g","width":96,"height":96,"caption":"andre"}},{"@type":"WebPage","@id":"https:\/\/minutobahia24h.com.br\/?p=939#webpage","url":"https:\/\/minutobahia24h.com.br\/?p=939","name":"Elmar Nascimento integra comitiva de Lula em Assembleia da ONU - Minuto Bahia 24h","description":"O l\u00edder do Uni\u00e3o Brasil na C\u00e2mara dos Deputados, Elmar Nascimento, embarcou ao lado da comitiva do presidente Luiz In\u00e1cio Lula da Silva (PT) para a 78\u00aa Assembleia Geral das Organiza\u00e7\u00f5es das Na\u00e7\u00f5es Unidas (ONU), em Nova York, nos Estados Unidos. Nas redes sociais, o parlamentar baiano alegou que se sente \u201chonrado em representar o","inLanguage":"pt-BR","isPartOf":{"@id":"https:\/\/minutobahia24h.com.br\/#website"},"breadcrumb":{"@id":"https:\/\/minutobahia24h.com.br\/?p=939#breadcrumblist"},"author":{"@id":"https:\/\/minutobahia24h.com.br\/?author=2#author"},"creator":{"@id":"https:\/\/minutobahia24h.com.br\/?author=2#author"},"image":{"@type":"ImageObject","url":"https:\/\/i0.wp.com\/minutobahia24h.com.br\/wp-content\/uploads\/2023\/09\/elmarnascimento.jpg?fit=600%2C420&ssl=1","@id":"https:\/\/minutobahia24h.com.br\/?p=939\/#mainImage","width":600,"height":420},"primaryImageOfPage":{"@id":"https:\/\/minutobahia24h.com.br\/?p=939#mainImage"},"datePublished":"2023-09-20T09:10:08-03:00","dateModified":"2023-09-20T09:10:10-03:00"},{"@type":"WebSite","@id":"https:\/\/minutobahia24h.com.br\/#website","url":"https:\/\/minutobahia24h.com.br\/","name":"Minuto Bahia 24h","description":"O seu portal de not\u00edcias","inLanguage":"pt-BR","publisher":{"@id":"https:\/\/minutobahia24h.com.br\/#organization"}}]},"og:locale":"pt_BR","og:site_name":"Minuto Bahia 24h - O seu portal de not\u00edcias","og:type":"article","og:title":"Elmar Nascimento integra comitiva de Lula em Assembleia da ONU - Minuto Bahia 24h","og:description":"O l\u00edder do Uni\u00e3o Brasil na C\u00e2mara dos Deputados, Elmar Nascimento, embarcou ao lado da comitiva do presidente Luiz In\u00e1cio Lula da Silva (PT) para a 78\u00aa Assembleia Geral das Organiza\u00e7\u00f5es das Na\u00e7\u00f5es Unidas (ONU), em Nova York, nos Estados Unidos. Nas redes sociais, o parlamentar baiano alegou que se sente \u201chonrado em representar o","og:url":"https:\/\/minutobahia24h.com.br\/?p=939","og:image":"https:\/\/minutobahia24h.com.br\/wp-content\/uploads\/2023\/09\/elmarnascimento.jpg","og:image:secure_url":"https:\/\/minutobahia24h.com.br\/wp-content\/uploads\/2023\/09\/elmarnascimento.jpg","og:image:width":600,"og:image:height":420,"article:published_time":"2023-09-20T12:10:08+00:00","article:modified_time":"2023-09-20T12:10:10+00:00","twitter:card":"summary_large_image","twitter:title":"Elmar Nascimento integra comitiva de Lula em Assembleia da ONU - Minuto Bahia 24h","twitter:description":"O l\u00edder do Uni\u00e3o Brasil na C\u00e2mara dos Deputados, Elmar Nascimento, embarcou ao lado da comitiva do presidente Luiz In\u00e1cio Lula da Silva (PT) para a 78\u00aa Assembleia Geral das Organiza\u00e7\u00f5es das Na\u00e7\u00f5es Unidas (ONU), em Nova York, nos Estados Unidos. Nas redes sociais, o parlamentar baiano alegou que se sente \u201chonrado em representar o","twitter:image":"https:\/\/minutobahia24h.com.br\/wp-content\/uploads\/2023\/09\/elmarnascimento.jpg"},"aioseo_meta_data":{"post_id":"939","title":null,"description":null,"keywords":null,"keyphrases":null,"primary_term":null,"canonical_url":null,"og_title":null,"og_description":null,"og_object_type":"default","og_image_type":"default","og_image_url":null,"og_image_width":null,"og_image_height":null,"og_image_custom_url":null,"og_image_custom_fields":null,"og_video":null,"og_custom_url":null,"og_article_section":null,"og_article_tags":null,"twitter_use_og":true,"twitter_card":"default","twitter_image_type":"default","twitter_image_url":null,"twitter_image_custom_url":null,"twitter_image_custom_fields":null,"twitter_title":null,"twitter_description":null,"schema":{"blockGraphs":[],"customGraphs":[],"default":{"data":{"Article":[],"Course":[],"Dataset":[],"FAQPage":[],"Movie":[],"Person":[],"Product":[],"ProductReview":[],"Car":[],"Recipe":[],"Service":[],"SoftwareApplication":[],"WebPage":[]},"graphName":"","isEnabled":true},"graphs":[]},"schema_type":"default","schema_type_options":null,"pillar_content":false,"robots_default":true,"robots_noindex":false,"robots_noarchive":false,"robots_nosnippet":false,"robots_nofollow":false,"robots_noimageindex":false,"robots_noodp":false,"robots_notranslate":false,"robots_max_snippet":null,"robots_max_videopreview":null,"robots_max_imagepreview":"large","priority":null,"frequency":null,"local_seo":null,"breadcrumb_settings":null,"limit_modified_date":false,"ai":null,"created":"2023-09-21 12:11:13","updated":"2025-06-04 05:49:27","seo_analyzer_scan_date":null,"focus_keyword":null,"additional_keywords":null,"truseo_locale":null},"aioseo_breadcrumb":"<div class=\"aioseo-breadcrumbs\"><span class=\"aioseo-breadcrumb\">\n\t\t\t<a href=\"https:\/\/minutobahia24h.com.br\" title=\"In\u00edcio\">In\u00edcio<\/a>\n\t\t<\/span><span class=\"aioseo-breadcrumb-separator\">&raquo;<\/span><span class=\"aioseo-breadcrumb\">\n\t\t\t<a href=\"https:\/\/minutobahia24h.com.br\/?cat=2\" title=\"Nacional\">Nacional<\/a>\n\t\t<\/span><span class=\"aioseo-breadcrumb-separator\">&raquo;<\/span><span class=\"aioseo-breadcrumb\">\n\t\t\tElmar Nascimento integra comitiva de Lula em Assembleia da ONU\n\t\t<\/span><\/div>","aioseo_breadcrumb_json":[{"label":"In\u00edcio","link":"https:\/\/minutobahia24h.com.br"},{"label":"Nacional","link":"https:\/\/minutobahia24h.com.br\/?cat=2"},{"label":"Elmar Nascimento integra comitiva de Lula em Assembleia da ONU","link":"https:\/\/minutobahia24h.com.br\/?p=939"}],"jetpack_sharing_enabled":true,"jetpack_featured_media_url":"https:\/\/i0.wp.com\/minutobahia24h.com.br\/wp-content\/uploads\/2023\/09\/elmarnascimento.jpg?fit=600%2C420&ssl=1","_links":{"self":[{"href":"https:\/\/minutobahia24h.com.br\/index.php?rest_route=\/wp\/v2\/posts\/939","targetHints":{"allow":["GET"]}}],"collection":[{"href":"https:\/\/minutobahia24h.com.br\/index.php?rest_route=\/wp\/v2\/posts"}],"about":[{"href":"https:\/\/minutobahia24h.com.br\/index.php?rest_route=\/wp\/v2\/types\/post"}],"author":[{"embeddable":true,"href":"https:\/\/minutobahia24h.com.br\/index.php?rest_route=\/wp\/v2\/users\/2"}],"replies":[{"embeddable":true,"href":"https:\/\/minutobahia24h.com.br\/index.php?rest_route=%2Fwp%2Fv2%2Fcomments&post=939"}],"version-history":[{"count":1,"href":"https:\/\/minutobahia24h.com.br\/index.php?rest_route=\/wp\/v2\/posts\/939\/revisions"}],"predecessor-version":[{"id":942,"href":"https:\/\/minutobahia24h.com.br\/index.php?rest_route=\/wp\/v2\/posts\/939\/revisions\/942"}],"wp:featuredmedia":[{"embeddable":true,"href":"https:\/\/minutobahia24h.com.br\/index.php?rest_route=\/wp\/v2\/media\/941"}],"wp:attachment":[{"href":"https:\/\/minutobahia24h.com.br\/index.php?rest_route=%2Fwp%2Fv2%2Fmedia&parent=939"}],"wp:term":[{"taxonomy":"category","embeddable":true,"href":"https:\/\/minutobahia24h.com.br\/index.php?rest_route=%2Fwp%2Fv2%2Fcategories&post=939"},{"taxonomy":"post_tag","embeddable":true,"href":"https:\/\/minutobahia24h.com.br\/index.php?rest_route=%2Fwp%2Fv2%2Ftags&post=939"}],"curies":[{"name":"wp","href":"https:\/\/api.w.org\/{rel}","templated":true}]}}