{"id":9255,"date":"2024-03-11T14:52:48","date_gmt":"2024-03-11T17:52:48","guid":{"rendered":"https:\/\/minutobahia24h.com.br\/?p=9255"},"modified":"2024-03-11T14:52:49","modified_gmt":"2024-03-11T17:52:49","slug":"montagem-da-estrutura-da-micareta-de-feira-e-suspensa","status":"publish","type":"post","link":"https:\/\/minutobahia24h.com.br\/?p=9255","title":{"rendered":"Montagem da estrutura da Micareta de Feira \u00e9 suspensa"},"content":{"rendered":"<div class=\"wp-block-image\">\n<figure class=\"aligncenter size-full\"><img data-recalc-dims=\"1\" fetchpriority=\"high\" decoding=\"async\" width=\"504\" height=\"366\" src=\"https:\/\/i0.wp.com\/minutobahia24h.com.br\/wp-content\/uploads\/2024\/03\/Sem-titulo-131.jpg?resize=504%2C366&#038;ssl=1\" alt=\"\" class=\"wp-image-9256\" srcset=\"https:\/\/i0.wp.com\/minutobahia24h.com.br\/wp-content\/uploads\/2024\/03\/Sem-titulo-131.jpg?w=504&amp;ssl=1 504w, https:\/\/i0.wp.com\/minutobahia24h.com.br\/wp-content\/uploads\/2024\/03\/Sem-titulo-131.jpg?resize=300%2C218&amp;ssl=1 300w, https:\/\/i0.wp.com\/minutobahia24h.com.br\/wp-content\/uploads\/2024\/03\/Sem-titulo-131.jpg?resize=120%2C86&amp;ssl=1 120w\" sizes=\"(max-width: 504px) 100vw, 504px\" \/><\/figure>\n<\/div>\n\n\n<p>O prefeito da cidade de Feira de Santana Colbert Martins, tomou a decis\u00e3o de suspender a montagem da estrutura da Micareta de Feira. A decis\u00e3o ocorre devido ao decreto de emerg\u00eancia em vigor em decorr\u00eancia das fortes chuvas emitido na \u00faltima sexta-feira (8).<\/p>\n\n\n\n<p>Segundo informou \u00e0 imprensa loca o secret\u00e1rio de Cultura, Esporte e Lazer, a suspens\u00e3o se deu para que a prefeitura pudesse verificar quest\u00f5es legais por conta do decreto em vigor, mas o planejamento para a Micareta segue normalmente. A expectativa \u00e9 de que em breve haja um posicionamento definitivo sobre a quest\u00e3o, garantindo que todas as medidas sejam tomadas de forma adequada para a seguran\u00e7a e organiza\u00e7\u00e3o da festa.<\/p>\n\n\n\n<p>abahiaacontece<\/p>\n","protected":false},"excerpt":{"rendered":"<p>O prefeito da cidade de Feira de Santana Colbert Martins, tomou a decis\u00e3o de suspender a montagem da estrutura da Micareta de Feira. A decis\u00e3o ocorre devido ao decreto de emerg\u00eancia em vigor em decorr\u00eancia das fortes chuvas emitido na \u00faltima sexta-feira (8). Segundo informou \u00e0 imprensa loca o secret\u00e1rio de Cultura, Esporte e Lazer, [&hellip;]<\/p>\n","protected":false},"author":2,"featured_media":9256,"comment_status":"open","ping_status":"open","sticky":false,"template":"","format":"standard","meta":{"_jetpack_memberships_contains_paid_content":false,"footnotes":""},"categories":[46],"tags":[],"class_list":["post-9255","post","type-post","status-publish","format-standard","has-post-thumbnail","hentry","category-noticia"],"aioseo_notices":[],"jetpack_featured_media_url":"https:\/\/i0.wp.com\/minutobahia24h.com.br\/wp-content\/uploads\/2024\/03\/Sem-titulo-131.jpg?fit=504%2C366&ssl=1","jetpack_sharing_enabled":true,"_links":{"self":[{"href":"https:\/\/minutobahia24h.com.br\/index.php?rest_route=\/wp\/v2\/posts\/9255","targetHints":{"allow":["GET"]}}],"collection":[{"href":"https:\/\/minutobahia24h.com.br\/index.php?rest_route=\/wp\/v2\/posts"}],"about":[{"href":"https:\/\/minutobahia24h.com.br\/index.php?rest_route=\/wp\/v2\/types\/post"}],"author":[{"embeddable":true,"href":"https:\/\/minutobahia24h.com.br\/index.php?rest_route=\/wp\/v2\/users\/2"}],"replies":[{"embeddable":true,"href":"https:\/\/minutobahia24h.com.br\/index.php?rest_route=%2Fwp%2Fv2%2Fcomments&post=9255"}],"version-history":[{"count":1,"href":"https:\/\/minutobahia24h.com.br\/index.php?rest_route=\/wp\/v2\/posts\/9255\/revisions"}],"predecessor-version":[{"id":9257,"href":"https:\/\/minutobahia24h.com.br\/index.php?rest_route=\/wp\/v2\/posts\/9255\/revisions\/9257"}],"wp:featuredmedia":[{"embeddable":true,"href":"https:\/\/minutobahia24h.com.br\/index.php?rest_route=\/wp\/v2\/media\/9256"}],"wp:attachment":[{"href":"https:\/\/minutobahia24h.com.br\/index.php?rest_route=%2Fwp%2Fv2%2Fmedia&parent=9255"}],"wp:term":[{"taxonomy":"category","embeddable":true,"href":"https:\/\/minutobahia24h.com.br\/index.php?rest_route=%2Fwp%2Fv2%2Fcategories&post=9255"},{"taxonomy":"post_tag","embeddable":true,"href":"https:\/\/minutobahia24h.com.br\/index.php?rest_route=%2Fwp%2Fv2%2Ftags&post=9255"}],"curies":[{"name":"wp","href":"https:\/\/api.w.org\/{rel}","templated":true}]}}