{"id":9227,"date":"2024-03-11T07:34:34","date_gmt":"2024-03-11T10:34:34","guid":{"rendered":"https:\/\/minutobahia24h.com.br\/?p=9227"},"modified":"2024-03-11T07:34:35","modified_gmt":"2024-03-11T10:34:35","slug":"minha-casa-minha-vida-governo-vai-retomar-construcao-de-40-mil-unidades-com-obras-paradas","status":"publish","type":"post","link":"https:\/\/minutobahia24h.com.br\/?p=9227","title":{"rendered":"Minha Casa, Minha Vida: governo vai retomar constru\u00e7\u00e3o de 40 mil unidades com obras paradas"},"content":{"rendered":"<div class=\"wp-block-image\">\n<figure class=\"aligncenter size-full\"><img data-recalc-dims=\"1\" fetchpriority=\"high\" decoding=\"async\" width=\"800\" height=\"533\" src=\"https:\/\/i0.wp.com\/minutobahia24h.com.br\/wp-content\/uploads\/2024\/03\/Sem-titulo-125.jpg?resize=800%2C533&#038;ssl=1\" alt=\"\" class=\"wp-image-9228\" srcset=\"https:\/\/i0.wp.com\/minutobahia24h.com.br\/wp-content\/uploads\/2024\/03\/Sem-titulo-125.jpg?w=888&amp;ssl=1 888w, https:\/\/i0.wp.com\/minutobahia24h.com.br\/wp-content\/uploads\/2024\/03\/Sem-titulo-125.jpg?resize=300%2C200&amp;ssl=1 300w, https:\/\/i0.wp.com\/minutobahia24h.com.br\/wp-content\/uploads\/2024\/03\/Sem-titulo-125.jpg?resize=768%2C512&amp;ssl=1 768w, https:\/\/i0.wp.com\/minutobahia24h.com.br\/wp-content\/uploads\/2024\/03\/Sem-titulo-125.jpg?resize=750%2C500&amp;ssl=1 750w\" sizes=\"(max-width: 800px) 100vw, 800px\" \/><figcaption class=\"wp-element-caption\">Governo quer retomar Minha Casa Minha Vida com foco na casa pr\u00f3pria de fam\u00edlias que n\u00e3o conseguem tomar cr\u00e9dito imobili\u00e1rio sem subs\u00eddios \u2014 Foto: Guilherme Pinto<br><br><\/figcaption><\/figure>\n<\/div>\n\n\n<p>O governo federal vai anunciar nesta semana a retomada de 37,8 mil obras do Minha Casa, Minha Vida para fam\u00edlias no Faixa 1 (renda de at\u00e9 R$ 2.640), que praticamente ganham a casa. S\u00e3o unidades paralisadas em todo o pa\u00eds. O ministro das Cidades, Jader Filho, afirmou que o n\u00famero vai chegar a 40 mil porque pretende incluir empreendimentos invadidos e com problemas de documenta\u00e7\u00e3o, como alvar\u00e1s, por exemplo. Para isso, ser\u00e1 feito um di\u00e1logo com as prefeituras.<\/p>\n\n\n\n<p>O prazo de entrega das obras depende do andamento do projeto, de acordo com o ministro. Do total de empreendimentos, 4.958 est\u00e3o no estado do Rio, que concentra a maior parte das obras que ser\u00e3o retomadas. S\u00e3o empreendimentos, por exemplo, em Belford Roxo, com constru\u00e7\u00e3o desde 2014, e em Queimados, cuja obra foi contratada em 2015.<\/p>\n\n\n\n<p>O ministro far\u00e1 o an\u00fancio da retomada e em um evento no Par\u00e1, seu estado, com a presen\u00e7a de v\u00e1rios prefeitos.<\/p>\n\n\n\n<p>\u2014 Esse \u00e9 um n\u00famero que j\u00e1 foi estudado pelas equipes e por mim. Podemos at\u00e9 ir al\u00e9m, mas esses 40 mil \u00e9 um n\u00famero que temos bastante seguran\u00e7a de retomada das obras e entrega das unidades \u2014 disse Jader.<\/p>\n\n\n\n<p>As obras que foram invadidas v\u00e3o necessitar de uma parceria com as prefeituras para acelerar os processos que est\u00e3o na Justi\u00e7a. A estrat\u00e9gia \u00e9 que os governos locais tamb\u00e9m entrem com contrapartidas, como construir a parte de infraestrutura.<\/p>\n\n\n\n<p>\u2014 N\u00f3s vamos pactuar com as prefeituras para que a gente possa encontrar solu\u00e7\u00f5es junto a essas fam\u00edlias, para que n\u00f3s possamos tamb\u00e9m fazer a entrega de algum desses empreendimentos \u2014 disse o ministro.<\/p>\n\n\n\n<figure class=\"wp-block-image\"><img data-recalc-dims=\"1\" decoding=\"async\" src=\"https:\/\/i0.wp.com\/s2-oglobo.glbimg.com\/pu7Qe3VEbK2Q4XFQ_XfUn7zQxBY%3D\/0x0%3A880x526\/984x0\/smart\/filters%3Astrip_icc%28%29\/i.s3.glbimg.com\/v1\/AUTH_da025474c0c44edd99332dddb09cabe8\/internal_photos\/bs\/2023\/v\/F\/KXYPC3RgGYAJuePTPong\/captura-de-tela-2023-09-19-173529.png?w=800&#038;ssl=1\" alt=\"Conjunto Habitacional do programa Minha Casa, Minha Vida, no Complexo do Alem\u00e3o \u2014 Foto: Marcia Foletto\"\/><\/figure>\n\n\n\n<p>Conjunto Habitacional do programa Minha Casa, Minha Vida, no Complexo do Alem\u00e3o \u2014 Foto: Marcia Foletto<\/p>\n\n\n\n<h2 class=\"wp-block-heading\">Estoque de 30 mil obras<\/h2>\n\n\n\n<p>Segundo ele, somando recursos que sobraram do ano passado, foram repassados ao Fundo de Arrendamento Residencial (FAR) e Fundo Desenvolvimento Social (FDS) cerca de R$ 14 bilh\u00f5es do Or\u00e7amento da Uni\u00e3o para retomar as obras paralisadas do programa.<\/p>\n\n\n\n<p>Mas, mesmo com o esfor\u00e7o concentrado para acelerar as obras, ainda sobra um estoque de cerca de 30 mil obras antigas com problemas.<\/p>\n\n\n\n<p>Neste caso, ser\u00e1 feito um estudo detalhado e nos casos em que financeiramente n\u00e3o compensa retomar, o empreendimento ser\u00e1 desmobilizado e o processo encaminhado aos \u00f3rg\u00e3os respons\u00e1veis para apura\u00e7\u00e3o de responsabilidade, afirmou o ministro.<\/p>\n\n\n\n<p>No ano passado, foram retomadas 20 mil obras paralisadas. Al\u00e9m da retomada das obras, o governo anunciar\u00e1 nas pr\u00f3ximas semanas uma sele\u00e7\u00e3o de projetos para contratar 75 mil unidades na \u00e1rea rural, 32 mil unidades destinadas a entidades sociais e 22 mil nos munic\u00edpios com menos de 50 mil habitantes. Todas para fam\u00edlias da Faixa 1.<\/p>\n","protected":false},"excerpt":{"rendered":"<p>O governo federal vai anunciar nesta semana a retomada de 37,8 mil obras do Minha Casa, Minha Vida para fam\u00edlias no Faixa 1 (renda de at\u00e9 R$ 2.640), que praticamente ganham a casa. S\u00e3o unidades paralisadas em todo o pa\u00eds. O ministro das Cidades, Jader Filho, afirmou que o n\u00famero vai chegar a 40 mil [&hellip;]<\/p>\n","protected":false},"author":2,"featured_media":9228,"comment_status":"open","ping_status":"open","sticky":false,"template":"","format":"standard","meta":{"_jetpack_memberships_contains_paid_content":false,"footnotes":""},"categories":[19],"tags":[],"class_list":["post-9227","post","type-post","status-publish","format-standard","has-post-thumbnail","hentry","category-economia"],"aioseo_notices":[],"jetpack_featured_media_url":"https:\/\/i0.wp.com\/minutobahia24h.com.br\/wp-content\/uploads\/2024\/03\/Sem-titulo-125.jpg?fit=888%2C592&ssl=1","jetpack_sharing_enabled":true,"_links":{"self":[{"href":"https:\/\/minutobahia24h.com.br\/index.php?rest_route=\/wp\/v2\/posts\/9227","targetHints":{"allow":["GET"]}}],"collection":[{"href":"https:\/\/minutobahia24h.com.br\/index.php?rest_route=\/wp\/v2\/posts"}],"about":[{"href":"https:\/\/minutobahia24h.com.br\/index.php?rest_route=\/wp\/v2\/types\/post"}],"author":[{"embeddable":true,"href":"https:\/\/minutobahia24h.com.br\/index.php?rest_route=\/wp\/v2\/users\/2"}],"replies":[{"embeddable":true,"href":"https:\/\/minutobahia24h.com.br\/index.php?rest_route=%2Fwp%2Fv2%2Fcomments&post=9227"}],"version-history":[{"count":1,"href":"https:\/\/minutobahia24h.com.br\/index.php?rest_route=\/wp\/v2\/posts\/9227\/revisions"}],"predecessor-version":[{"id":9229,"href":"https:\/\/minutobahia24h.com.br\/index.php?rest_route=\/wp\/v2\/posts\/9227\/revisions\/9229"}],"wp:featuredmedia":[{"embeddable":true,"href":"https:\/\/minutobahia24h.com.br\/index.php?rest_route=\/wp\/v2\/media\/9228"}],"wp:attachment":[{"href":"https:\/\/minutobahia24h.com.br\/index.php?rest_route=%2Fwp%2Fv2%2Fmedia&parent=9227"}],"wp:term":[{"taxonomy":"category","embeddable":true,"href":"https:\/\/minutobahia24h.com.br\/index.php?rest_route=%2Fwp%2Fv2%2Fcategories&post=9227"},{"taxonomy":"post_tag","embeddable":true,"href":"https:\/\/minutobahia24h.com.br\/index.php?rest_route=%2Fwp%2Fv2%2Ftags&post=9227"}],"curies":[{"name":"wp","href":"https:\/\/api.w.org\/{rel}","templated":true}]}}