{"id":9224,"date":"2024-03-11T07:31:47","date_gmt":"2024-03-11T10:31:47","guid":{"rendered":"https:\/\/minutobahia24h.com.br\/?p=9224"},"modified":"2024-03-11T07:31:48","modified_gmt":"2024-03-11T10:31:48","slug":"pec-propoe-protecao-a-privacidade-mental-na-era-das-neurotecnologias","status":"publish","type":"post","link":"https:\/\/minutobahia24h.com.br\/?p=9224","title":{"rendered":"PEC prop\u00f5e prote\u00e7\u00e3o \u00e0 privacidade mental na era das neurotecnologias"},"content":{"rendered":"<div class=\"wp-block-image\">\n<figure class=\"aligncenter size-full\"><img data-recalc-dims=\"1\" fetchpriority=\"high\" decoding=\"async\" width=\"600\" height=\"420\" src=\"https:\/\/i0.wp.com\/minutobahia24h.com.br\/wp-content\/uploads\/2024\/03\/Sem-titulo-124.jpg?resize=600%2C420&#038;ssl=1\" alt=\"\" class=\"wp-image-9225\" srcset=\"https:\/\/i0.wp.com\/minutobahia24h.com.br\/wp-content\/uploads\/2024\/03\/Sem-titulo-124.jpg?w=600&amp;ssl=1 600w, https:\/\/i0.wp.com\/minutobahia24h.com.br\/wp-content\/uploads\/2024\/03\/Sem-titulo-124.jpg?resize=300%2C210&amp;ssl=1 300w\" sizes=\"(max-width: 600px) 100vw, 600px\" \/><figcaption class=\"wp-element-caption\">Foto: Rawpixel\/Freepick<br><\/figcaption><\/figure>\n<\/div>\n\n\n<p>Uma proposta de emenda \u00e0 Constitui\u00e7\u00e3o (PEC) apresentada por senadores de diferentes partidos busca proteger a integridade e a privacidade dos dados mentais de usu\u00e1rios de equipamentos neurotecnol\u00f3gicos \u2013 m\u00e9todos ou dispositivos utilizados para registrar ou modificar a atividade cerebral.<\/p>\n\n\n\n<p>Protocolada em junho de 2023, a PEC n\u00ba 29 \u00e9 inspirada na proposi\u00e7\u00e3o da funda\u00e7\u00e3o norte-americana Neurorights, cujo principal porta-voz \u00e9 o neurobi\u00f3logo espanhol Rafael Yuste e em uma proposta j\u00e1 aprovada pelo Congresso do Chile. O pa\u00eds \u00e9 o primeiro a incluir em sua Constitui\u00e7\u00e3o a prote\u00e7\u00e3o \u00e0 atividade e aos dados cerebrais.<\/p>\n\n\n\n<p>Entre as justificativas apresentadas na PEC n\u00ba 29, os parlamentares destacam que o desenvolvimento das neurotecnologias gera \u201cesperan\u00e7a e grande expectativa\u201d, principalmente em \u00e1reas como a medicina, mas tamb\u00e9m cria uma \u201cfundada e real preocupa\u00e7\u00e3o sobre os limites \u00e9ticos e normativos\u201d do uso desses m\u00e9todos e aparelhos em seres humanos.<\/p>\n\n\n\n<p>Quase nove meses ap\u00f3s ser apresentada, a PEC 29 ainda aguarda a indica\u00e7\u00e3o do relator da mat\u00e9ria pelo presidente da Comiss\u00e3o de Constitui\u00e7\u00e3o e Justi\u00e7a (CCJ), senador Davi Alcolumbre (Uni\u00e3o-AP). O relator ficar\u00e1 encarregado de apresentar um parecer aos demais membros do colegiado respons\u00e1vel por opinar sobre a constitucionalidade das propostas em an\u00e1lise no Senado.<\/p>\n\n\n\n<p>A iniciativa chama a aten\u00e7\u00e3o n\u00e3o s\u00f3 pelo n\u00famero de signat\u00e1rios, 27 senadores, mas tamb\u00e9m por unir representantes de diferentes correntes ideol\u00f3gicas, como os l\u00edderes do governo federal no Congresso Nacional e no Senado, respectivamente Randolfe Rodrigues (Rede-AP) e Jaques Wagner (PT-BA), e o ex-vice-presidente da Rep\u00fablica Hamilton Mour\u00e3o (Republicanos-RS), al\u00e9m de Angelo Coronel (PSD-BA); professora Dorinha Seabra (Uni\u00e3o-TO) e Mara Gabrilli (PSD-SP), entre outros.<\/p>\n\n\n\n<p>Os autores da PEC argumentam que a regulamenta\u00e7\u00e3o dos neurodireitos \u00e9 essencial para proteger a privacidade, a autonomia e a liberdade individual em um mundo cada vez mais digitalizado. A proposta tamb\u00e9m busca garantir que os benef\u00edcios das tecnologias neurocient\u00edficas sejam distribu\u00eddos de forma justa e equitativa entre a sociedade.<\/p>\n\n\n\n<p>A defesa parlamentar \u00e0 regulamenta\u00e7\u00e3o dos chamados neurodireitos no Brasil ecoa a proposta internacional de especialistas em neuroci\u00eancias, direito e bio\u00e9tica que pregam a necessidade de os pa\u00edses incorporarem a prote\u00e7\u00e3o aos neurodados em suas leis e a possibilidade de a Organiza\u00e7\u00e3o das Na\u00e7\u00f5es Unidas (ONU) ampliar o rol de direitos fundamentais estabelecidos na Declara\u00e7\u00e3o Universal dos Direitos Humanos a fim de proteger as pessoas e sociedades dos eventuais efeitos nocivos do uso da neurotecnologia.<\/p>\n\n\n\n<p>Bahia.ba<\/p>\n","protected":false},"excerpt":{"rendered":"<p>Uma proposta de emenda \u00e0 Constitui\u00e7\u00e3o (PEC) apresentada por senadores de diferentes partidos busca proteger a integridade e a privacidade dos dados mentais de usu\u00e1rios de equipamentos neurotecnol\u00f3gicos \u2013 m\u00e9todos ou dispositivos utilizados para registrar ou modificar a atividade cerebral. Protocolada em junho de 2023, a PEC n\u00ba 29 \u00e9 inspirada na proposi\u00e7\u00e3o da funda\u00e7\u00e3o [&hellip;]<\/p>\n","protected":false},"author":2,"featured_media":9225,"comment_status":"open","ping_status":"open","sticky":false,"template":"","format":"standard","meta":{"_jetpack_memberships_contains_paid_content":false,"footnotes":""},"categories":[2],"tags":[],"class_list":["post-9224","post","type-post","status-publish","format-standard","has-post-thumbnail","hentry","category-nacional"],"aioseo_notices":[],"jetpack_featured_media_url":"https:\/\/i0.wp.com\/minutobahia24h.com.br\/wp-content\/uploads\/2024\/03\/Sem-titulo-124.jpg?fit=600%2C420&ssl=1","jetpack_sharing_enabled":true,"_links":{"self":[{"href":"https:\/\/minutobahia24h.com.br\/index.php?rest_route=\/wp\/v2\/posts\/9224","targetHints":{"allow":["GET"]}}],"collection":[{"href":"https:\/\/minutobahia24h.com.br\/index.php?rest_route=\/wp\/v2\/posts"}],"about":[{"href":"https:\/\/minutobahia24h.com.br\/index.php?rest_route=\/wp\/v2\/types\/post"}],"author":[{"embeddable":true,"href":"https:\/\/minutobahia24h.com.br\/index.php?rest_route=\/wp\/v2\/users\/2"}],"replies":[{"embeddable":true,"href":"https:\/\/minutobahia24h.com.br\/index.php?rest_route=%2Fwp%2Fv2%2Fcomments&post=9224"}],"version-history":[{"count":1,"href":"https:\/\/minutobahia24h.com.br\/index.php?rest_route=\/wp\/v2\/posts\/9224\/revisions"}],"predecessor-version":[{"id":9226,"href":"https:\/\/minutobahia24h.com.br\/index.php?rest_route=\/wp\/v2\/posts\/9224\/revisions\/9226"}],"wp:featuredmedia":[{"embeddable":true,"href":"https:\/\/minutobahia24h.com.br\/index.php?rest_route=\/wp\/v2\/media\/9225"}],"wp:attachment":[{"href":"https:\/\/minutobahia24h.com.br\/index.php?rest_route=%2Fwp%2Fv2%2Fmedia&parent=9224"}],"wp:term":[{"taxonomy":"category","embeddable":true,"href":"https:\/\/minutobahia24h.com.br\/index.php?rest_route=%2Fwp%2Fv2%2Fcategories&post=9224"},{"taxonomy":"post_tag","embeddable":true,"href":"https:\/\/minutobahia24h.com.br\/index.php?rest_route=%2Fwp%2Fv2%2Ftags&post=9224"}],"curies":[{"name":"wp","href":"https:\/\/api.w.org\/{rel}","templated":true}]}}