{"id":9215,"date":"2024-03-11T07:20:45","date_gmt":"2024-03-11T10:20:45","guid":{"rendered":"https:\/\/minutobahia24h.com.br\/?p=9215"},"modified":"2024-03-11T07:20:47","modified_gmt":"2024-03-11T10:20:47","slug":"brasil-fatura-mais-2-ouros-e-1-bronze-no-grand-prix-de-judo-da-austria","status":"publish","type":"post","link":"https:\/\/minutobahia24h.com.br\/?p=9215","title":{"rendered":"Brasil fatura mais 2 ouros e 1 bronze no Grand Prix de Jud\u00f4 da \u00c1ustria"},"content":{"rendered":"<div class=\"wp-block-image\">\n<figure class=\"aligncenter size-full\"><img data-recalc-dims=\"1\" fetchpriority=\"high\" decoding=\"async\" width=\"600\" height=\"420\" src=\"https:\/\/i0.wp.com\/minutobahia24h.com.br\/wp-content\/uploads\/2024\/03\/Sem-titulo-121.jpg?resize=600%2C420&#038;ssl=1\" alt=\"\" class=\"wp-image-9216\" srcset=\"https:\/\/i0.wp.com\/minutobahia24h.com.br\/wp-content\/uploads\/2024\/03\/Sem-titulo-121.jpg?w=600&amp;ssl=1 600w, https:\/\/i0.wp.com\/minutobahia24h.com.br\/wp-content\/uploads\/2024\/03\/Sem-titulo-121.jpg?resize=300%2C210&amp;ssl=1 300w\" sizes=\"(max-width: 600px) 100vw, 600px\" \/><figcaption class=\"wp-element-caption\">Foto: Reprodu\u00e7\u00e3o\/Twitter\/CBJ<br><\/figcaption><\/figure>\n<\/div>\n\n\n<p>O Brasil fechou o \u00faltimo dia de disputas do Grand Prix de Jud\u00f4 da \u00c1ustria, em Linz, em grande estilo. Foram dois ouros \u2013 um de Beatriz Souza (+ 78 quilos) e outro de Leonardo Gon\u00e7alves (-100 kg) \u2013 e um bronze de Rafael Buzacarini (-100 kg) conquistados neste domingo (10). A competi\u00e7\u00e3o conta pontos no ranking classificat\u00f3rio \u00e0 Olimp\u00edada de Paris, cujo fechamento ser\u00e1 em julho. Ao todo o Brasil amealhou quatro medalhas \u2013 na sexta (8), Larissa Pimenta j\u00e1 garantira o ouro \u2013 e encerrou a competi\u00e7\u00e3o em primeiro lugar no quadro de medalhas, \u00e0 frente do Jap\u00e3o (2\u00ba lugar) e dos Pa\u00edses Baixos (3\u00ba).<\/p>\n\n\n\n<p>A peso-pesado Beatriz Souza, bronze no Mundial de 2023, derrotou hoje na final a holandesa Marit Kamps. Mal come\u00e7ou a luta, aplicou um waza-ari e, minutos depois, desferiu um ippon projetando a advers\u00e1ria.<\/p>\n\n\n\n<p>\u201cEstou muito feliz. Foi a primeira competi\u00e7\u00e3o do ano e j\u00e1 com essa medalha linda. Agrade\u00e7o muito a torcida de todos e toda energia positiva. Paris \u00e9 logo ali\u201d, comemorou Bia, paulista de Itariri , em depoimento \u00e0 Confedera\u00e7\u00e3o Brasileira de Jud\u00f4 (CBJ).<\/p>\n\n\n\n<p>Para chegar \u00e0 final dos 78kg, Beatriz superou tr\u00eas advers\u00e1rias. Venceu as duas primeiras lutas nas puni\u00e7\u00f5es: na estreia superou Oxana Diaceno (Mold\u00e1via) e depois a cubana Idalys Ortiz. Nas semifinais, a brasileira levou a melhor sobre a s\u00e9rvia Milica Zabic: anotou um waza-ari e imobilizou Zabic em um minuto de luta.<\/p>\n\n\n\n<p><strong>Bicampe\u00e3o na \u00c1ustria<\/strong><\/p>\n\n\n\n<p>Quem tamb\u00e9m teve muito o que comemorar foi o meio-pesado Leonardo Gon\u00e7alves, ao faturar o bicampeonato no GP da \u00c1ustria \u2013 a primeira edi\u00e7\u00e3o do torneio foi no ano passado. Na final valendo o ouro, Gon\u00e7alves n\u00e3o se intimidou diante do portugu\u00eas Jorge Fonseca, bicampe\u00e3o mundial e medalhista ol\u00edmpico. O brasileiro venceu no golden score (tempo extra) ao encaixar um waza-ari no advers\u00e1rio.<\/p>\n\n\n\n<p>\u201cFoi uma competi\u00e7\u00e3o muita fura e bem forte. Fiz quatro golden scores de cinco lutas e consegui sair campe\u00e3o. Muito obrigado pela torcida de todos, foi muito importante para mim. Estava sendo um come\u00e7o de ano bem dif\u00edcil, mas consegui me superar aqui\u201d, disse L\u00e9o, que ano passado foi prata no Pan de Santiago (Chile).<\/p>\n\n\n\n<p>A campanha de Leonardo no GP da \u00c1ustria come\u00e7ou com vit\u00f3ria na estreia sobre o alem\u00e3o George Udsilauri, ap\u00f3s aplicar uma chave de bra\u00e7o no rival.. Depois, nas oitavas, venceu com ippon o brit\u00e2nico Rhys Thompson. Na luta seguinte eliminou o anfitri\u00e3o Laurin Boehler com um waza-ari no golden score. A semi foi 100% brasileiro: L\u00e9o superou Rafael Buzacarini com um waza-ari no golden score.<\/p>\n\n\n\n<p>Na semifinal, um confronto brasileiro contra Rafael Buzacarini. A luta seguiu disputada at\u00e9 o golden score, quando L\u00e9o conseguiu encaixar o waza-ari e avan\u00e7ou \u00e0 decis\u00e3o pelo ouro.<\/p>\n\n\n\n<p><strong>Buzacarini fatura 2\u00ba p\u00f3dio do ano<\/strong><\/p>\n\n\n\n<p>Nascido em Barra Mansa (RJ), o meio-pesado Rafael Buzacarini faturou o bronze pela segunda vez seguida na temporada, ao derrotar na final o s\u00e9rvio Bojan Dosen. Hoje, ap\u00f3s luta acirrada, Rafael voltou a vencer ao anotar um waza-ari no \u00faltimo minuto do embate. O primeiro bronze do ano foi conquistado em janeiro, no GP de Portugal.<\/p>\n\n\n\n<p>\u201cMais uma medalha a\u00ed, a segunda deste ano. Estou muito feliz, esse ano ol\u00edmpico \u00e9 um ano muito importante. Acho que aconteceu na hora certa, alguns detalhes precisam ser ajustados, mas s\u00f3 tenho a agradecer\u201d, comemorou Buzacarini.<\/p>\n\n\n\n<p>O pr\u00f3ximo compromisso da delega\u00e7\u00e3o brasileira de jud\u00f4 ser\u00e1 o GP de Tbilisi (Ge\u00f3rgia), de 22 a 24 de mar\u00e7o.<\/p>\n\n\n\n<p><strong>Classifica\u00e7\u00e3o para Paris 2024<\/strong><\/p>\n\n\n\n<p>A totaliza\u00e7\u00e3o de pontos no ranking da Federa\u00e7\u00e3o Internacional de Jud\u00f4 (IJF, na sigla em ingl\u00eas) teve in\u00edcio em julho de 2022 e s\u00f3 termina em junho deste ano. A modalidade reunir\u00e1 372 atletas em Paris (igualmente divididos entre homens e mulheres).<\/p>\n\n\n\n<p>Os 17 primeiros colocados no ranking de cada categoria asseguram vaga em Paris 2024 (com o limite de um judoca por pa\u00eds). A partir das 18\u00aa coloca\u00e7\u00e3o no ranking, as vagas ser\u00e3o distribu\u00eddas por continente: Am\u00e9ricas (21 vagas), Africa (24), Europa (25), \u00c1sia (20) e Oceania (10).<\/p>\n\n\n\n<p>Bahia.ba<\/p>\n","protected":false},"excerpt":{"rendered":"<p>O Brasil fechou o \u00faltimo dia de disputas do Grand Prix de Jud\u00f4 da \u00c1ustria, em Linz, em grande estilo. Foram dois ouros \u2013 um de Beatriz Souza (+ 78 quilos) e outro de Leonardo Gon\u00e7alves (-100 kg) \u2013 e um bronze de Rafael Buzacarini (-100 kg) conquistados neste domingo (10). A competi\u00e7\u00e3o conta pontos [&hellip;]<\/p>\n","protected":false},"author":2,"featured_media":9216,"comment_status":"open","ping_status":"open","sticky":false,"template":"","format":"standard","meta":{"_jetpack_memberships_contains_paid_content":false,"footnotes":""},"categories":[20],"tags":[],"class_list":["post-9215","post","type-post","status-publish","format-standard","has-post-thumbnail","hentry","category-esporte"],"aioseo_notices":[],"jetpack_featured_media_url":"https:\/\/i0.wp.com\/minutobahia24h.com.br\/wp-content\/uploads\/2024\/03\/Sem-titulo-121.jpg?fit=600%2C420&ssl=1","jetpack_sharing_enabled":true,"_links":{"self":[{"href":"https:\/\/minutobahia24h.com.br\/index.php?rest_route=\/wp\/v2\/posts\/9215","targetHints":{"allow":["GET"]}}],"collection":[{"href":"https:\/\/minutobahia24h.com.br\/index.php?rest_route=\/wp\/v2\/posts"}],"about":[{"href":"https:\/\/minutobahia24h.com.br\/index.php?rest_route=\/wp\/v2\/types\/post"}],"author":[{"embeddable":true,"href":"https:\/\/minutobahia24h.com.br\/index.php?rest_route=\/wp\/v2\/users\/2"}],"replies":[{"embeddable":true,"href":"https:\/\/minutobahia24h.com.br\/index.php?rest_route=%2Fwp%2Fv2%2Fcomments&post=9215"}],"version-history":[{"count":1,"href":"https:\/\/minutobahia24h.com.br\/index.php?rest_route=\/wp\/v2\/posts\/9215\/revisions"}],"predecessor-version":[{"id":9217,"href":"https:\/\/minutobahia24h.com.br\/index.php?rest_route=\/wp\/v2\/posts\/9215\/revisions\/9217"}],"wp:featuredmedia":[{"embeddable":true,"href":"https:\/\/minutobahia24h.com.br\/index.php?rest_route=\/wp\/v2\/media\/9216"}],"wp:attachment":[{"href":"https:\/\/minutobahia24h.com.br\/index.php?rest_route=%2Fwp%2Fv2%2Fmedia&parent=9215"}],"wp:term":[{"taxonomy":"category","embeddable":true,"href":"https:\/\/minutobahia24h.com.br\/index.php?rest_route=%2Fwp%2Fv2%2Fcategories&post=9215"},{"taxonomy":"post_tag","embeddable":true,"href":"https:\/\/minutobahia24h.com.br\/index.php?rest_route=%2Fwp%2Fv2%2Ftags&post=9215"}],"curies":[{"name":"wp","href":"https:\/\/api.w.org\/{rel}","templated":true}]}}