{"id":9197,"date":"2024-03-11T06:48:14","date_gmt":"2024-03-11T09:48:14","guid":{"rendered":"https:\/\/minutobahia24h.com.br\/?p=9197"},"modified":"2024-03-11T06:48:16","modified_gmt":"2024-03-11T09:48:16","slug":"helson-de-carvalho-tenta-levar-avante-para-a-base-de-laercio-junior","status":"publish","type":"post","link":"https:\/\/minutobahia24h.com.br\/?p=9197","title":{"rendered":"Helson de Carvalho tenta levar Avante para a base de La\u00e9rcio J\u00fanior"},"content":{"rendered":"<div class=\"wp-block-image\">\n<figure class=\"aligncenter size-full\"><img data-recalc-dims=\"1\" fetchpriority=\"high\" decoding=\"async\" width=\"800\" height=\"598\" src=\"https:\/\/i0.wp.com\/minutobahia24h.com.br\/wp-content\/uploads\/2024\/03\/Sem-titulo-115.jpg?resize=800%2C598&#038;ssl=1\" alt=\"\" class=\"wp-image-9198\" srcset=\"https:\/\/i0.wp.com\/minutobahia24h.com.br\/wp-content\/uploads\/2024\/03\/Sem-titulo-115.jpg?w=1024&amp;ssl=1 1024w, https:\/\/i0.wp.com\/minutobahia24h.com.br\/wp-content\/uploads\/2024\/03\/Sem-titulo-115.jpg?resize=300%2C224&amp;ssl=1 300w, https:\/\/i0.wp.com\/minutobahia24h.com.br\/wp-content\/uploads\/2024\/03\/Sem-titulo-115.jpg?resize=768%2C574&amp;ssl=1 768w, https:\/\/i0.wp.com\/minutobahia24h.com.br\/wp-content\/uploads\/2024\/03\/Sem-titulo-115.jpg?resize=750%2C560&amp;ssl=1 750w\" sizes=\"(max-width: 800px) 100vw, 800px\" \/><\/figure>\n<\/div>\n\n\n<p>O vereador de Senhor do Bonfim, Helson de Carvalho (UB), que recentemente esteve em Salvador onde se reuniu com lideran\u00e7as do AVANTE, dever\u00e1 estar trocando de partido nos pr\u00f3ximos dias.<br>Filiado ao Uni\u00e3o Brasil, Helson de Carvalho estaria tentando trazer o AVANTE para a base do prefeito, La\u00e9rcio J\u00fanior, mesmo sabendo que a legenda caminha com o PT.<\/p>\n\n\n\n<p>Segundo fontes, o l\u00edder do governo Laercio Junior, teria ficado impaciente, ao saber que o deputado federal, Elmar Nascimento, j\u00e1 teria revelado que o vereador n\u00e3o ficaria no Uni\u00e3o Brasil, tendo em vista, a infidelidade do parlamentar, que na \u00faltima elei\u00e7\u00e3o n\u00e3o apoiou nenhum deputado do partido, opinando em votar em Niltinho (estadual), e Neto Carletto (federal).<\/p>\n\n\n\n<p>Na \u00faltima semana, o vereador Helson de Carvalho esteve em Salvador, se reuniu com Ronaldo Carlleto, e o deputado estadual, Laerte do Vando, mas parece que a conversa n\u00e3o foi boa, pois, segundo integrantes do grupo, o vereador segue impaciente.<\/p>\n\n\n\n<p>J\u00e1 se comenta no grupo, que o Uni\u00e3o Brasil ter\u00e1 quatro vereadores disputando a reelei\u00e7\u00e3o: Bab\u00e3o (que ir\u00e1 se filiar no partido, ap\u00f3s sa\u00edda de Helson), Socorro do Pel\u00e9, Galeguinho, e Ary Urbano.<\/p>\n\n\n\n<p>Qual ser\u00e1 o futuro partid\u00e1rio de Helson de Carvalho?<\/p>\n\n\n\n<p>ivansilvanoticia<\/p>\n","protected":false},"excerpt":{"rendered":"<p>O vereador de Senhor do Bonfim, Helson de Carvalho (UB), que recentemente esteve em Salvador onde se reuniu com lideran\u00e7as do AVANTE, dever\u00e1 estar trocando de partido nos pr\u00f3ximos dias.Filiado ao Uni\u00e3o Brasil, Helson de Carvalho estaria tentando trazer o AVANTE para a base do prefeito, La\u00e9rcio J\u00fanior, mesmo sabendo que a legenda caminha com [&hellip;]<\/p>\n","protected":false},"author":2,"featured_media":9198,"comment_status":"open","ping_status":"open","sticky":false,"template":"","format":"standard","meta":{"_jetpack_memberships_contains_paid_content":false,"footnotes":""},"categories":[17],"tags":[],"class_list":["post-9197","post","type-post","status-publish","format-standard","has-post-thumbnail","hentry","category-senhor-do-bonfim"],"aioseo_notices":[],"jetpack_featured_media_url":"https:\/\/i0.wp.com\/minutobahia24h.com.br\/wp-content\/uploads\/2024\/03\/Sem-titulo-115.jpg?fit=1024%2C765&ssl=1","jetpack_sharing_enabled":true,"_links":{"self":[{"href":"https:\/\/minutobahia24h.com.br\/index.php?rest_route=\/wp\/v2\/posts\/9197","targetHints":{"allow":["GET"]}}],"collection":[{"href":"https:\/\/minutobahia24h.com.br\/index.php?rest_route=\/wp\/v2\/posts"}],"about":[{"href":"https:\/\/minutobahia24h.com.br\/index.php?rest_route=\/wp\/v2\/types\/post"}],"author":[{"embeddable":true,"href":"https:\/\/minutobahia24h.com.br\/index.php?rest_route=\/wp\/v2\/users\/2"}],"replies":[{"embeddable":true,"href":"https:\/\/minutobahia24h.com.br\/index.php?rest_route=%2Fwp%2Fv2%2Fcomments&post=9197"}],"version-history":[{"count":1,"href":"https:\/\/minutobahia24h.com.br\/index.php?rest_route=\/wp\/v2\/posts\/9197\/revisions"}],"predecessor-version":[{"id":9199,"href":"https:\/\/minutobahia24h.com.br\/index.php?rest_route=\/wp\/v2\/posts\/9197\/revisions\/9199"}],"wp:featuredmedia":[{"embeddable":true,"href":"https:\/\/minutobahia24h.com.br\/index.php?rest_route=\/wp\/v2\/media\/9198"}],"wp:attachment":[{"href":"https:\/\/minutobahia24h.com.br\/index.php?rest_route=%2Fwp%2Fv2%2Fmedia&parent=9197"}],"wp:term":[{"taxonomy":"category","embeddable":true,"href":"https:\/\/minutobahia24h.com.br\/index.php?rest_route=%2Fwp%2Fv2%2Fcategories&post=9197"},{"taxonomy":"post_tag","embeddable":true,"href":"https:\/\/minutobahia24h.com.br\/index.php?rest_route=%2Fwp%2Fv2%2Ftags&post=9197"}],"curies":[{"name":"wp","href":"https:\/\/api.w.org\/{rel}","templated":true}]}}