{"id":9194,"date":"2024-03-11T06:45:50","date_gmt":"2024-03-11T09:45:50","guid":{"rendered":"https:\/\/minutobahia24h.com.br\/?p=9194"},"modified":"2024-03-11T06:45:51","modified_gmt":"2024-03-11T09:45:51","slug":"centro-de-educacao-profissional-inaugurado-neste-sabado-garante-futuro-promissor-a-jovens-de-uaua","status":"publish","type":"post","link":"https:\/\/minutobahia24h.com.br\/?p=9194","title":{"rendered":"Centro de Educa\u00e7\u00e3o Profissional inaugurado neste s\u00e1bado garante futuro promissor a jovens de Uau\u00e1"},"content":{"rendered":"<div class=\"wp-block-image\">\n<figure class=\"aligncenter size-full\"><img data-recalc-dims=\"1\" fetchpriority=\"high\" decoding=\"async\" width=\"700\" height=\"500\" src=\"https:\/\/i0.wp.com\/minutobahia24h.com.br\/wp-content\/uploads\/2024\/03\/Sem-titulo-114.jpg?resize=700%2C500&#038;ssl=1\" alt=\"\" class=\"wp-image-9195\" srcset=\"https:\/\/i0.wp.com\/minutobahia24h.com.br\/wp-content\/uploads\/2024\/03\/Sem-titulo-114.jpg?w=700&amp;ssl=1 700w, https:\/\/i0.wp.com\/minutobahia24h.com.br\/wp-content\/uploads\/2024\/03\/Sem-titulo-114.jpg?resize=300%2C214&amp;ssl=1 300w, https:\/\/i0.wp.com\/minutobahia24h.com.br\/wp-content\/uploads\/2024\/03\/Sem-titulo-114.jpg?resize=120%2C86&amp;ssl=1 120w, https:\/\/i0.wp.com\/minutobahia24h.com.br\/wp-content\/uploads\/2024\/03\/Sem-titulo-114.jpg?resize=350%2C250&amp;ssl=1 350w\" sizes=\"(max-width: 700px) 100vw, 700px\" \/><\/figure>\n<\/div>\n\n\n<p>Inaugurada na manh\u00e3 do \u00faltimo s\u00e1bado (9) em Uau\u00e1, a nova sede do Centro Territorial do Sert\u00e3o do S\u00e3o Francisco II Ant\u00f4nio Conselheiro marca um avan\u00e7o para a educa\u00e7\u00e3o profissional, no munic\u00edpio do sert\u00e3o baiano. Com um investimento de R$\u00a013,6 milh\u00f5es do Governo do Estado, a unidade de ensino conta com 16 salas de aula, um escrit\u00f3rio criativo, laborat\u00f3rios de enfermagem e inform\u00e1tica, al\u00e9m de um teatro com 200 lugares. O equipamento foi entregue pelo governador Jer\u00f4nimo Rodrigues e amplia as oportunidades de forma\u00e7\u00e3o e qualifica\u00e7\u00e3o profissional para cerca de 900 estudantes locais.<\/p>\n\n\n\n<p>O estudante Tom\u00e1s Almeida acredita que com a nova estrutura fica mais f\u00e1cil acreditar num futuro melhor. \u201cAgora, temos acesso a ambientes mais adequados para aprender e praticar, seja nas salas de aula, nos laborat\u00f3rios ou at\u00e9 mesmo no teatro. Estamos muito gratos com o novo centro, pois isso nos d\u00e1 mais motiva\u00e7\u00e3o e esperan\u00e7a para buscarmos nossos objetivos profissionais\u201d, disse.<\/p>\n\n\n\n<p>O centro ser\u00e1 ampliado e modernizado com a constru\u00e7\u00e3o de um bloco adicional com oito salas de aula e um campo de futebol society com pista de atletismo. Com um investimento de mais de R$&nbsp;12 milh\u00f5es, essa expans\u00e3o proporcionar\u00e1 mais recursos para os estudantes da regi\u00e3o. Ap\u00f3s a conclus\u00e3o, a unidade receber\u00e1 os alunos do Col\u00e9gio Estadual Nossa Senhora Auxiliadora.<\/p>\n\n\n\n<p>De acordo com a Secret\u00e1ria da Educa\u00e7\u00e3o, Ad\u00e9lia Pinheiro, a forma\u00e7\u00e3o profissional \u00e9 um pilar fundamental para oferecer oportunidades concretas de desenvolvimento aos jovens. \u201cAo investirmos em infraestrutura e qualifica\u00e7\u00e3o, estamos capacitando nossa juventude para enfrentar os desafios do mercado de trabalho, contribuindo assim para o crescimento econ\u00f4mico e social de todas as regi\u00f5es da Bahia\u201d, destacou.<\/p>\n\n\n\n<p><strong>Mais educa\u00e7\u00e3o e sa\u00fade<\/strong><\/p>\n\n\n\n<p>Ainda em Uau\u00e1, o governador participou da inaugura\u00e7\u00e3o da escola municipal, localizada no bairro M\u00e3e Rainha, e entregou um \u00f4nibus escolar rural, com o intuito de facilitar o acesso dos alunos da regi\u00e3o \u00e0 educa\u00e7\u00e3o.<\/p>\n\n\n\n<p>\u201c\u00c9 sempre uma alegria trazer uma agenda que contempla benef\u00edcios na \u00e1rea de sa\u00fade, educa\u00e7\u00e3o, infraestrutura para cidades do interior. Contemplamos, hoje, n\u00e3o s\u00f3 a sede de Uua\u00e1, mas os povoados distritos, comunidades quilombolas e isso, mostra nosso compromisso com o povo dessa regi\u00e3o\u201d, afirmou o governador.<\/p>\n\n\n\n<p>Na \u00e1rea da sa\u00fade, uma Unidade B\u00e1sica de Sa\u00fade (UBS) foi inaugurada no Bairro M\u00e3e Rainha,al\u00e9m da entrega de uma ambul\u00e2ncia, refor\u00e7ando o compromisso em garantir atendimento de qualidade para a popula\u00e7\u00e3o local.<\/p>\n\n\n\n<p><strong>Outras a\u00e7\u00f5es<\/strong><\/p>\n\n\n\n<p>Outro destaque, foi a entrega de 87 t\u00edtulos de terra do projeto \u2018Bahia Mais Forte Terra Legal\u2019, oferecendo seguran\u00e7a jur\u00eddica aos propriet\u00e1rios e impulsionando o desenvolvimento agr\u00edcola na regi\u00e3o. Al\u00e9m disso, foram distribu\u00eddos Certificados de Reconhecimento de Comunidades de Fundo e Fecho de Pasto, refor\u00e7ando a import\u00e2ncia dessas comunidades para a cultura e economia local.<\/p>\n\n\n\n<p>Para refor\u00e7ar a infraestrutura, uma ordem de servi\u00e7o foi assinada pelo governador para a constru\u00e7\u00e3o de uma ponte sobre o Rio Vaza Barris, no trecho que liga Uau\u00e1 \u00e0 BA-120, dando mais segurando e facilitando o acesso na regi\u00e3o.<\/p>\n\n\n\n<p>Ainda foram autorizados processos licitat\u00f3rios para a pavimenta\u00e7\u00e3o em trechos de acesso, incluindo o acesso ao Povoado de Caldeir\u00e3o da Serra, no Distrito de Serra da Canabrava, e ao novo Centro Territorial de Educa\u00e7\u00e3o Profissional do Sert\u00e3o do S\u00e3o Francisco II Ant\u00f4nio Conselheiro. Tamb\u00e9m foi autorizada a amplia\u00e7\u00e3o do Sistema Integrado de Abastecimento de \u00c1gua de Uau\u00e1, demonstrando o compromisso em melhorar a qualidade de vida dos moradores locais.<\/p>\n\n\n\n<p>Outras iniciativas inclu\u00edram a pavimenta\u00e7\u00e3o em paralelep\u00edpedo em ruas do munic\u00edpio, a implanta\u00e7\u00e3o do Projeto Conecta Bahia, que ir\u00e1 implantar redes de internet gratuitas nas pra\u00e7as Da S\u00e9 e S\u00e3o Jo\u00e3o Batista, na sede, al\u00e9m de um Sistema Simplificado de Abastecimento de \u00c1gua no Assentamento S\u00e3o Bento.<\/p>\n\n\n\n<p>ivansilvanoticia<\/p>\n","protected":false},"excerpt":{"rendered":"<p>Inaugurada na manh\u00e3 do \u00faltimo s\u00e1bado (9) em Uau\u00e1, a nova sede do Centro Territorial do Sert\u00e3o do S\u00e3o Francisco II Ant\u00f4nio Conselheiro marca um avan\u00e7o para a educa\u00e7\u00e3o profissional, no munic\u00edpio do sert\u00e3o baiano. Com um investimento de R$\u00a013,6 milh\u00f5es do Governo do Estado, a unidade de ensino conta com 16 salas de aula, [&hellip;]<\/p>\n","protected":false},"author":2,"featured_media":9195,"comment_status":"open","ping_status":"open","sticky":false,"template":"","format":"standard","meta":{"_jetpack_memberships_contains_paid_content":false,"footnotes":""},"categories":[3],"tags":[],"class_list":["post-9194","post","type-post","status-publish","format-standard","has-post-thumbnail","hentry","category-regional"],"aioseo_notices":[],"jetpack_featured_media_url":"https:\/\/i0.wp.com\/minutobahia24h.com.br\/wp-content\/uploads\/2024\/03\/Sem-titulo-114.jpg?fit=700%2C500&ssl=1","jetpack_sharing_enabled":true,"_links":{"self":[{"href":"https:\/\/minutobahia24h.com.br\/index.php?rest_route=\/wp\/v2\/posts\/9194","targetHints":{"allow":["GET"]}}],"collection":[{"href":"https:\/\/minutobahia24h.com.br\/index.php?rest_route=\/wp\/v2\/posts"}],"about":[{"href":"https:\/\/minutobahia24h.com.br\/index.php?rest_route=\/wp\/v2\/types\/post"}],"author":[{"embeddable":true,"href":"https:\/\/minutobahia24h.com.br\/index.php?rest_route=\/wp\/v2\/users\/2"}],"replies":[{"embeddable":true,"href":"https:\/\/minutobahia24h.com.br\/index.php?rest_route=%2Fwp%2Fv2%2Fcomments&post=9194"}],"version-history":[{"count":1,"href":"https:\/\/minutobahia24h.com.br\/index.php?rest_route=\/wp\/v2\/posts\/9194\/revisions"}],"predecessor-version":[{"id":9196,"href":"https:\/\/minutobahia24h.com.br\/index.php?rest_route=\/wp\/v2\/posts\/9194\/revisions\/9196"}],"wp:featuredmedia":[{"embeddable":true,"href":"https:\/\/minutobahia24h.com.br\/index.php?rest_route=\/wp\/v2\/media\/9195"}],"wp:attachment":[{"href":"https:\/\/minutobahia24h.com.br\/index.php?rest_route=%2Fwp%2Fv2%2Fmedia&parent=9194"}],"wp:term":[{"taxonomy":"category","embeddable":true,"href":"https:\/\/minutobahia24h.com.br\/index.php?rest_route=%2Fwp%2Fv2%2Fcategories&post=9194"},{"taxonomy":"post_tag","embeddable":true,"href":"https:\/\/minutobahia24h.com.br\/index.php?rest_route=%2Fwp%2Fv2%2Ftags&post=9194"}],"curies":[{"name":"wp","href":"https:\/\/api.w.org\/{rel}","templated":true}]}}