{"id":9103,"date":"2024-03-08T07:40:20","date_gmt":"2024-03-08T10:40:20","guid":{"rendered":"https:\/\/minutobahia24h.com.br\/?p=9103"},"modified":"2024-03-08T07:40:22","modified_gmt":"2024-03-08T10:40:22","slug":"sessao-ordinaria-da-camara-municipal-de-senhor-do-bonfim","status":"publish","type":"post","link":"https:\/\/minutobahia24h.com.br\/?p=9103","title":{"rendered":"Sess\u00e3o ordin\u00e1ria da C\u00e2mara Municipal de Senhor do Bonfim"},"content":{"rendered":"<div class=\"wp-block-image\">\n<figure class=\"aligncenter size-full\"><img data-recalc-dims=\"1\" fetchpriority=\"high\" decoding=\"async\" width=\"696\" height=\"522\" src=\"https:\/\/i0.wp.com\/minutobahia24h.com.br\/wp-content\/uploads\/2024\/03\/Sem-titulo-91.jpg?resize=696%2C522&#038;ssl=1\" alt=\"\" class=\"wp-image-9104\" srcset=\"https:\/\/i0.wp.com\/minutobahia24h.com.br\/wp-content\/uploads\/2024\/03\/Sem-titulo-91.jpg?w=696&amp;ssl=1 696w, https:\/\/i0.wp.com\/minutobahia24h.com.br\/wp-content\/uploads\/2024\/03\/Sem-titulo-91.jpg?resize=300%2C225&amp;ssl=1 300w\" sizes=\"(max-width: 696px) 100vw, 696px\" \/><\/figure>\n<\/div>\n\n\n<h1 class=\"wp-block-heading\"><em>Nesta quinta-feira, dia 07, aconteceu Sess\u00e3o ordin\u00e1ria da C\u00e2mara Municipal de Senhor do Bonfim, presidida pelo seu presidente vereador Idailton Galeguinho.<\/em><\/h1>\n\n\n\n<h1 class=\"wp-block-heading\"><em>&nbsp;<\/em><\/h1>\n\n\n\n<h1 class=\"wp-block-heading\">EXPEDIENTE<\/h1>\n\n\n\n<ul class=\"wp-block-list\">\n<li><strong>Projeto de Lei do Executivo n\u00ba 007\/2024,&nbsp;<\/strong>que \u201c<em>Altera as Leis Municipais nos. 1.624\/2022, 1.717\/2023 e 1.374\/2016 e d\u00e1 outras provid\u00eancias<\/em>\u201d;<strong>&nbsp;Aprovado por 7\u00d72.<\/strong><\/li>\n\n\n\n<li><strong>Requerimento n\u00ba 005\/2024,&nbsp;<\/strong>de autoria do vereador Idailton Jarle Santiago do Nascimento, que requer dispensa dos pareceres necess\u00e1rios para o Projeto de Lei do Executivo n\u00ba 007\/2024;<strong>&nbsp;Aprovado por unanimidade.<\/strong><\/li>\n\n\n\n<li><strong>Indica\u00e7\u00e3o n\u00ba 001\/2024,&nbsp;<\/strong>oriunda do gabinete do vereador Reinaldo Ferreira Santana, que indica a&nbsp;<em>\u201creposi\u00e7\u00e3o das l\u00e2mpadas para a recupera\u00e7\u00e3o da ilumina\u00e7\u00e3o p\u00fablica em torno da BA 131, no distrito de Miss\u00e3o do Sahy\u201d;<\/em><\/li>\n\n\n\n<li><strong>Indica\u00e7\u00e3o n\u00ba 003\/2024,&nbsp;<\/strong>oriunda do gabinete do vereador Gilson Ernesto Leite Rodrigues, que indica a&nbsp;<em>\u201ccria\u00e7\u00e3o de uma parada de \u00f4nibus, no povoado de Lagoa Velha\u201d;<\/em><\/li>\n\n\n\n<li><strong>Indica\u00e7\u00e3o n\u00ba 004\/2024,&nbsp;<\/strong>oriunda do gabinete do vereador Gilson Ernesto Leite Rodrigues, que indica a&nbsp;<em>\u201cpavimenta\u00e7\u00e3o na Avenida Jos\u00e9 Odilon, distrito de Igara\u201d;<\/em><\/li>\n\n\n\n<li><strong>Indica\u00e7\u00e3o n\u00ba 005\/2024,&nbsp;<\/strong>oriunda do gabinete do vereador Gilson Ernesto Leite Rodrigues, que indica&nbsp;<em>\u201cp\u00f4r com urg\u00eancia uma placa de informa\u00e7\u00f5es de localidade no povoado de Lagoa Velha, no distrito de Igara\u201d;<\/em><\/li>\n\n\n\n<li><strong>Indica\u00e7\u00e3o n\u00ba 006\/2024,&nbsp;<\/strong>oriunda do gabinete do vereador Gilson Ernesto Leite Rodrigues, que indica a&nbsp;<em>\u201ccria\u00e7\u00e3o de uma farm\u00e1cia de manipula\u00e7\u00e3o municipal\u201d;<\/em><\/li>\n\n\n\n<li><strong>Indica\u00e7\u00e3o n\u00ba 007\/2024,&nbsp;<\/strong>oriunda do gabinete do vereador Gilson Ernesto Leite Rodrigues, que indica o&nbsp;<em>\u201casfaltamento no centro do distrito de Quic\u00e9\u201d;<\/em><\/li>\n\n\n\n<li><strong>Indica\u00e7\u00e3o n\u00ba 008\/2024,&nbsp;<\/strong>oriunda do gabinete do vereador Gilson Ernesto Leite Rodrigues, que indica o&nbsp;<em>\u201cpatrolamento na estrada do Barro, na cidade de Senhor do Bonfim\u201d;<\/em><\/li>\n\n\n\n<li><strong>Indica\u00e7\u00e3o n\u00ba 009\/2024,&nbsp;<\/strong>oriunda do gabinete do vereador Gilson Ernesto Leite Rodrigues, que indica&nbsp;<em>\u201cuma rotat\u00f3ria entre a Rua Bar\u00e3o do Cotegipe e a Avenida da Agricultura\u201d.<\/em><\/li>\n<\/ul>\n\n\n\n<h1 class=\"wp-block-heading\">ORDEM DO DIA<\/h1>\n\n\n\n<ul class=\"wp-block-list\">\n<li><strong>Requerimento n\u00ba 005\/2024,&nbsp;<\/strong>de autoria do vereador Idailton Jarle Santiago do Nascimento, que requer dispensa dos pareceres necess\u00e1rios para o Projeto de Lei do Executivo n\u00ba 007\/2024;<\/li>\n\n\n\n<li><strong>Projeto de Lei do Executivo n\u00ba 007\/2024,&nbsp;<\/strong>que \u201c<em>Altera as Leis Municipais nos. 1.624\/2022, 1.717\/2023 e 1.374\/2016 e d\u00e1 outras provid\u00eancias<\/em>\u201d.<\/li>\n<\/ul>\n\n\n\n<p><strong><u>ORDEM DAS BANCADAS:<\/u><\/strong><\/p>\n\n\n\n<p><strong><em>Vereadora L\u00facia Cristina Cerqueira, do PT,<\/em><\/strong>&nbsp;em sua fala na tribuna da C\u00e2mara, fez um balan\u00e7o de sua viagem a Salvador os bons resultados obtidos na SEINFRA, na companhia do deputado estadual Bob\u00f4 e dos ex- prefeito Carlos Brasileiro, a anunciou breve a pavimenta\u00e7\u00e3o em passagem velha.<\/p>\n\n\n\n<p>Falou ainda do PPA alimentos, que acontecer\u00e1 no pr\u00f3ximo s\u00e1bado em nosso munic\u00edpio.<\/p>\n\n\n\n<p>Informou que o deputado Valmir Assun\u00e7\u00e3o destinou 1 milh\u00e3o de reais para pavimenta\u00e7\u00e3o em nosso munic\u00edpio.<\/p>\n\n\n\n<p>L\u00facia enalteceu a garra e o valor das mulheres, que ter\u00e3o seu dia celebrado nesta sexta-feira, dia 08.<\/p>\n\n\n\n<p><strong><em>O Vereador Quinho de Carrapichel do PCdoB<\/em><\/strong>, falou das dificuldades das conquistas junto ao governo municipal, m\u00e1s tem muito a comemorar com as parcerias dos deputados e governo do estado.<\/p>\n\n\n\n<p>Fez um convite a todos sobre a copa da manga, que ser\u00e1 realizando no distrito de carrapichel.<\/p>\n\n\n\n<p>Comemorou a conquista de extens\u00e3o de redes em nosso munic\u00edpio em uma parceria com o deputado estadual Bob\u00f4 do PCdoB.<\/p>\n\n\n\n<p>Anunciou que o mais breve poss\u00edvel, ser\u00e3o anunciado investimentos para o distrito de Carapichel, como a agro ind\u00fastria de barroca do faleiro e canavieiras, que teve todos os equipamentos j\u00e1 adquiridos.<\/p>\n\n\n\n<p>Falou dos investimentos feitos no po\u00e7o artesiano da localidade de Mam\u00e3o e finalizou parabenizando todas as mulher4s do brasil pela passagem do seu dia, nesta sexta-feira, dia 08.<\/p>\n\n\n\n<p><strong><em>Cleito Vieira Pinto do PCdo B<\/em><\/strong>, no in\u00edcio de sua fala, concedeu um aparte a vereadora Socorro do Pele, que fez uma breve mensagem para todas as mulheres e disse que todas estavam bem representadas por ela e pela colega L\u00facia Cerqueira.<\/p>\n\n\n\n<p>Quanto o an\u00fancio da pavimenta\u00e7\u00e3o de Passagem velha, pela vereadora L\u00facia Cerqueira, Cleito, disse que j\u00e1 ouve muitas mentiras nessa informa\u00e7\u00e3o e que ficava muito feliz com o finalmente cumprimento desta velha promessa do governo do estado.<\/p>\n\n\n\n<p><strong><em>Eliseu dos Temperos<\/em><\/strong>; Enalteceu o valor das mulheres pela passagem do seu dia nesta sexta-feira, dia 08.<\/p>\n\n\n\n<p><strong><em>Biro-Biro<\/em><\/strong>, finalizou sua fala, dizendo que o lugar da mulher \u00e9 onde ela quiser, parabenizou todas a mulheres incluindo esposa e filhas.<\/p>\n\n\n\n<p>clebervieiranews<\/p>\n","protected":false},"excerpt":{"rendered":"<p>Nesta quinta-feira, dia 07, aconteceu Sess\u00e3o ordin\u00e1ria da C\u00e2mara Municipal de Senhor do Bonfim, presidida pelo seu presidente vereador Idailton Galeguinho. &nbsp; EXPEDIENTE ORDEM DO DIA ORDEM DAS BANCADAS: Vereadora L\u00facia Cristina Cerqueira, do PT,&nbsp;em sua fala na tribuna da C\u00e2mara, fez um balan\u00e7o de sua viagem a Salvador os bons resultados obtidos na SEINFRA, [&hellip;]<\/p>\n","protected":false},"author":2,"featured_media":9104,"comment_status":"open","ping_status":"open","sticky":false,"template":"","format":"standard","meta":{"_jetpack_memberships_contains_paid_content":false,"footnotes":""},"categories":[17],"tags":[],"class_list":["post-9103","post","type-post","status-publish","format-standard","has-post-thumbnail","hentry","category-senhor-do-bonfim"],"aioseo_notices":[],"jetpack_featured_media_url":"https:\/\/i0.wp.com\/minutobahia24h.com.br\/wp-content\/uploads\/2024\/03\/Sem-titulo-91.jpg?fit=696%2C522&ssl=1","jetpack_sharing_enabled":true,"_links":{"self":[{"href":"https:\/\/minutobahia24h.com.br\/index.php?rest_route=\/wp\/v2\/posts\/9103","targetHints":{"allow":["GET"]}}],"collection":[{"href":"https:\/\/minutobahia24h.com.br\/index.php?rest_route=\/wp\/v2\/posts"}],"about":[{"href":"https:\/\/minutobahia24h.com.br\/index.php?rest_route=\/wp\/v2\/types\/post"}],"author":[{"embeddable":true,"href":"https:\/\/minutobahia24h.com.br\/index.php?rest_route=\/wp\/v2\/users\/2"}],"replies":[{"embeddable":true,"href":"https:\/\/minutobahia24h.com.br\/index.php?rest_route=%2Fwp%2Fv2%2Fcomments&post=9103"}],"version-history":[{"count":1,"href":"https:\/\/minutobahia24h.com.br\/index.php?rest_route=\/wp\/v2\/posts\/9103\/revisions"}],"predecessor-version":[{"id":9105,"href":"https:\/\/minutobahia24h.com.br\/index.php?rest_route=\/wp\/v2\/posts\/9103\/revisions\/9105"}],"wp:featuredmedia":[{"embeddable":true,"href":"https:\/\/minutobahia24h.com.br\/index.php?rest_route=\/wp\/v2\/media\/9104"}],"wp:attachment":[{"href":"https:\/\/minutobahia24h.com.br\/index.php?rest_route=%2Fwp%2Fv2%2Fmedia&parent=9103"}],"wp:term":[{"taxonomy":"category","embeddable":true,"href":"https:\/\/minutobahia24h.com.br\/index.php?rest_route=%2Fwp%2Fv2%2Fcategories&post=9103"},{"taxonomy":"post_tag","embeddable":true,"href":"https:\/\/minutobahia24h.com.br\/index.php?rest_route=%2Fwp%2Fv2%2Ftags&post=9103"}],"curies":[{"name":"wp","href":"https:\/\/api.w.org\/{rel}","templated":true}]}}