{"id":8675,"date":"2024-02-27T07:41:16","date_gmt":"2024-02-27T10:41:16","guid":{"rendered":"https:\/\/minutobahia24h.com.br\/?p=8675"},"modified":"2024-02-27T07:41:18","modified_gmt":"2024-02-27T10:41:18","slug":"brasil-nao-tem-como-custear-passagens-aereas-a-r-200-para-todos-diz-ministro","status":"publish","type":"post","link":"https:\/\/minutobahia24h.com.br\/?p=8675","title":{"rendered":"Brasil n\u00e3o tem como custear passagens a\u00e9reas a R$ 200 para todos, diz ministro"},"content":{"rendered":"<div class=\"wp-block-image\">\n<figure class=\"aligncenter size-full\"><img data-recalc-dims=\"1\" fetchpriority=\"high\" decoding=\"async\" width=\"600\" height=\"420\" src=\"https:\/\/i0.wp.com\/minutobahia24h.com.br\/wp-content\/uploads\/2024\/02\/Sem-titulo-282.jpg?resize=600%2C420&#038;ssl=1\" alt=\"\" class=\"wp-image-8676\" srcset=\"https:\/\/i0.wp.com\/minutobahia24h.com.br\/wp-content\/uploads\/2024\/02\/Sem-titulo-282.jpg?w=600&amp;ssl=1 600w, https:\/\/i0.wp.com\/minutobahia24h.com.br\/wp-content\/uploads\/2024\/02\/Sem-titulo-282.jpg?resize=300%2C210&amp;ssl=1 300w\" sizes=\"(max-width: 600px) 100vw, 600px\" \/><figcaption class=\"wp-element-caption\">Foto: Najara Ara\u00fajo\/C\u00e2mara dos Deputados<br><\/figcaption><\/figure>\n<\/div>\n\n\n<p>O ministro de Portos e Aeroportos, Silvio Costa Filho, prestou alguns esclarecimentos sobre o programa Voa Brasil, que prev\u00ea passagens a\u00e9reas de at\u00e9 R$ 200. Segundo ele, as pessoas est\u00e3o confusas com rela\u00e7\u00e3o ao p\u00fablico que ser\u00e1 atendido pela iniciativa.<\/p>\n\n\n\n<p>Ele fez quest\u00e3o de refor\u00e7ar que desde o in\u00edcio o programa foi focado em um segmento espec\u00edfico: aposentados e estudantes benefici\u00e1rios do Programa Universidade para Todos (ProUni). \u201cNo Brasil, n\u00f3s n\u00e3o ter\u00edamos condi\u00e7\u00f5es de, do dia para noite, ofertar passagens a R$ 200 (para todos)\u201d, afirmou a jornalistas ap\u00f3s evento realizado na B3, em S\u00e3o Paulo.<\/p>\n\n\n\n<p>A proposta do Voa Brasil foi anunciada em mar\u00e7o do ano passado. Segundo Costa Filho, Fran\u00e7a fez uma \u201cfala truncada\u201d quando anunciou o programa e deu a entender que o benef\u00edcio poderia alcan\u00e7ar toda a popula\u00e7\u00e3o. \u201cEle colocou que seriam passagens a R$ 200 para o povo brasileiro. E quando vamos analisar o que estava sendo constru\u00eddo, n\u00e3o dialoga com os fatos\u201d, diz Costa Filho.<\/p>\n\n\n\n<p>A ideia original, que est\u00e1 mantida, \u00e9 oferecer passagens em \u201cper\u00edodos de ociosidade\u201d, tamb\u00e9m conhecidos como baixa temporada, para aposentados que n\u00e3o tenham viajado nos \u00faltimos 12 meses e alunos benefici\u00e1rios do ProUni. A promessa atual, ap\u00f3s diversos adiamentos, \u00e9 a de que o programa seja oficializado na primeira quinzena do pr\u00f3ximo m\u00eas.<\/p>\n\n\n\n<p><strong>Demais p\u00fablicos<\/strong>\u00a0\u2013 J\u00e1 para o barateamento das passagens para o restante da popula\u00e7\u00e3o, a aposta segue sendo a constru\u00e7\u00e3o de um pacote de medidas entre as companhias a\u00e9reas e o governo federal. Entre as medidas est\u00e1 a abertura de linhas de cr\u00e9dito, que dependem de um projeto de fundo garantidor. Segundo Costa Filho, a defini\u00e7\u00e3o desse fundo est\u00e1 sendo discutida e deve ser definida no pr\u00f3ximo m\u00eas.<\/p>\n\n\n\n<p>Bahia.ba<\/p>\n","protected":false},"excerpt":{"rendered":"<p>O ministro de Portos e Aeroportos, Silvio Costa Filho, prestou alguns esclarecimentos sobre o programa Voa Brasil, que prev\u00ea passagens a\u00e9reas de at\u00e9 R$ 200. Segundo ele, as pessoas est\u00e3o confusas com rela\u00e7\u00e3o ao p\u00fablico que ser\u00e1 atendido pela iniciativa. Ele fez quest\u00e3o de refor\u00e7ar que desde o in\u00edcio o programa foi focado em um [&hellip;]<\/p>\n","protected":false},"author":2,"featured_media":8676,"comment_status":"open","ping_status":"open","sticky":false,"template":"","format":"standard","meta":{"_jetpack_memberships_contains_paid_content":false,"footnotes":""},"categories":[2],"tags":[],"class_list":["post-8675","post","type-post","status-publish","format-standard","has-post-thumbnail","hentry","category-nacional"],"aioseo_notices":[],"jetpack_featured_media_url":"https:\/\/i0.wp.com\/minutobahia24h.com.br\/wp-content\/uploads\/2024\/02\/Sem-titulo-282.jpg?fit=600%2C420&ssl=1","jetpack_sharing_enabled":true,"_links":{"self":[{"href":"https:\/\/minutobahia24h.com.br\/index.php?rest_route=\/wp\/v2\/posts\/8675","targetHints":{"allow":["GET"]}}],"collection":[{"href":"https:\/\/minutobahia24h.com.br\/index.php?rest_route=\/wp\/v2\/posts"}],"about":[{"href":"https:\/\/minutobahia24h.com.br\/index.php?rest_route=\/wp\/v2\/types\/post"}],"author":[{"embeddable":true,"href":"https:\/\/minutobahia24h.com.br\/index.php?rest_route=\/wp\/v2\/users\/2"}],"replies":[{"embeddable":true,"href":"https:\/\/minutobahia24h.com.br\/index.php?rest_route=%2Fwp%2Fv2%2Fcomments&post=8675"}],"version-history":[{"count":1,"href":"https:\/\/minutobahia24h.com.br\/index.php?rest_route=\/wp\/v2\/posts\/8675\/revisions"}],"predecessor-version":[{"id":8677,"href":"https:\/\/minutobahia24h.com.br\/index.php?rest_route=\/wp\/v2\/posts\/8675\/revisions\/8677"}],"wp:featuredmedia":[{"embeddable":true,"href":"https:\/\/minutobahia24h.com.br\/index.php?rest_route=\/wp\/v2\/media\/8676"}],"wp:attachment":[{"href":"https:\/\/minutobahia24h.com.br\/index.php?rest_route=%2Fwp%2Fv2%2Fmedia&parent=8675"}],"wp:term":[{"taxonomy":"category","embeddable":true,"href":"https:\/\/minutobahia24h.com.br\/index.php?rest_route=%2Fwp%2Fv2%2Fcategories&post=8675"},{"taxonomy":"post_tag","embeddable":true,"href":"https:\/\/minutobahia24h.com.br\/index.php?rest_route=%2Fwp%2Fv2%2Ftags&post=8675"}],"curies":[{"name":"wp","href":"https:\/\/api.w.org\/{rel}","templated":true}]}}