{"id":8669,"date":"2024-02-27T07:38:29","date_gmt":"2024-02-27T10:38:29","guid":{"rendered":"https:\/\/minutobahia24h.com.br\/?p=8669"},"modified":"2024-02-27T07:38:30","modified_gmt":"2024-02-27T10:38:30","slug":"primeiro-voto-de-dino-no-stf-e-sobre-repercussao-geral-na-uberizacao","status":"publish","type":"post","link":"https:\/\/minutobahia24h.com.br\/?p=8669","title":{"rendered":"Primeiro voto de Dino no STF \u00e9 sobre repercuss\u00e3o geral na \u2018uberiza\u00e7\u00e3o\u2019"},"content":{"rendered":"<div class=\"wp-block-image\">\n<figure class=\"aligncenter size-full\"><img data-recalc-dims=\"1\" fetchpriority=\"high\" decoding=\"async\" width=\"600\" height=\"420\" src=\"https:\/\/i0.wp.com\/minutobahia24h.com.br\/wp-content\/uploads\/2024\/02\/Sem-titulo-280.jpg?resize=600%2C420&#038;ssl=1\" alt=\"\" class=\"wp-image-8670\" srcset=\"https:\/\/i0.wp.com\/minutobahia24h.com.br\/wp-content\/uploads\/2024\/02\/Sem-titulo-280.jpg?w=600&amp;ssl=1 600w, https:\/\/i0.wp.com\/minutobahia24h.com.br\/wp-content\/uploads\/2024\/02\/Sem-titulo-280.jpg?resize=300%2C210&amp;ssl=1 300w\" sizes=\"(max-width: 600px) 100vw, 600px\" \/><figcaption class=\"wp-element-caption\">Foto: Ag\u00eancia Brasil<br><\/figcaption><\/figure>\n<\/div>\n\n\n<p>O ministro do Supremo Tribunal Federal (STF) Fl\u00e1vio Dino proferiu nesta segunda-feira (26) o primeiro voto na Corte ap\u00f3s a posse no cargo, ocorrida na semana passada. Em sua primeira manifesta\u00e7\u00e3o no STF, Dino se manifestou a favor da unifica\u00e7\u00e3o nacional do entendimento sobre o v\u00ednculo de emprego entre motoristas de aplicativo e a plataforma Uber.<\/p>\n\n\n\n<p>Com o voto de Dino, o Supremo tem placar de 2 votos a 0 a favor do reconhecimento da chamada repercuss\u00e3o geral, mecanismo que obriga todo o Judici\u00e1rio a seguir o entendimento do STF ap\u00f3s o julgamento de uma causa. O julgamento ocorre no plen\u00e1rio virtual e ser\u00e1 encerrado no dia 1\u00b0 de mar\u00e7o.<\/p>\n\n\n\n<p>Ap\u00f3s decidir sobre o reconhecimento da repercuss\u00e3o geral, o Supremo vai marcar novo julgamento para decidir definitivamente sobre a validade do v\u00ednculo de emprego dos motoristas com os aplicativos.<\/p>\n\n\n\n<p>Atualmente, grande parte das decis\u00f5es da Justi\u00e7a do Trabalho reconhecem v\u00ednculo empregat\u00edcio, mas o Supremo possui decis\u00f5es contr\u00e1rias. Em dezembro do ano passado, a Primeira Turma da Corte entendeu que n\u00e3o h\u00e1 v\u00ednculo com as plataformas. O mesmo entendimento j\u00e1 foi tomado pelo plen\u00e1rio em decis\u00f5es v\u00e1lidas para casos concretos.<\/p>\n\n\n\n<p>De acordo com o voto proferido pelo relator da quest\u00e3o, ministro Edson Fachin, \u00e9 necess\u00e1ria uma decis\u00e3o definitiva do Supremo sobre a uberiza\u00e7\u00e3o. No posicionamento divulgado na semana passada, cerca de 10 mil a\u00e7\u00f5es no pa\u00eds tratam do tema.<\/p>\n\n\n\n<p>\u201cAs disparidades de posicionamentos, ao inv\u00e9s de proporcionar seguran\u00e7a e orienta\u00e7\u00e3o, agravam as incertezas e dificultam a constru\u00e7\u00e3o de um arcabou\u00e7o jur\u00eddico est\u00e1vel e capaz de oferecer diretrizes un\u00edvocas para as cidad\u00e3s e cidad\u00e3os brasileiros\u201d, afirmou o ministro.<\/p>\n\n\n\n<p>Bahia.ba<\/p>\n","protected":false},"excerpt":{"rendered":"<p>O ministro do Supremo Tribunal Federal (STF) Fl\u00e1vio Dino proferiu nesta segunda-feira (26) o primeiro voto na Corte ap\u00f3s a posse no cargo, ocorrida na semana passada. Em sua primeira manifesta\u00e7\u00e3o no STF, Dino se manifestou a favor da unifica\u00e7\u00e3o nacional do entendimento sobre o v\u00ednculo de emprego entre motoristas de aplicativo e a plataforma [&hellip;]<\/p>\n","protected":false},"author":2,"featured_media":8670,"comment_status":"open","ping_status":"open","sticky":false,"template":"","format":"standard","meta":{"_jetpack_memberships_contains_paid_content":false,"footnotes":""},"categories":[39],"tags":[],"class_list":["post-8669","post","type-post","status-publish","format-standard","has-post-thumbnail","hentry","category-politica"],"aioseo_notices":[],"jetpack_featured_media_url":"https:\/\/i0.wp.com\/minutobahia24h.com.br\/wp-content\/uploads\/2024\/02\/Sem-titulo-280.jpg?fit=600%2C420&ssl=1","jetpack_sharing_enabled":true,"_links":{"self":[{"href":"https:\/\/minutobahia24h.com.br\/index.php?rest_route=\/wp\/v2\/posts\/8669","targetHints":{"allow":["GET"]}}],"collection":[{"href":"https:\/\/minutobahia24h.com.br\/index.php?rest_route=\/wp\/v2\/posts"}],"about":[{"href":"https:\/\/minutobahia24h.com.br\/index.php?rest_route=\/wp\/v2\/types\/post"}],"author":[{"embeddable":true,"href":"https:\/\/minutobahia24h.com.br\/index.php?rest_route=\/wp\/v2\/users\/2"}],"replies":[{"embeddable":true,"href":"https:\/\/minutobahia24h.com.br\/index.php?rest_route=%2Fwp%2Fv2%2Fcomments&post=8669"}],"version-history":[{"count":1,"href":"https:\/\/minutobahia24h.com.br\/index.php?rest_route=\/wp\/v2\/posts\/8669\/revisions"}],"predecessor-version":[{"id":8671,"href":"https:\/\/minutobahia24h.com.br\/index.php?rest_route=\/wp\/v2\/posts\/8669\/revisions\/8671"}],"wp:featuredmedia":[{"embeddable":true,"href":"https:\/\/minutobahia24h.com.br\/index.php?rest_route=\/wp\/v2\/media\/8670"}],"wp:attachment":[{"href":"https:\/\/minutobahia24h.com.br\/index.php?rest_route=%2Fwp%2Fv2%2Fmedia&parent=8669"}],"wp:term":[{"taxonomy":"category","embeddable":true,"href":"https:\/\/minutobahia24h.com.br\/index.php?rest_route=%2Fwp%2Fv2%2Fcategories&post=8669"},{"taxonomy":"post_tag","embeddable":true,"href":"https:\/\/minutobahia24h.com.br\/index.php?rest_route=%2Fwp%2Fv2%2Ftags&post=8669"}],"curies":[{"name":"wp","href":"https:\/\/api.w.org\/{rel}","templated":true}]}}