{"id":8663,"date":"2024-02-27T07:35:27","date_gmt":"2024-02-27T10:35:27","guid":{"rendered":"https:\/\/minutobahia24h.com.br\/?p=8663"},"modified":"2024-02-27T07:35:28","modified_gmt":"2024-02-27T10:35:28","slug":"planalto-busca-desviar-foco-mas-avalia-que-bolsonaro-mostrou-forca-ao-mobilizar-aliados","status":"publish","type":"post","link":"https:\/\/minutobahia24h.com.br\/?p=8663","title":{"rendered":"Planalto busca desviar foco, mas avalia que Bolsonaro mostrou for\u00e7a ao mobilizar aliados"},"content":{"rendered":"<div class=\"wp-block-image\">\n<figure class=\"aligncenter size-large\"><img data-recalc-dims=\"1\" fetchpriority=\"high\" decoding=\"async\" width=\"800\" height=\"420\" src=\"https:\/\/i0.wp.com\/minutobahia24h.com.br\/wp-content\/uploads\/2024\/02\/Sem-titulo-278-1024x538.jpg?resize=800%2C420&#038;ssl=1\" alt=\"\" class=\"wp-image-8664\" srcset=\"https:\/\/i0.wp.com\/minutobahia24h.com.br\/wp-content\/uploads\/2024\/02\/Sem-titulo-278.jpg?resize=1024%2C538&amp;ssl=1 1024w, https:\/\/i0.wp.com\/minutobahia24h.com.br\/wp-content\/uploads\/2024\/02\/Sem-titulo-278.jpg?resize=300%2C158&amp;ssl=1 300w, https:\/\/i0.wp.com\/minutobahia24h.com.br\/wp-content\/uploads\/2024\/02\/Sem-titulo-278.jpg?resize=768%2C403&amp;ssl=1 768w, https:\/\/i0.wp.com\/minutobahia24h.com.br\/wp-content\/uploads\/2024\/02\/Sem-titulo-278.jpg?resize=750%2C394&amp;ssl=1 750w, https:\/\/i0.wp.com\/minutobahia24h.com.br\/wp-content\/uploads\/2024\/02\/Sem-titulo-278.jpg?resize=1140%2C599&amp;ssl=1 1140w, https:\/\/i0.wp.com\/minutobahia24h.com.br\/wp-content\/uploads\/2024\/02\/Sem-titulo-278.jpg?w=1200&amp;ssl=1 1200w\" sizes=\"(max-width: 800px) 100vw, 800px\" \/><figcaption class=\"wp-element-caption\">Fotos: Josenildo Moreira, de S\u00e3o Paulo \/ Bahia Not\u00edcias<br><\/figcaption><\/figure>\n<\/div>\n\n\n<p>Integrantes do governo Lula (PT) reconhecem nos bastidores que Jair Bolsonaro (PL) surpreendeu ao mobilizar aliados, como governadores e prefeitos, durante o ato que reuniu milhares de pessoas na avenida Paulista, em S\u00e3o Paulo. Alguns auxiliares de Lula afirmam terem ficado surpresos com a presen\u00e7a de pol\u00edticos que vinham apresentando sinais de modera\u00e7\u00e3o ou que vinham mantendo um canal de di\u00e1logo com o Pal\u00e1cio do Planalto.<\/p>\n\n\n\n<p>Diante desse diagn\u00f3stico, a equipe de Lula adotou a estrat\u00e9gia de ignorar ou pelo menos minimizar os impactos da manifesta\u00e7\u00e3o. Nesta segunda-feira (26), um dia ap\u00f3s o ato na capital paulista, integrantes do governo Lula desviaram do tema. A inten\u00e7\u00e3o \u00e9 n\u00e3o dar mais visibilidade para a manifesta\u00e7\u00e3o bolsonarista.<\/p>\n\n\n\n<p>O presidente Lula evitou responder uma pergunta de jornalista sobre o assunto. J\u00e1 o ministro Paulo Pimenta (Secretaria de Comunica\u00e7\u00e3o Social da Presid\u00eancia) buscou minimizar a situa\u00e7\u00e3o, afirmando que esteve mais preocupado com a rodada do futebol no domingo do que com o protesto.<\/p>\n\n\n\n<p>&#8220;S\u00f3 sei que os vermelhos ganharam tudo ontem. O Liverpool ganhou, o Inter ganhou, o Flamengo ganhou. S\u00f3 deu vermelho ontem&#8221;, afirmou.<\/p>\n\n\n\n<p>Rui Costa (Casa Civil) apenas disse que a mobiliza\u00e7\u00e3o esteve aqu\u00e9m do que era esperado pelos organizadores e que grande parte das pessoas que estavam l\u00e1 seguiu o chamado de pastores religiosos. Ele tamb\u00e9m ironizou que a maior surpresa foi um suposto reconhecimento de cometimento de crime por Bolsonaro durante seu discurso.<\/p>\n\n\n\n<p>Interlocutores de Lula dizem que era natural uma rea\u00e7\u00e3o de Jair Bolsonaro diante das investiga\u00e7\u00f5es da Pol\u00edcia Federal. Eles tamb\u00e9m destacam que o ex-presidente ainda det\u00e9m um consider\u00e1vel capital pol\u00edtico. Mas ponderam que desde o in\u00edcio estava claro que essa demonstra\u00e7\u00e3o de for\u00e7a n\u00e3o teria o poder de mudar o curso das apura\u00e7\u00f5es em curso contra o ex-presidente.<\/p>\n\n\n\n<p>Por outro lado, pessoas pr\u00f3ximas a Lula manifestaram contrariedade com alguns integrantes da classe pol\u00edtica que marcaram presen\u00e7a na manifesta\u00e7\u00e3o. A principal preocupa\u00e7\u00e3o foi com lideran\u00e7as pol\u00edticas que eram consideradas, pelo Planalto, mais pragm\u00e1ticas e distantes do bolsonarismo mais ideol\u00f3gico. Um conselheiro do presidente afirmou que alguns &#8220;optaram por estar em um lado&#8221; e esse lado \u00e9 o &#8220;dessa organiza\u00e7\u00e3o criminosa&#8221;.<\/p>\n\n\n\n<p>A fala reflete um sentimento de que havia esperan\u00e7a de que o ato fosse mais esvaziado de nomes pol\u00edticos de peso. Uma das surpresas negativas para a equipe de Lula foi a presen\u00e7a do governador de Goi\u00e1s, Ronaldo Caiado (Uni\u00e3o Brasil), que nos \u00faltimos meses manteve di\u00e1logo com o governo federal para avan\u00e7ar projetos de interesse de seu estado.<\/p>\n\n\n\n<p>Tamb\u00e9m chamou a aten\u00e7\u00e3o a postura de Tarc\u00edsio de Freitas (Republicanos). Por um lado, a sua participa\u00e7\u00e3o era esperada, considerando que ele foi eleito com o apoio de Bolsonaro e a manifesta\u00e7\u00e3o ocorreu em S\u00e3o Paulo. Por outro, auxiliares do petista n\u00e3o contavam com uma posi\u00e7\u00e3o de destaque para Tarc\u00edsio e muito menos um discurso lembrando o &#8220;legado&#8221; de Bolsonaro e com cr\u00edticas indiretas a Lula.<\/p>\n\n\n\n<p>&#8220;Um presidente que sempre respeitou Israel e a luta de seu povo&#8221;, afirmou o governador, numa fala que foi lida como uma estocada em Lula.<\/p>\n\n\n\n<p>O Brasil vive atualmente uma crise diplom\u00e1tica com Israel, ap\u00f3s Lula ter comparado a a\u00e7\u00e3o militar israelense na Faixa de Gaza com o Holocausto.<\/p>\n\n\n\n<p>Al\u00e9m de Tarc\u00edsio e Caiado, participaram os governadores de Minas Gerais, Romeu Zema (Novo), e de Santa Catarina, Jorginho Mello (PL), al\u00e9m da vice-governadora do Distrito Federal, Celina Le\u00e3o (PP). Outro participante foi o prefeito de S\u00e3o Paulo, Ricardo Nunes (MDB), que busca a reelei\u00e7\u00e3o.<\/p>\n\n\n\n<p>O Pal\u00e1cio do Planalto afirma nos bastidores que n\u00e3o pretende mudar a rela\u00e7\u00e3o que mant\u00e9m com esses governadores, mesmo ap\u00f3s a participa\u00e7\u00e3o na manifesta\u00e7\u00e3o.<\/p>\n\n\n\n<p>Assessores de Lula buscam novamente minimizar a quest\u00e3o, lembrando que Jair Bolsonaro fez um grande esfor\u00e7o no segundo semestre do ano passado, mas n\u00e3o conseguiu barrar a tramita\u00e7\u00e3o e aprova\u00e7\u00e3o da reforma tribut\u00e1ria. Segundo esses auxiliares de Lula, fatos como esse mostram a real for\u00e7a do bolsonarismo, e n\u00e3o uma foto com aliados em uma manifesta\u00e7\u00e3o.<\/p>\n\n\n\n<p>Bolsonaro reuniu governadores, parlamentares e milhares de apoiadores em um ato na avenida Paulista, no domingo (25). A manifesta\u00e7\u00e3o de for\u00e7a acontece justamente no momento em que avan\u00e7am as investiga\u00e7\u00f5es contra Bolsonaro e seus aliados a respeito de uma trama golpista para mant\u00ea-lo no poder.<\/p>\n\n\n\n<p>Acuado pelas investiga\u00e7\u00f5es, Bolsonaro buscou maneirar um pouco no tom de sua fala. N\u00e3o desferiu a sua tradicional agressividade contra o STF, falou em pacifica\u00e7\u00e3o, disse que as elei\u00e7\u00f5es presidenciais de 2022 eram &#8220;p\u00e1gina virada da nossa hist\u00f3ria&#8221; e pediu anistia aos presos pelo ataque golpista de 8 de janeiro de 2023.<\/p>\n\n\n\n<p>O ex-presidente tamb\u00e9m negou a exist\u00eancia de uma trama golpista.<\/p>\n\n\n\n<p>&#8220;O que \u00e9 golpe? \u00c9 tanque na rua, \u00e9 arma, conspira\u00e7\u00e3o. Nada disso foi feito no Brasil&#8221;, disse. &#8220;Agora o golpe \u00e9 porque tem uma minuta do decreto de estado de defesa. Golpe usando a Constitui\u00e7\u00e3o? Tenha paci\u00eancia&#8221;, afirmou o ex-presidente diante de seus apoiadores.<\/p>\n\n\n\n<p>As cr\u00edticas \u00e0 manifesta\u00e7\u00e3o foram verbalizadas sobretudo por membros do PT, que rebateram a defesa feita por Bolsonaro de que o Parlamento aprove um projeto para anistiar condenados por participa\u00e7\u00e3o no 8 de janeiro. A presidente do PT, Gleisi Hoffmann (PR), recha\u00e7ou essa hip\u00f3tese, assim como o l\u00edder do governo na C\u00e2mara, Jos\u00e9 Guimar\u00e3es (PT-CE).<\/p>\n\n\n\n<p>&#8220;N\u00e3o pode ter anistia. N\u00e3o vamos dar anistia para quem cometeu crime contra a democracia&#8221;, disse Guimar\u00e3es.<\/p>\n\n\n\n<p>O deputado tamb\u00e9m reclamou da participa\u00e7\u00e3o de governadores no ato na avenida Paulista e disse que eles s\u00e3o &#8220;c\u00famplices de uma tentativa de golpe&#8221;.<\/p>\n\n\n\n<p>BN<\/p>\n","protected":false},"excerpt":{"rendered":"<p>Integrantes do governo Lula (PT) reconhecem nos bastidores que Jair Bolsonaro (PL) surpreendeu ao mobilizar aliados, como governadores e prefeitos, durante o ato que reuniu milhares de pessoas na avenida Paulista, em S\u00e3o Paulo. Alguns auxiliares de Lula afirmam terem ficado surpresos com a presen\u00e7a de pol\u00edticos que vinham apresentando sinais de modera\u00e7\u00e3o ou que [&hellip;]<\/p>\n","protected":false},"author":2,"featured_media":8664,"comment_status":"open","ping_status":"open","sticky":false,"template":"","format":"standard","meta":{"_jetpack_memberships_contains_paid_content":false,"footnotes":""},"categories":[2],"tags":[],"class_list":["post-8663","post","type-post","status-publish","format-standard","has-post-thumbnail","hentry","category-nacional"],"aioseo_notices":[],"jetpack_featured_media_url":"https:\/\/i0.wp.com\/minutobahia24h.com.br\/wp-content\/uploads\/2024\/02\/Sem-titulo-278.jpg?fit=1200%2C630&ssl=1","jetpack_sharing_enabled":true,"_links":{"self":[{"href":"https:\/\/minutobahia24h.com.br\/index.php?rest_route=\/wp\/v2\/posts\/8663","targetHints":{"allow":["GET"]}}],"collection":[{"href":"https:\/\/minutobahia24h.com.br\/index.php?rest_route=\/wp\/v2\/posts"}],"about":[{"href":"https:\/\/minutobahia24h.com.br\/index.php?rest_route=\/wp\/v2\/types\/post"}],"author":[{"embeddable":true,"href":"https:\/\/minutobahia24h.com.br\/index.php?rest_route=\/wp\/v2\/users\/2"}],"replies":[{"embeddable":true,"href":"https:\/\/minutobahia24h.com.br\/index.php?rest_route=%2Fwp%2Fv2%2Fcomments&post=8663"}],"version-history":[{"count":1,"href":"https:\/\/minutobahia24h.com.br\/index.php?rest_route=\/wp\/v2\/posts\/8663\/revisions"}],"predecessor-version":[{"id":8665,"href":"https:\/\/minutobahia24h.com.br\/index.php?rest_route=\/wp\/v2\/posts\/8663\/revisions\/8665"}],"wp:featuredmedia":[{"embeddable":true,"href":"https:\/\/minutobahia24h.com.br\/index.php?rest_route=\/wp\/v2\/media\/8664"}],"wp:attachment":[{"href":"https:\/\/minutobahia24h.com.br\/index.php?rest_route=%2Fwp%2Fv2%2Fmedia&parent=8663"}],"wp:term":[{"taxonomy":"category","embeddable":true,"href":"https:\/\/minutobahia24h.com.br\/index.php?rest_route=%2Fwp%2Fv2%2Fcategories&post=8663"},{"taxonomy":"post_tag","embeddable":true,"href":"https:\/\/minutobahia24h.com.br\/index.php?rest_route=%2Fwp%2Fv2%2Ftags&post=8663"}],"curies":[{"name":"wp","href":"https:\/\/api.w.org\/{rel}","templated":true}]}}