{"id":8657,"date":"2024-02-27T07:23:03","date_gmt":"2024-02-27T10:23:03","guid":{"rendered":"https:\/\/minutobahia24h.com.br\/?p=8657"},"modified":"2024-02-27T07:23:04","modified_gmt":"2024-02-27T10:23:04","slug":"projeto-vacinacao-na-escola-amplia-a-protecao-aos-estudantes-da-rede-estadual-de-ensino","status":"publish","type":"post","link":"https:\/\/minutobahia24h.com.br\/?p=8657","title":{"rendered":"Projeto Vacina\u00e7\u00e3o na Escola amplia a prote\u00e7\u00e3o aos estudantes da rede estadual de ensino"},"content":{"rendered":"<div class=\"wp-block-image\">\n<figure class=\"aligncenter size-large\"><img data-recalc-dims=\"1\" fetchpriority=\"high\" decoding=\"async\" width=\"800\" height=\"420\" src=\"https:\/\/i0.wp.com\/minutobahia24h.com.br\/wp-content\/uploads\/2024\/02\/Sem-titulo-276-1024x538.jpg?resize=800%2C420&#038;ssl=1\" alt=\"\" class=\"wp-image-8658\" srcset=\"https:\/\/i0.wp.com\/minutobahia24h.com.br\/wp-content\/uploads\/2024\/02\/Sem-titulo-276.jpg?resize=1024%2C538&amp;ssl=1 1024w, https:\/\/i0.wp.com\/minutobahia24h.com.br\/wp-content\/uploads\/2024\/02\/Sem-titulo-276.jpg?resize=300%2C158&amp;ssl=1 300w, https:\/\/i0.wp.com\/minutobahia24h.com.br\/wp-content\/uploads\/2024\/02\/Sem-titulo-276.jpg?resize=768%2C403&amp;ssl=1 768w, https:\/\/i0.wp.com\/minutobahia24h.com.br\/wp-content\/uploads\/2024\/02\/Sem-titulo-276.jpg?resize=750%2C394&amp;ssl=1 750w, https:\/\/i0.wp.com\/minutobahia24h.com.br\/wp-content\/uploads\/2024\/02\/Sem-titulo-276.jpg?resize=1140%2C599&amp;ssl=1 1140w, https:\/\/i0.wp.com\/minutobahia24h.com.br\/wp-content\/uploads\/2024\/02\/Sem-titulo-276.jpg?w=1200&amp;ssl=1 1200w\" sizes=\"(max-width: 800px) 100vw, 800px\" \/><figcaption class=\"wp-element-caption\">Foto: Divulga\u00e7\u00e3o \/ Ascom<br><\/figcaption><\/figure>\n<\/div>\n\n\n<p>Os estudantes da rede estadual de ensino de toda a Bahia est\u00e3o tendo a oportunidade de colocar a carteira de vacina\u00e7\u00e3o em dia, atrav\u00e9s do projeto Vacina\u00e7\u00e3o nas Escolas, iniciado nesta segunda-feira (26).&nbsp; A iniciativa \u00e9 o resultado da integra\u00e7\u00e3o e articula\u00e7\u00e3o entre as pol\u00edticas e a\u00e7\u00f5es das secretarias estaduais da Sa\u00fade e da Educa\u00e7\u00e3o e visa, por meio dessa parceria, ampliar a prote\u00e7\u00e3o aos alunos e oportunizar a oferta de imunizantes aos que n\u00e3o tiveram condi\u00e7\u00f5es de se dirigir aos postos de sa\u00fade.<\/p>\n\n\n\n<p>O cronograma prev\u00ea duas semanas de mobiliza\u00e7\u00e3o, dentro do calend\u00e1rio escolar, sendo a do primeiro semestre est\u00e1 programada para ocorrer entre os dias 26 de fevereiro e 1\u00ba de mar\u00e7o, e a do segundo semestre, de 8 a 12 de julho. O projeto foi lan\u00e7ado na abertura do ano letivo 2024 para erradicar, eliminar e controlar diversas doen\u00e7as imunopreven\u00edveis infectocontagiosas, devido \u00e0s baixas coberturas vacinais apresentadas em todo pa\u00eds e \u00e0 possibilidade do retorno de doen\u00e7as antes controladas por meio da imuniza\u00e7\u00e3o. <\/p>\n\n\n\n<p>Para alcan\u00e7ar o maior n\u00famero de estudantes, est\u00e3o sendo encaminhadas equipes capacitadas \u00e0s escolas. Os profissionais avaliam a caderneta e atualizam o esquema vacinal do p\u00fablico-alvo. O carro da vacina vai rodar por essas escolas para ofertar as vacinas aos estudantes, fortalecendo a imuniza\u00e7\u00e3o contra doen\u00e7as como HPV e Covid, e outras vacinas importantes para a juventude. \u00c9 preciso que as unidades de ensino agendem a visita dos profissionais e comuniquem previamente aos pais ou respons\u00e1veis.<\/p>\n\n\n\n<p>Nesta segunda-feira (26), entre as unidades escolares que disp\u00f5em da iniciativa, foram vacinados os estudantes do Col\u00e9gio Estadual R\u00f4mulo Galv\u00e3o, no munic\u00edpio de Tucano, e do Col\u00e9gio Estadual Hamilton Rios, em Concei\u00e7\u00e3o do Coit\u00e9. A a\u00e7\u00e3o continua nas duas escolas, nesta ter\u00e7a-feira (27), com a imuniza\u00e7\u00e3o de mais estudantes. Dentre as vacinas aplicadas est\u00e3o de HPV, Febre Amarela, Difteria, T\u00e9tano e Covid, entre outras.<\/p>\n\n\n\n<p>Para o estudante Breno dos Santos, 15, 1\u00ba ano do Col\u00e9gio Estadual Hamilton Rios, em Concei\u00e7\u00e3o do Coit\u00e9, o acesso \u00e0s vacinas na escola \u00e9 importante para a imuniza\u00e7\u00e3o dos jovens. \u201cTer esses profissionais de sa\u00fade na escola nos vacinando \u00e9 muito bom e facilita bastante, pois n\u00e3o precisamos nos deslocar para um posto de sa\u00fade e temos a oportunidade de atualizar a nossa caderneta. Acabei de tomar a vacina de T\u00e9tano, que era a \u00fanica que estava faltando tomar.\u00a0 Foi muito r\u00e1pido e tranquilo\u201d, contou. \u00a0<\/p>\n\n\n\n<p>O destaque desta a\u00e7\u00e3o \u00e9 a abrang\u00eancia, que tem como objetivo alcan\u00e7ar estudantes das diversas modalidades e ofertas da rede, em especial, da Educa\u00e7\u00e3o Escolar do Campo, Educa\u00e7\u00e3o Escolar Quilombola, da Educa\u00e7\u00e3o Escolar Ind\u00edgena e da Educa\u00e7\u00e3o de Jovens e Adultos. \u00c9 importante a apresenta\u00e7\u00e3o do cart\u00e3o de vacina para ser avaliado e atualizado, conforme a necessidade. Tamb\u00e9m ser\u00e3o realizadas mobiliza\u00e7\u00f5es de pais, respons\u00e1veis e fam\u00edlias sobre a import\u00e2ncia da vacina\u00e7\u00e3o para manter a comunidade escolar protegida, bem como abordagem do tema para a comunidade em escolas e eventos do setor de educa\u00e7\u00e3o.<\/p>\n\n\n\n<p>BN<\/p>\n","protected":false},"excerpt":{"rendered":"<p>Os estudantes da rede estadual de ensino de toda a Bahia est\u00e3o tendo a oportunidade de colocar a carteira de vacina\u00e7\u00e3o em dia, atrav\u00e9s do projeto Vacina\u00e7\u00e3o nas Escolas, iniciado nesta segunda-feira (26).&nbsp; A iniciativa \u00e9 o resultado da integra\u00e7\u00e3o e articula\u00e7\u00e3o entre as pol\u00edticas e a\u00e7\u00f5es das secretarias estaduais da Sa\u00fade e da Educa\u00e7\u00e3o [&hellip;]<\/p>\n","protected":false},"author":2,"featured_media":8658,"comment_status":"open","ping_status":"open","sticky":false,"template":"","format":"standard","meta":{"_jetpack_memberships_contains_paid_content":false,"footnotes":""},"categories":[18],"tags":[],"class_list":["post-8657","post","type-post","status-publish","format-standard","has-post-thumbnail","hentry","category-saude"],"aioseo_notices":[],"jetpack_featured_media_url":"https:\/\/i0.wp.com\/minutobahia24h.com.br\/wp-content\/uploads\/2024\/02\/Sem-titulo-276.jpg?fit=1200%2C630&ssl=1","jetpack_sharing_enabled":true,"_links":{"self":[{"href":"https:\/\/minutobahia24h.com.br\/index.php?rest_route=\/wp\/v2\/posts\/8657","targetHints":{"allow":["GET"]}}],"collection":[{"href":"https:\/\/minutobahia24h.com.br\/index.php?rest_route=\/wp\/v2\/posts"}],"about":[{"href":"https:\/\/minutobahia24h.com.br\/index.php?rest_route=\/wp\/v2\/types\/post"}],"author":[{"embeddable":true,"href":"https:\/\/minutobahia24h.com.br\/index.php?rest_route=\/wp\/v2\/users\/2"}],"replies":[{"embeddable":true,"href":"https:\/\/minutobahia24h.com.br\/index.php?rest_route=%2Fwp%2Fv2%2Fcomments&post=8657"}],"version-history":[{"count":1,"href":"https:\/\/minutobahia24h.com.br\/index.php?rest_route=\/wp\/v2\/posts\/8657\/revisions"}],"predecessor-version":[{"id":8659,"href":"https:\/\/minutobahia24h.com.br\/index.php?rest_route=\/wp\/v2\/posts\/8657\/revisions\/8659"}],"wp:featuredmedia":[{"embeddable":true,"href":"https:\/\/minutobahia24h.com.br\/index.php?rest_route=\/wp\/v2\/media\/8658"}],"wp:attachment":[{"href":"https:\/\/minutobahia24h.com.br\/index.php?rest_route=%2Fwp%2Fv2%2Fmedia&parent=8657"}],"wp:term":[{"taxonomy":"category","embeddable":true,"href":"https:\/\/minutobahia24h.com.br\/index.php?rest_route=%2Fwp%2Fv2%2Fcategories&post=8657"},{"taxonomy":"post_tag","embeddable":true,"href":"https:\/\/minutobahia24h.com.br\/index.php?rest_route=%2Fwp%2Fv2%2Ftags&post=8657"}],"curies":[{"name":"wp","href":"https:\/\/api.w.org\/{rel}","templated":true}]}}