{"id":8632,"date":"2024-02-27T06:48:01","date_gmt":"2024-02-27T09:48:01","guid":{"rendered":"https:\/\/minutobahia24h.com.br\/?p=8632"},"modified":"2024-02-27T06:48:03","modified_gmt":"2024-02-27T09:48:03","slug":"itiuba-recebe-o-1o-congresso-diocesano-pos-pandemia","status":"publish","type":"post","link":"https:\/\/minutobahia24h.com.br\/?p=8632","title":{"rendered":"Iti\u00faba recebe o 1\u00ba Congresso Diocesano P\u00f3s Pandemia"},"content":{"rendered":"<div class=\"wp-block-image\">\n<figure class=\"aligncenter size-full\"><img data-recalc-dims=\"1\" fetchpriority=\"high\" decoding=\"async\" width=\"732\" height=\"397\" src=\"https:\/\/i0.wp.com\/minutobahia24h.com.br\/wp-content\/uploads\/2024\/02\/Sem-titulo-268.jpg?resize=732%2C397&#038;ssl=1\" alt=\"\" class=\"wp-image-8633\" srcset=\"https:\/\/i0.wp.com\/minutobahia24h.com.br\/wp-content\/uploads\/2024\/02\/Sem-titulo-268.jpg?w=732&amp;ssl=1 732w, https:\/\/i0.wp.com\/minutobahia24h.com.br\/wp-content\/uploads\/2024\/02\/Sem-titulo-268.jpg?resize=300%2C163&amp;ssl=1 300w\" sizes=\"(max-width: 732px) 100vw, 732px\" \/><\/figure>\n<\/div>\n\n\n<p>No \u00faltimo domingo(25), d\u00e1s 7:00 \u00e0s 18 horas, aconteceu no CEAS (Col\u00e9gio estadual Ari Silva), o 1\u00ba Congresso Diocesano da Fam\u00edlia, p\u00f3s Pandemia. Com a presen\u00e7a de representantes de par\u00f3quias da Diocese de Sr do Bonfim, aconteceu grandes momentos de ora\u00e7\u00f5es, anima\u00e7\u00f5es, palestras e adora\u00e7\u00e3o.<\/p>\n\n\n\n<p>O ex-p\u00e1roco de Iti\u00faba, Padre Airton e o atual, Padre Jo\u00e3o Eleut\u00e9rio, foram presen\u00e7as marcante no congresso. Por fim, Dom Hernando, bispo da Diocese de Sr do Bonfim, celebrou a Santa Missa pelas fam\u00edlias.<\/p>\n\n\n\n<p>Fonte\/Foto: Pastoral da Fam\u00edlia<\/p>\n\n\n\n<p>fogocruzadonews<\/p>\n","protected":false},"excerpt":{"rendered":"<p>No \u00faltimo domingo(25), d\u00e1s 7:00 \u00e0s 18 horas, aconteceu no CEAS (Col\u00e9gio estadual Ari Silva), o 1\u00ba Congresso Diocesano da Fam\u00edlia, p\u00f3s Pandemia. Com a presen\u00e7a de representantes de par\u00f3quias da Diocese de Sr do Bonfim, aconteceu grandes momentos de ora\u00e7\u00f5es, anima\u00e7\u00f5es, palestras e adora\u00e7\u00e3o. O ex-p\u00e1roco de Iti\u00faba, Padre Airton e o atual, Padre [&hellip;]<\/p>\n","protected":false},"author":2,"featured_media":8633,"comment_status":"open","ping_status":"open","sticky":false,"template":"","format":"standard","meta":{"_jetpack_memberships_contains_paid_content":false,"footnotes":""},"categories":[46],"tags":[],"class_list":["post-8632","post","type-post","status-publish","format-standard","has-post-thumbnail","hentry","category-noticia"],"aioseo_notices":[],"jetpack_featured_media_url":"https:\/\/i0.wp.com\/minutobahia24h.com.br\/wp-content\/uploads\/2024\/02\/Sem-titulo-268.jpg?fit=732%2C397&ssl=1","jetpack_sharing_enabled":true,"_links":{"self":[{"href":"https:\/\/minutobahia24h.com.br\/index.php?rest_route=\/wp\/v2\/posts\/8632","targetHints":{"allow":["GET"]}}],"collection":[{"href":"https:\/\/minutobahia24h.com.br\/index.php?rest_route=\/wp\/v2\/posts"}],"about":[{"href":"https:\/\/minutobahia24h.com.br\/index.php?rest_route=\/wp\/v2\/types\/post"}],"author":[{"embeddable":true,"href":"https:\/\/minutobahia24h.com.br\/index.php?rest_route=\/wp\/v2\/users\/2"}],"replies":[{"embeddable":true,"href":"https:\/\/minutobahia24h.com.br\/index.php?rest_route=%2Fwp%2Fv2%2Fcomments&post=8632"}],"version-history":[{"count":1,"href":"https:\/\/minutobahia24h.com.br\/index.php?rest_route=\/wp\/v2\/posts\/8632\/revisions"}],"predecessor-version":[{"id":8634,"href":"https:\/\/minutobahia24h.com.br\/index.php?rest_route=\/wp\/v2\/posts\/8632\/revisions\/8634"}],"wp:featuredmedia":[{"embeddable":true,"href":"https:\/\/minutobahia24h.com.br\/index.php?rest_route=\/wp\/v2\/media\/8633"}],"wp:attachment":[{"href":"https:\/\/minutobahia24h.com.br\/index.php?rest_route=%2Fwp%2Fv2%2Fmedia&parent=8632"}],"wp:term":[{"taxonomy":"category","embeddable":true,"href":"https:\/\/minutobahia24h.com.br\/index.php?rest_route=%2Fwp%2Fv2%2Fcategories&post=8632"},{"taxonomy":"post_tag","embeddable":true,"href":"https:\/\/minutobahia24h.com.br\/index.php?rest_route=%2Fwp%2Fv2%2Ftags&post=8632"}],"curies":[{"name":"wp","href":"https:\/\/api.w.org\/{rel}","templated":true}]}}