{"id":8518,"date":"2024-02-22T16:18:55","date_gmt":"2024-02-22T19:18:55","guid":{"rendered":"https:\/\/minutobahia24h.com.br\/?p=8518"},"modified":"2024-02-22T18:34:17","modified_gmt":"2024-02-22T21:34:17","slug":"camara-municipal-de-senhor-do-bonfim-realizara-sua-3a-sessao-ordinaria","status":"publish","type":"post","link":"https:\/\/minutobahia24h.com.br\/?p=8518","title":{"rendered":"C\u00e2mara Municipal de Senhor do Bonfim realizar\u00e1 sua 3\u00aa sess\u00e3o ordin\u00e1ria"},"content":{"rendered":"<div class=\"wp-block-image\">\n<figure class=\"aligncenter size-large\"><img data-recalc-dims=\"1\" fetchpriority=\"high\" decoding=\"async\" width=\"576\" height=\"1024\" src=\"https:\/\/i0.wp.com\/minutobahia24h.com.br\/wp-content\/uploads\/2024\/02\/img-20240222-wa20666841295714143437441-576x1024.jpg?resize=576%2C1024&#038;ssl=1\" alt=\"\" class=\"wp-image-8517\" srcset=\"https:\/\/i0.wp.com\/minutobahia24h.com.br\/wp-content\/uploads\/2024\/02\/img-20240222-wa20666841295714143437441.jpg?resize=576%2C1024&amp;ssl=1 576w, https:\/\/i0.wp.com\/minutobahia24h.com.br\/wp-content\/uploads\/2024\/02\/img-20240222-wa20666841295714143437441.jpg?resize=169%2C300&amp;ssl=1 169w, https:\/\/i0.wp.com\/minutobahia24h.com.br\/wp-content\/uploads\/2024\/02\/img-20240222-wa20666841295714143437441.jpg?resize=768%2C1365&amp;ssl=1 768w, https:\/\/i0.wp.com\/minutobahia24h.com.br\/wp-content\/uploads\/2024\/02\/img-20240222-wa20666841295714143437441.jpg?resize=864%2C1536&amp;ssl=1 864w, https:\/\/i0.wp.com\/minutobahia24h.com.br\/wp-content\/uploads\/2024\/02\/img-20240222-wa20666841295714143437441.jpg?resize=750%2C1333&amp;ssl=1 750w, https:\/\/i0.wp.com\/minutobahia24h.com.br\/wp-content\/uploads\/2024\/02\/img-20240222-wa20666841295714143437441.jpg?w=900&amp;ssl=1 900w\" sizes=\"(max-width: 576px) 100vw, 576px\" \/><\/figure>\n<\/div>\n\n\n<p>Confira as mat\u00e9rias em pauta:<br><br>EXPEDIENTE<br><br>\u2022 Of\u00edcio n\u00ba 036\/2024 \u2013 Gabinete do Prefeito, que encaminha em regime de urg\u00eancia o Projeto de Lei do Executivo n\u00ba<br>005\/2024;<br><br>\u2022 Projeto de Lei do Executivo n\u00ba 005\/2024, que \u201cAbre ao Or\u00e7amento Fiscal do Munic\u00edpio cr\u00e9ditos adicionais especiais<br>at\u00e9 o valor de R$ 1.244.000,00 (um milh\u00e3o duzentos e quarenta e quatro mil reais), para os fins que especifica\u201d;<br><br>\u2022 Projeto de Lei do Executivo n\u00ba 006\/2024, que &#8220;Autoriza o Poder Executivo a realizar e apoiar anualmente os campeonatos de futev\u00f4lei em todas as categorias, incluindo-os no calend\u00e1rio anual de atividades desportivas do<br>Munic\u00edpio e d\u00e1 outras provid\u00eancias&#8221;;<br><br>\u2022 Requerimento n\u00ba 003\/2024, de autoria do vereador Idailton Jarle Santiago do Nascimento, que requer dispensa dos<br>pareceres necess\u00e1rios para os Projetos de Lei do Executivo nos. 005 e 006\/2024;<br><br>\u2022 Indica\u00e7\u00e3o n\u00ba 001\/2024, oriunda do gabinete do vereador Idailton Jarle Santiago do Nascimento, que indica \u201ca<br>constru\u00e7\u00e3o de um logradouro p\u00fablico \u2018Pra\u00e7a de Conviv\u00eancia Social\u2019 com jardinagem, parque infantil e demais \u00edtens e equipamentos que lhe comp\u00f5em, [devendo] localizar-se no povoado de Lagoa do Peixe\u201d;<br><br>\u2022 Indica\u00e7\u00e3o n\u00ba 001\/2024, oriunda do gabinete do vereador Cleber Nilton Lima do Nascimento, que indica \u201creforma da [&#8230;] Pra\u00e7a das Laranjeiras, situada no bairro do Mercado\u201d;<br><br>\u2022 Indica\u00e7\u00e3o n\u00ba 002\/2024, oriunda do gabinete do vereador Cleber Nilton Lima do Nascimento, que indica \u201ca reforma da Unidade B\u00e1sica de Sa\u00fade do Mutir\u00e3o, bairro Alto da<br>Maravilha\u201d;<br><br>\u2022 Indica\u00e7\u00e3o n\u00ba 003\/2024, oriunda do gabinete do vereador Arinaldo Urbano da Costa, que indica \u201cpavimenta\u00e7\u00e3o em<br>paralelep\u00edpedo da Travessa Campo Clube, situada no fundo do espa\u00e7o Arena Haus\u201d;<br><br>\u2022 Of\u00edcio n\u00ba 001\/2024, em que Cristiano Matos Borges faz solicita\u00e7\u00e3o para usar da palavra na Tribuna, durante a Sess\u00e3o Ordin\u00e1ria do presente dia, para \u201cexplanar a respeito da organiza\u00e7\u00e3o do Campeonato Baiano de Futev\u00f4lei\u201d<br><br><br>ORDEM DO DIA<br><br>\u2022 Requerimento n\u00ba 003\/2024, de autoria do vereador Idailton Jarle Santiago do Nascimento, que requer dispensa dos<br>pareceres necess\u00e1rios para os Projetos de Lei do Executivo nos. 005 e 006\/2024;<br><br>\u2022 Projeto de Lei do Executivo n\u00ba 005\/2024, que \u201cAbre ao Or\u00e7amento Fiscal do Munic\u00edpio cr\u00e9ditos adicionais especiais<br>at\u00e9 o valor de R$ 1.244.000,00 (um milh\u00e3o duzentos e quarenta e quatro mil reais), para os fins que especifica\u201d;<br><br>\u2022 Projeto de Lei do Executivo n\u00ba 006\/2024, que &#8220;Autoriza o Poder Executivo a realizar e apoiar anualmente os campeonatos de futev\u00f4lei em todas as categorias, incluindo-os no calend\u00e1rio anual de atividades desportivas do Munic\u00edpio e d\u00e1 outras provid\u00eancias&#8221;.<br><br>\ud83d\udd14 Inscreva-se no canal da C\u00e2mara e acompanhe os debates e decis\u00f5es dos vereadores sobre quest\u00f5es cruciais para nossa Cidade.<br><br>*Link do canal:* https:\/\/www.youtube.com\/@camaradesenhordobonfim<br><br><br>*\ud83d\udd35 ASCOM &#8211; CMSB &#8211; \u201cO futuro do nosso munic\u00edpio passa por aqui.\u201d*<\/p>\n","protected":false},"excerpt":{"rendered":"<p>Confira as mat\u00e9rias em pauta: EXPEDIENTE \u2022 Of\u00edcio n\u00ba 036\/2024 \u2013 Gabinete do Prefeito, que encaminha em regime de urg\u00eancia o Projeto de Lei do Executivo n\u00ba005\/2024; \u2022 Projeto de Lei do Executivo n\u00ba 005\/2024, que \u201cAbre ao Or\u00e7amento Fiscal do Munic\u00edpio cr\u00e9ditos adicionais especiaisat\u00e9 o valor de R$ 1.244.000,00 (um milh\u00e3o duzentos e quarenta [&hellip;]<\/p>\n","protected":false},"author":2,"featured_media":8517,"comment_status":"open","ping_status":"open","sticky":false,"template":"","format":"standard","meta":{"_jetpack_memberships_contains_paid_content":false,"footnotes":""},"categories":[17],"tags":[],"class_list":["post-8518","post","type-post","status-publish","format-standard","has-post-thumbnail","hentry","category-senhor-do-bonfim"],"aioseo_notices":[],"jetpack_featured_media_url":"https:\/\/i0.wp.com\/minutobahia24h.com.br\/wp-content\/uploads\/2024\/02\/img-20240222-wa20666841295714143437441.jpg?fit=900%2C1600&ssl=1","jetpack_sharing_enabled":true,"_links":{"self":[{"href":"https:\/\/minutobahia24h.com.br\/index.php?rest_route=\/wp\/v2\/posts\/8518","targetHints":{"allow":["GET"]}}],"collection":[{"href":"https:\/\/minutobahia24h.com.br\/index.php?rest_route=\/wp\/v2\/posts"}],"about":[{"href":"https:\/\/minutobahia24h.com.br\/index.php?rest_route=\/wp\/v2\/types\/post"}],"author":[{"embeddable":true,"href":"https:\/\/minutobahia24h.com.br\/index.php?rest_route=\/wp\/v2\/users\/2"}],"replies":[{"embeddable":true,"href":"https:\/\/minutobahia24h.com.br\/index.php?rest_route=%2Fwp%2Fv2%2Fcomments&post=8518"}],"version-history":[{"count":2,"href":"https:\/\/minutobahia24h.com.br\/index.php?rest_route=\/wp\/v2\/posts\/8518\/revisions"}],"predecessor-version":[{"id":8523,"href":"https:\/\/minutobahia24h.com.br\/index.php?rest_route=\/wp\/v2\/posts\/8518\/revisions\/8523"}],"wp:featuredmedia":[{"embeddable":true,"href":"https:\/\/minutobahia24h.com.br\/index.php?rest_route=\/wp\/v2\/media\/8517"}],"wp:attachment":[{"href":"https:\/\/minutobahia24h.com.br\/index.php?rest_route=%2Fwp%2Fv2%2Fmedia&parent=8518"}],"wp:term":[{"taxonomy":"category","embeddable":true,"href":"https:\/\/minutobahia24h.com.br\/index.php?rest_route=%2Fwp%2Fv2%2Fcategories&post=8518"},{"taxonomy":"post_tag","embeddable":true,"href":"https:\/\/minutobahia24h.com.br\/index.php?rest_route=%2Fwp%2Fv2%2Ftags&post=8518"}],"curies":[{"name":"wp","href":"https:\/\/api.w.org\/{rel}","templated":true}]}}