{"id":8508,"date":"2024-02-22T07:49:16","date_gmt":"2024-02-22T10:49:16","guid":{"rendered":"https:\/\/minutobahia24h.com.br\/?p=8508"},"modified":"2024-02-22T07:49:18","modified_gmt":"2024-02-22T10:49:18","slug":"mj-determina-reforco-da-seguranca-em-penitenciarias-federais","status":"publish","type":"post","link":"https:\/\/minutobahia24h.com.br\/?p=8508","title":{"rendered":"MJ determina refor\u00e7o da seguran\u00e7a em penitenci\u00e1rias federais"},"content":{"rendered":"<div class=\"wp-block-image\">\n<figure class=\"aligncenter size-full is-resized\"><img data-recalc-dims=\"1\" fetchpriority=\"high\" decoding=\"async\" width=\"600\" height=\"420\" src=\"https:\/\/i0.wp.com\/minutobahia24h.com.br\/wp-content\/uploads\/2024\/02\/Sem-titulo-232.jpg?resize=600%2C420&#038;ssl=1\" alt=\"\" class=\"wp-image-8509\" style=\"width:600px;height:auto\" srcset=\"https:\/\/i0.wp.com\/minutobahia24h.com.br\/wp-content\/uploads\/2024\/02\/Sem-titulo-232.jpg?w=600&amp;ssl=1 600w, https:\/\/i0.wp.com\/minutobahia24h.com.br\/wp-content\/uploads\/2024\/02\/Sem-titulo-232.jpg?resize=300%2C210&amp;ssl=1 300w\" sizes=\"(max-width: 600px) 100vw, 600px\" \/><figcaption class=\"wp-element-caption\">Imagem: Google Maps<br><\/figcaption><\/figure>\n<\/div>\n\n\n<p>A Secretaria Nacional de Pol\u00edticas Penais (Senappen), do Minist\u00e9rio da Justi\u00e7a e Seguran\u00e7a P\u00fablica (MJSP), determinou que as diretorias das cinco penitenci\u00e1rias federais em funcionamento no Brasil reforcem a vigil\u00e2ncia nas unidades \u2013 consideradas de seguran\u00e7a m\u00e1xima.&nbsp;Entre as medidas est\u00e1 a realiza\u00e7\u00e3o de revistas di\u00e1rias em celas, p\u00e1tios e outros espa\u00e7os dos pres\u00eddios de Bras\u00edlia (DF), Campo Grande (MS), Catanduvas (PR), Mossor\u00f3 (RN) e Porto Velho (RO). Segundo o minist\u00e9rio, o n\u00famero de policiais penais tamb\u00e9m deve ser refor\u00e7ado.<\/p>\n\n\n\n<p>O minist\u00e9rio tamb\u00e9m indica a necessidade de melhorias na ilumina\u00e7\u00e3o no interior das celas, bem como em pontos estrat\u00e9gicos das unidades, onde dever\u00e3o ser instalados mais refletores, l\u00e2mpadas e lumin\u00e1rias. Outras medidas estruturais preveem a melhoria do sistema de videomonitoramento e a identifica\u00e7\u00e3o de estruturas por onde os presos possam tentar escapar, como dutos, tubula\u00e7\u00f5es e sistemas de ventila\u00e7\u00e3o e el\u00e9trico.<\/p>\n\n\n\n<p>As provid\u00eancias foram determinadas nesta ter\u00e7a-feira (20) e tornadas p\u00fablicas hoje (21). O objetivo das a\u00e7\u00f5es \u00e9 evitar novas fugas, como a que ocorreu em Mossor\u00f3 (RN), na semana passada.<\/p>\n\n\n\n<p>Rog\u00e9rio da Silva Mendon\u00e7a e Deibson Cabral Nascimento escaparam da unidade potiguar no \u00faltimo dia 14. Apontados como membros de uma fac\u00e7\u00e3o criminosa, eles respondem por crimes como homic\u00eddio, roubo, latroc\u00ednio, tr\u00e1fico de drogas e organiza\u00e7\u00e3o criminosa. At\u00e9 o momento da publica\u00e7\u00e3o desta reportagem, eles n\u00e3o tinham sido recapturados. Cerca de 600 agentes de seguran\u00e7a participam das buscas aos dois fugitivos.<\/p>\n\n\n\n<p>Processo administrativo e inqu\u00e9rito da Pol\u00edcia Federal (PF) foram instaurados para apurar as circunst\u00e2ncias e responsabilidades. Esta foi a primeira fuga registrada no sistema penitenci\u00e1rio federal, coordenado pela Senappen, desde que o sistema foi criado, em 2006, para isolar lideran\u00e7as de organiza\u00e7\u00f5es criminosas e presos de alta periculosidade.<\/p>\n\n\n\n<p>No dia seguinte \u00e0 fuga, o ministro Ricardo Lewandowski anunciou uma s\u00e9rie de medidas para modernizar o sistema de videomonitoramento, aperfei\u00e7oar o controle de acesso \u00e0s unidades, inclusive com reconhecimento facial, e ampliar os sistemas de alarmes e sensores de presen\u00e7a.<\/p>\n\n\n\n<p>Bahia.ba<\/p>\n","protected":false},"excerpt":{"rendered":"<p>A Secretaria Nacional de Pol\u00edticas Penais (Senappen), do Minist\u00e9rio da Justi\u00e7a e Seguran\u00e7a P\u00fablica (MJSP), determinou que as diretorias das cinco penitenci\u00e1rias federais em funcionamento no Brasil reforcem a vigil\u00e2ncia nas unidades \u2013 consideradas de seguran\u00e7a m\u00e1xima.&nbsp;Entre as medidas est\u00e1 a realiza\u00e7\u00e3o de revistas di\u00e1rias em celas, p\u00e1tios e outros espa\u00e7os dos pres\u00eddios de Bras\u00edlia [&hellip;]<\/p>\n","protected":false},"author":2,"featured_media":8509,"comment_status":"open","ping_status":"open","sticky":false,"template":"","format":"standard","meta":{"_jetpack_memberships_contains_paid_content":false,"footnotes":""},"categories":[23],"tags":[],"class_list":["post-8508","post","type-post","status-publish","format-standard","has-post-thumbnail","hentry","category-justica"],"aioseo_notices":[],"jetpack_featured_media_url":"https:\/\/i0.wp.com\/minutobahia24h.com.br\/wp-content\/uploads\/2024\/02\/Sem-titulo-232.jpg?fit=600%2C420&ssl=1","jetpack_sharing_enabled":true,"_links":{"self":[{"href":"https:\/\/minutobahia24h.com.br\/index.php?rest_route=\/wp\/v2\/posts\/8508","targetHints":{"allow":["GET"]}}],"collection":[{"href":"https:\/\/minutobahia24h.com.br\/index.php?rest_route=\/wp\/v2\/posts"}],"about":[{"href":"https:\/\/minutobahia24h.com.br\/index.php?rest_route=\/wp\/v2\/types\/post"}],"author":[{"embeddable":true,"href":"https:\/\/minutobahia24h.com.br\/index.php?rest_route=\/wp\/v2\/users\/2"}],"replies":[{"embeddable":true,"href":"https:\/\/minutobahia24h.com.br\/index.php?rest_route=%2Fwp%2Fv2%2Fcomments&post=8508"}],"version-history":[{"count":1,"href":"https:\/\/minutobahia24h.com.br\/index.php?rest_route=\/wp\/v2\/posts\/8508\/revisions"}],"predecessor-version":[{"id":8510,"href":"https:\/\/minutobahia24h.com.br\/index.php?rest_route=\/wp\/v2\/posts\/8508\/revisions\/8510"}],"wp:featuredmedia":[{"embeddable":true,"href":"https:\/\/minutobahia24h.com.br\/index.php?rest_route=\/wp\/v2\/media\/8509"}],"wp:attachment":[{"href":"https:\/\/minutobahia24h.com.br\/index.php?rest_route=%2Fwp%2Fv2%2Fmedia&parent=8508"}],"wp:term":[{"taxonomy":"category","embeddable":true,"href":"https:\/\/minutobahia24h.com.br\/index.php?rest_route=%2Fwp%2Fv2%2Fcategories&post=8508"},{"taxonomy":"post_tag","embeddable":true,"href":"https:\/\/minutobahia24h.com.br\/index.php?rest_route=%2Fwp%2Fv2%2Ftags&post=8508"}],"curies":[{"name":"wp","href":"https:\/\/api.w.org\/{rel}","templated":true}]}}