{"id":8498,"date":"2024-02-22T07:44:16","date_gmt":"2024-02-22T10:44:16","guid":{"rendered":"https:\/\/minutobahia24h.com.br\/?p=8498"},"modified":"2024-02-22T07:44:17","modified_gmt":"2024-02-22T10:44:17","slug":"cafe-tem-alta-de-42-na-comparacao-com-o-ciclo-anterior","status":"publish","type":"post","link":"https:\/\/minutobahia24h.com.br\/?p=8498","title":{"rendered":"Caf\u00e9 tem alta de 4,2% na compara\u00e7\u00e3o com o ciclo anterior"},"content":{"rendered":"<div class=\"wp-block-image\">\n<figure class=\"aligncenter size-full\"><img data-recalc-dims=\"1\" fetchpriority=\"high\" decoding=\"async\" width=\"599\" height=\"418\" src=\"https:\/\/i0.wp.com\/minutobahia24h.com.br\/wp-content\/uploads\/2024\/02\/Sem-titulo-229.jpg?resize=599%2C418&#038;ssl=1\" alt=\"\" class=\"wp-image-8499\" srcset=\"https:\/\/i0.wp.com\/minutobahia24h.com.br\/wp-content\/uploads\/2024\/02\/Sem-titulo-229.jpg?w=599&amp;ssl=1 599w, https:\/\/i0.wp.com\/minutobahia24h.com.br\/wp-content\/uploads\/2024\/02\/Sem-titulo-229.jpg?resize=300%2C209&amp;ssl=1 300w\" sizes=\"(max-width: 599px) 100vw, 599px\" \/><figcaption class=\"wp-element-caption\">Leil\u00e3o Abic (Foto: Reprodu\u00e7\u00e3o Torange pt)<br><\/figcaption><\/figure>\n<\/div>\n\n\n<p>N\u00fameros da StoneX levantados ap\u00f3s um giro pelas principais regi\u00f5es produtoras de caf\u00e9 do pa\u00eds mostram que o gr\u00e3o ter\u00e1 alta de 4,2% na compara\u00e7\u00e3o com o ciclo anterior. A safra de caf\u00e9 do Brasil na temporada 2024\/25, com colheita come\u00e7ando nos pr\u00f3ximos meses, foi estimada nesta quarta-feira (21) em 67 milh\u00f5es de sacas de 60 kg,.<\/p>\n\n\n\n<p>Apesar do aumento na produ\u00e7\u00e3o, a safra ficar\u00e1 abaixo do potencial por influ\u00eancia dos efeitos clim\u00e1ticos do El Ni\u00f1o, disseram os analistas Fernando Maximiliano e Glenio Caetano, em relat\u00f3rio divulgado nesta quarta-feira.<\/p>\n\n\n\n<p>\u201cNo Brasil, o El Ni\u00f1o provocou uma sequ\u00eancia de ondas de calor que ultrapassaram os 40\u00baC em grande parte do cintur\u00e3o cafeeiro. Al\u00e9m disso, devido ao fen\u00f4meno, grande parte do cintur\u00e3o cafeeiro teve volumes de chuva abaixo da m\u00e9dia nos meses de setembro, outubro, novembro e dezembro de 2023, per\u00edodo de desenvolvimento cr\u00edtico para a produ\u00e7\u00e3o em 2024\u201d, destacou o relat\u00f3rio.<\/p>\n\n\n\n<p>Ainda assim, o maior produtor e exportador de caf\u00e9 dever\u00e1 ver aumento na produ\u00e7\u00e3o das duas variedades. No ar\u00e1bica, a safra foi estimada em 44,3 milh\u00f5es de sacas, aumento de 3,6%. J\u00e1 no caf\u00e9 can\u00e9fora (robusta e conilon), a produ\u00e7\u00e3o brasileira foi vista em 22,7 milh\u00f5es de sacas, alta de 5,5%.<\/p>\n\n\n\n<p>Bahia.ba<\/p>\n","protected":false},"excerpt":{"rendered":"<p>N\u00fameros da StoneX levantados ap\u00f3s um giro pelas principais regi\u00f5es produtoras de caf\u00e9 do pa\u00eds mostram que o gr\u00e3o ter\u00e1 alta de 4,2% na compara\u00e7\u00e3o com o ciclo anterior. A safra de caf\u00e9 do Brasil na temporada 2024\/25, com colheita come\u00e7ando nos pr\u00f3ximos meses, foi estimada nesta quarta-feira (21) em 67 milh\u00f5es de sacas de [&hellip;]<\/p>\n","protected":false},"author":2,"featured_media":8499,"comment_status":"open","ping_status":"open","sticky":false,"template":"","format":"standard","meta":{"_jetpack_memberships_contains_paid_content":false,"footnotes":""},"categories":[19],"tags":[],"class_list":["post-8498","post","type-post","status-publish","format-standard","has-post-thumbnail","hentry","category-economia"],"aioseo_notices":[],"jetpack_featured_media_url":"https:\/\/i0.wp.com\/minutobahia24h.com.br\/wp-content\/uploads\/2024\/02\/Sem-titulo-229.jpg?fit=599%2C418&ssl=1","jetpack_sharing_enabled":true,"_links":{"self":[{"href":"https:\/\/minutobahia24h.com.br\/index.php?rest_route=\/wp\/v2\/posts\/8498","targetHints":{"allow":["GET"]}}],"collection":[{"href":"https:\/\/minutobahia24h.com.br\/index.php?rest_route=\/wp\/v2\/posts"}],"about":[{"href":"https:\/\/minutobahia24h.com.br\/index.php?rest_route=\/wp\/v2\/types\/post"}],"author":[{"embeddable":true,"href":"https:\/\/minutobahia24h.com.br\/index.php?rest_route=\/wp\/v2\/users\/2"}],"replies":[{"embeddable":true,"href":"https:\/\/minutobahia24h.com.br\/index.php?rest_route=%2Fwp%2Fv2%2Fcomments&post=8498"}],"version-history":[{"count":1,"href":"https:\/\/minutobahia24h.com.br\/index.php?rest_route=\/wp\/v2\/posts\/8498\/revisions"}],"predecessor-version":[{"id":8500,"href":"https:\/\/minutobahia24h.com.br\/index.php?rest_route=\/wp\/v2\/posts\/8498\/revisions\/8500"}],"wp:featuredmedia":[{"embeddable":true,"href":"https:\/\/minutobahia24h.com.br\/index.php?rest_route=\/wp\/v2\/media\/8499"}],"wp:attachment":[{"href":"https:\/\/minutobahia24h.com.br\/index.php?rest_route=%2Fwp%2Fv2%2Fmedia&parent=8498"}],"wp:term":[{"taxonomy":"category","embeddable":true,"href":"https:\/\/minutobahia24h.com.br\/index.php?rest_route=%2Fwp%2Fv2%2Fcategories&post=8498"},{"taxonomy":"post_tag","embeddable":true,"href":"https:\/\/minutobahia24h.com.br\/index.php?rest_route=%2Fwp%2Fv2%2Ftags&post=8498"}],"curies":[{"name":"wp","href":"https:\/\/api.w.org\/{rel}","templated":true}]}}