{"id":8486,"date":"2024-02-22T07:24:41","date_gmt":"2024-02-22T10:24:41","guid":{"rendered":"https:\/\/minutobahia24h.com.br\/?p=8486"},"modified":"2024-02-22T07:24:42","modified_gmt":"2024-02-22T10:24:42","slug":"tres-garotos-sao-apreendidos-suspeitos-de-estupro-coletivo-contra-menino-de-11-anos-na-bahia","status":"publish","type":"post","link":"https:\/\/minutobahia24h.com.br\/?p=8486","title":{"rendered":"Tr\u00eas garotos s\u00e3o apreendidos suspeitos de estupro coletivo contra menino de 11 anos na Bahia"},"content":{"rendered":"<div class=\"wp-block-image\">\n<figure class=\"aligncenter size-full\"><img data-recalc-dims=\"1\" fetchpriority=\"high\" decoding=\"async\" width=\"696\" height=\"365\" src=\"https:\/\/i0.wp.com\/minutobahia24h.com.br\/wp-content\/uploads\/2024\/02\/Sem-titulo-225.jpg?resize=696%2C365&#038;ssl=1\" alt=\"\" class=\"wp-image-8487\" srcset=\"https:\/\/i0.wp.com\/minutobahia24h.com.br\/wp-content\/uploads\/2024\/02\/Sem-titulo-225.jpg?w=696&amp;ssl=1 696w, https:\/\/i0.wp.com\/minutobahia24h.com.br\/wp-content\/uploads\/2024\/02\/Sem-titulo-225.jpg?resize=300%2C157&amp;ssl=1 300w\" sizes=\"(max-width: 696px) 100vw, 696px\" \/><\/figure>\n<\/div>\n\n\n<p><strong>Tr\u00eas garotos s\u00e3o apreendidos suspeitos de estupro coletivo contra menino de 11 anos na Bahia<\/strong><\/p>\n\n\n\n<p>Tr\u00eas adolescentes foram apreendidos suspeitos de um estupro coletivo em Feira de Santana. A apreens\u00e3o dos suspeitos ocorreu nesta segunda-feira (19) ap\u00f3s cumprimento de mandados expedidos pela Vara da Inf\u00e2ncia e Juventude da Comarca de Feira de Santana.<\/p>\n\n\n\n<p>Segundo o Acorda Cidade, parceiro do Bahia Not\u00edcias, os suspeitos, com idades entre 12 e 13 anos, s\u00e3o apontados como autores do crime contra um menino, de 11 anos, como dist\u00farbio mental.<\/p>\n\n\n\n<p>Conforme a pol\u00edcia, dois dos suspeitos teriam praticado a a\u00e7\u00e3o criminosa enquanto um deles filmava o ato com um aparelho celular.<\/p>\n\n\n\n<p>clebervieiranews<\/p>\n","protected":false},"excerpt":{"rendered":"<p>Tr\u00eas garotos s\u00e3o apreendidos suspeitos de estupro coletivo contra menino de 11 anos na Bahia Tr\u00eas adolescentes foram apreendidos suspeitos de um estupro coletivo em Feira de Santana. A apreens\u00e3o dos suspeitos ocorreu nesta segunda-feira (19) ap\u00f3s cumprimento de mandados expedidos pela Vara da Inf\u00e2ncia e Juventude da Comarca de Feira de Santana. Segundo o [&hellip;]<\/p>\n","protected":false},"author":2,"featured_media":8487,"comment_status":"open","ping_status":"open","sticky":false,"template":"","format":"standard","meta":{"_jetpack_memberships_contains_paid_content":false,"footnotes":""},"categories":[46],"tags":[],"class_list":["post-8486","post","type-post","status-publish","format-standard","has-post-thumbnail","hentry","category-noticia"],"aioseo_notices":[],"jetpack_featured_media_url":"https:\/\/i0.wp.com\/minutobahia24h.com.br\/wp-content\/uploads\/2024\/02\/Sem-titulo-225.jpg?fit=696%2C365&ssl=1","jetpack_sharing_enabled":true,"_links":{"self":[{"href":"https:\/\/minutobahia24h.com.br\/index.php?rest_route=\/wp\/v2\/posts\/8486","targetHints":{"allow":["GET"]}}],"collection":[{"href":"https:\/\/minutobahia24h.com.br\/index.php?rest_route=\/wp\/v2\/posts"}],"about":[{"href":"https:\/\/minutobahia24h.com.br\/index.php?rest_route=\/wp\/v2\/types\/post"}],"author":[{"embeddable":true,"href":"https:\/\/minutobahia24h.com.br\/index.php?rest_route=\/wp\/v2\/users\/2"}],"replies":[{"embeddable":true,"href":"https:\/\/minutobahia24h.com.br\/index.php?rest_route=%2Fwp%2Fv2%2Fcomments&post=8486"}],"version-history":[{"count":1,"href":"https:\/\/minutobahia24h.com.br\/index.php?rest_route=\/wp\/v2\/posts\/8486\/revisions"}],"predecessor-version":[{"id":8488,"href":"https:\/\/minutobahia24h.com.br\/index.php?rest_route=\/wp\/v2\/posts\/8486\/revisions\/8488"}],"wp:featuredmedia":[{"embeddable":true,"href":"https:\/\/minutobahia24h.com.br\/index.php?rest_route=\/wp\/v2\/media\/8487"}],"wp:attachment":[{"href":"https:\/\/minutobahia24h.com.br\/index.php?rest_route=%2Fwp%2Fv2%2Fmedia&parent=8486"}],"wp:term":[{"taxonomy":"category","embeddable":true,"href":"https:\/\/minutobahia24h.com.br\/index.php?rest_route=%2Fwp%2Fv2%2Fcategories&post=8486"},{"taxonomy":"post_tag","embeddable":true,"href":"https:\/\/minutobahia24h.com.br\/index.php?rest_route=%2Fwp%2Fv2%2Ftags&post=8486"}],"curies":[{"name":"wp","href":"https:\/\/api.w.org\/{rel}","templated":true}]}}