{"id":8477,"date":"2024-02-22T07:11:12","date_gmt":"2024-02-22T10:11:12","guid":{"rendered":"https:\/\/minutobahia24h.com.br\/?p=8477"},"modified":"2024-02-22T07:11:14","modified_gmt":"2024-02-22T10:11:14","slug":"auci-do-haras-em-reuniao-com-o-presidente-do-republicanos-de-saude-miguel-arcanjo-define-os-nomes-dos-pre-candidatos-da-legenda-a-casa-legislativa","status":"publish","type":"post","link":"https:\/\/minutobahia24h.com.br\/?p=8477","title":{"rendered":"\u201cAuci do Haras, em reuni\u00e3o com o presidente do Republicanos de Sa\u00fade, Miguel Arcanjo, define os nomes dos pr\u00e9-candidatos da legenda \u00e0 Casa Legislativa.\u201d"},"content":{"rendered":"\n<figure class=\"wp-block-image size-full\"><img data-recalc-dims=\"1\" fetchpriority=\"high\" decoding=\"async\" width=\"800\" height=\"800\" src=\"https:\/\/i0.wp.com\/minutobahia24h.com.br\/wp-content\/uploads\/2024\/02\/Sem-titulo-222.jpg?resize=800%2C800&#038;ssl=1\" alt=\"\" class=\"wp-image-8478\" srcset=\"https:\/\/i0.wp.com\/minutobahia24h.com.br\/wp-content\/uploads\/2024\/02\/Sem-titulo-222.jpg?w=1024&amp;ssl=1 1024w, https:\/\/i0.wp.com\/minutobahia24h.com.br\/wp-content\/uploads\/2024\/02\/Sem-titulo-222.jpg?resize=300%2C300&amp;ssl=1 300w, https:\/\/i0.wp.com\/minutobahia24h.com.br\/wp-content\/uploads\/2024\/02\/Sem-titulo-222.jpg?resize=150%2C150&amp;ssl=1 150w, https:\/\/i0.wp.com\/minutobahia24h.com.br\/wp-content\/uploads\/2024\/02\/Sem-titulo-222.jpg?resize=768%2C768&amp;ssl=1 768w, https:\/\/i0.wp.com\/minutobahia24h.com.br\/wp-content\/uploads\/2024\/02\/Sem-titulo-222.jpg?resize=75%2C75&amp;ssl=1 75w, https:\/\/i0.wp.com\/minutobahia24h.com.br\/wp-content\/uploads\/2024\/02\/Sem-titulo-222.jpg?resize=750%2C750&amp;ssl=1 750w\" sizes=\"(max-width: 800px) 100vw, 800px\" \/><\/figure>\n\n\n\n<p>Em um encontro de suma import\u00e2ncia para os rumos pol\u00edticos da cidade de Sa\u00fade, o prefeito Auc\u00ed do Haras esteve reunido com o presidente do partido Republicanos, Miguel Arcanjo. A reuni\u00e3o teve como objetivo definir os pr\u00e9-candidatos que ir\u00e3o pleitear uma vaga no legislativo saudense nas pr\u00f3ximas elei\u00e7\u00f5es.<\/p>\n\n\n\n<p>A presen\u00e7a de Auc\u00ed do Haras ressalta seu compromisso com o fortalecimento da base pol\u00edtica local e o desenvolvimento da cidade de Sa\u00fade. Ao lado do presidente do Republicanos, ele discutiu estrat\u00e9gias e perfil dos pr\u00e9-candidatos, visando garantir representantes alinhados com os interesses e necessidades da comunidade.<\/p>\n\n\n\n<p>Miguel Arcanjo, l\u00edder do partido Republicanos, destacou a import\u00e2ncia da parceria com Auc\u00ed do Haras para a constru\u00e7\u00e3o de um projeto pol\u00edtico s\u00f3lido e capaz de promover mudan\u00e7as positivas no munic\u00edpio de Sa\u00fade. Juntos, eles est\u00e3o comprometidos em apresentar uma equipe de pr\u00e9-candidatos preparada e comprometida com o progresso da cidade.<\/p>\n\n\n\n<p>Com isso a lista dos nomes dos Pr\u00e9-candidatos da Legenda do Republicanos s\u00e3o:<\/p>\n\n\n\n<p>Miguel Arcanjo<br>Jonatas Santana<br>Lucas da \u00c1gua Branca<br>Irm\u00e3o Givaldo<br>Dadau<br>Igor Jatob\u00e1<br>Edivaldo Feinho<br>Ang\u00e9lica Lima<br>Jordana da Capoeira<br>Claudinha<\/p>\n\n\n\n<p>Fonte: Assessoria Auci do Haras<\/p>\n","protected":false},"excerpt":{"rendered":"<p>Em um encontro de suma import\u00e2ncia para os rumos pol\u00edticos da cidade de Sa\u00fade, o prefeito Auc\u00ed do Haras esteve reunido com o presidente do partido Republicanos, Miguel Arcanjo. A reuni\u00e3o teve como objetivo definir os pr\u00e9-candidatos que ir\u00e3o pleitear uma vaga no legislativo saudense nas pr\u00f3ximas elei\u00e7\u00f5es. A presen\u00e7a de Auc\u00ed do Haras ressalta [&hellip;]<\/p>\n","protected":false},"author":2,"featured_media":8478,"comment_status":"open","ping_status":"open","sticky":false,"template":"","format":"standard","meta":{"_jetpack_memberships_contains_paid_content":false,"footnotes":""},"categories":[3],"tags":[],"class_list":["post-8477","post","type-post","status-publish","format-standard","has-post-thumbnail","hentry","category-regional"],"aioseo_notices":[],"jetpack_featured_media_url":"https:\/\/i0.wp.com\/minutobahia24h.com.br\/wp-content\/uploads\/2024\/02\/Sem-titulo-222.jpg?fit=1024%2C1024&ssl=1","jetpack_sharing_enabled":true,"_links":{"self":[{"href":"https:\/\/minutobahia24h.com.br\/index.php?rest_route=\/wp\/v2\/posts\/8477","targetHints":{"allow":["GET"]}}],"collection":[{"href":"https:\/\/minutobahia24h.com.br\/index.php?rest_route=\/wp\/v2\/posts"}],"about":[{"href":"https:\/\/minutobahia24h.com.br\/index.php?rest_route=\/wp\/v2\/types\/post"}],"author":[{"embeddable":true,"href":"https:\/\/minutobahia24h.com.br\/index.php?rest_route=\/wp\/v2\/users\/2"}],"replies":[{"embeddable":true,"href":"https:\/\/minutobahia24h.com.br\/index.php?rest_route=%2Fwp%2Fv2%2Fcomments&post=8477"}],"version-history":[{"count":1,"href":"https:\/\/minutobahia24h.com.br\/index.php?rest_route=\/wp\/v2\/posts\/8477\/revisions"}],"predecessor-version":[{"id":8479,"href":"https:\/\/minutobahia24h.com.br\/index.php?rest_route=\/wp\/v2\/posts\/8477\/revisions\/8479"}],"wp:featuredmedia":[{"embeddable":true,"href":"https:\/\/minutobahia24h.com.br\/index.php?rest_route=\/wp\/v2\/media\/8478"}],"wp:attachment":[{"href":"https:\/\/minutobahia24h.com.br\/index.php?rest_route=%2Fwp%2Fv2%2Fmedia&parent=8477"}],"wp:term":[{"taxonomy":"category","embeddable":true,"href":"https:\/\/minutobahia24h.com.br\/index.php?rest_route=%2Fwp%2Fv2%2Fcategories&post=8477"},{"taxonomy":"post_tag","embeddable":true,"href":"https:\/\/minutobahia24h.com.br\/index.php?rest_route=%2Fwp%2Fv2%2Ftags&post=8477"}],"curies":[{"name":"wp","href":"https:\/\/api.w.org\/{rel}","templated":true}]}}