{"id":8474,"date":"2024-02-22T07:09:05","date_gmt":"2024-02-22T10:09:05","guid":{"rendered":"https:\/\/minutobahia24h.com.br\/?p=8474"},"modified":"2024-02-22T07:09:07","modified_gmt":"2024-02-22T10:09:07","slug":"policia-civil-de-juazeiro-prende-jovem-de-21-anos-acusado-de-matar-rafael-lima","status":"publish","type":"post","link":"https:\/\/minutobahia24h.com.br\/?p=8474","title":{"rendered":"Pol\u00edcia Civil de Juazeiro prende jovem de 21 anos acusado de matar Rafael Lima"},"content":{"rendered":"<div class=\"wp-block-image\">\n<figure class=\"aligncenter size-full\"><img data-recalc-dims=\"1\" fetchpriority=\"high\" decoding=\"async\" width=\"800\" height=\"744\" src=\"https:\/\/i0.wp.com\/minutobahia24h.com.br\/wp-content\/uploads\/2024\/02\/Sem-titulo-221.jpg?resize=800%2C744&#038;ssl=1\" alt=\"\" class=\"wp-image-8475\" srcset=\"https:\/\/i0.wp.com\/minutobahia24h.com.br\/wp-content\/uploads\/2024\/02\/Sem-titulo-221.jpg?w=885&amp;ssl=1 885w, https:\/\/i0.wp.com\/minutobahia24h.com.br\/wp-content\/uploads\/2024\/02\/Sem-titulo-221.jpg?resize=300%2C279&amp;ssl=1 300w, https:\/\/i0.wp.com\/minutobahia24h.com.br\/wp-content\/uploads\/2024\/02\/Sem-titulo-221.jpg?resize=768%2C714&amp;ssl=1 768w, https:\/\/i0.wp.com\/minutobahia24h.com.br\/wp-content\/uploads\/2024\/02\/Sem-titulo-221.jpg?resize=750%2C697&amp;ssl=1 750w\" sizes=\"(max-width: 800px) 100vw, 800px\" \/><figcaption class=\"wp-element-caption\"><sub>Reprodu\u00e7\u00e3o \/ Facebook<\/sub><br><\/figcaption><\/figure>\n<\/div>\n\n\n<p>Foi preso nesta quarta-feira (21) em S\u00e3o Jos\u00e9 do Belmonte, Pernambuco, um homem de 21 anos, acusado pela morte de Rafael de Souza Lima, 37 anos, que estava com a fam\u00edlia no \u00faltimo dia do carnaval de Juazeiro.<\/p>\n\n\n\n<p>A informa\u00e7\u00e3o \u00e9 do site&nbsp;<strong>Preto no Branco<\/strong>. O acusado foi interrogado e confessou a participa\u00e7\u00e3o no homic\u00eddio.<\/p>\n\n\n\n<p>Rafael e mais 4 pessoas, inclusive um adolescente de 16 anos, foram atingidos por disparos de arma de fogo na Avenida Adolfo Viana, onde ocorria o pr\u00e9-carnaval da cidade. O fato aconteceu no dia 28 de janeiro. Rafael Lima morreu na UPA local. As outras vitimas atingidas tiveram ferimentos.<\/p>\n\n\n\n<p>Rafael estava na festa com a esposa e o filho e, ao sair para comprar bebida, foi atingido pelos disparos. Ele trabalhava na Concession\u00e1ria Pau Brasil Motos, de Juazeiro, e era natural de Senhor do Bonfim.<\/p>\n\n\n\n<p>Ap\u00f3s o crime, o Servi\u00e7o de Intelig\u00eancia da Delegacia de Homic\u00eddios de Juazeiro iniciou as investiga\u00e7\u00f5es e identificou os autores do crime.<\/p>\n\n\n\n<p>\u201cForam identificados os autores do crime, sendo que a motiva\u00e7\u00e3o seria um retalia\u00e7\u00e3o pela morte de Anderson \u00c9den Andrade, o \u201cAndinho\u201d, ocorrida no dia 26 de janeiro, sendo que os alvos do grupo criminoso no dia 28\/01 eram as pessoas de Di\u00f3genes e Herbet. As outras duas v\u00edtimas, Rafael e o adolescente foram vitimas de \u201cbala perdida\u201d e n\u00e3o tinham envolvimento com os grupos,\u201d, informou a Pol\u00edcia Civil.<\/p>\n\n\n\n<p>Anderson \u00c9den Andrade foi assassinado na sexta-feira (26) tamb\u00e9m durante o carnaval. O titular da unidade representou e a Justi\u00e7a decretou a pris\u00e3o dos envolvidos.<\/p>\n\n\n\n<p>\u201dAtrav\u00e9s de investiga\u00e7\u00f5es da Delegacia de Homic\u00eddios de Juazeiro, foi localizado em um endere\u00e7o na zona rural de S\u00e3o Jos\u00e9 do Belmonte, Pernambuco, um dos envolvidos\u201d, informou a pol\u00edcia.<\/p>\n\n\n\n<p>Ele estava escondido no local e, ap\u00f3s \u201ctroca de informa\u00e7\u00f5es foi solicitado o apoio da Policia Militar de Pernambuco para cumprimento do mandado de pris\u00e3o. Ap\u00f3s ser localizado, o jovem, que n\u00e3o teve o nome divulgado, foi preso e ser\u00e1 encaminhado para Juazeiro.<\/p>\n\n\n\n<p>blogdoeloiltoncajuhy<\/p>\n","protected":false},"excerpt":{"rendered":"<p>Foi preso nesta quarta-feira (21) em S\u00e3o Jos\u00e9 do Belmonte, Pernambuco, um homem de 21 anos, acusado pela morte de Rafael de Souza Lima, 37 anos, que estava com a fam\u00edlia no \u00faltimo dia do carnaval de Juazeiro. A informa\u00e7\u00e3o \u00e9 do site&nbsp;Preto no Branco. O acusado foi interrogado e confessou a participa\u00e7\u00e3o no homic\u00eddio. [&hellip;]<\/p>\n","protected":false},"author":2,"featured_media":8475,"comment_status":"open","ping_status":"open","sticky":false,"template":"","format":"standard","meta":{"_jetpack_memberships_contains_paid_content":false,"footnotes":""},"categories":[46],"tags":[],"class_list":["post-8474","post","type-post","status-publish","format-standard","has-post-thumbnail","hentry","category-noticia"],"aioseo_notices":[],"jetpack_featured_media_url":"https:\/\/i0.wp.com\/minutobahia24h.com.br\/wp-content\/uploads\/2024\/02\/Sem-titulo-221.jpg?fit=885%2C823&ssl=1","jetpack_sharing_enabled":true,"_links":{"self":[{"href":"https:\/\/minutobahia24h.com.br\/index.php?rest_route=\/wp\/v2\/posts\/8474","targetHints":{"allow":["GET"]}}],"collection":[{"href":"https:\/\/minutobahia24h.com.br\/index.php?rest_route=\/wp\/v2\/posts"}],"about":[{"href":"https:\/\/minutobahia24h.com.br\/index.php?rest_route=\/wp\/v2\/types\/post"}],"author":[{"embeddable":true,"href":"https:\/\/minutobahia24h.com.br\/index.php?rest_route=\/wp\/v2\/users\/2"}],"replies":[{"embeddable":true,"href":"https:\/\/minutobahia24h.com.br\/index.php?rest_route=%2Fwp%2Fv2%2Fcomments&post=8474"}],"version-history":[{"count":1,"href":"https:\/\/minutobahia24h.com.br\/index.php?rest_route=\/wp\/v2\/posts\/8474\/revisions"}],"predecessor-version":[{"id":8476,"href":"https:\/\/minutobahia24h.com.br\/index.php?rest_route=\/wp\/v2\/posts\/8474\/revisions\/8476"}],"wp:featuredmedia":[{"embeddable":true,"href":"https:\/\/minutobahia24h.com.br\/index.php?rest_route=\/wp\/v2\/media\/8475"}],"wp:attachment":[{"href":"https:\/\/minutobahia24h.com.br\/index.php?rest_route=%2Fwp%2Fv2%2Fmedia&parent=8474"}],"wp:term":[{"taxonomy":"category","embeddable":true,"href":"https:\/\/minutobahia24h.com.br\/index.php?rest_route=%2Fwp%2Fv2%2Fcategories&post=8474"},{"taxonomy":"post_tag","embeddable":true,"href":"https:\/\/minutobahia24h.com.br\/index.php?rest_route=%2Fwp%2Fv2%2Ftags&post=8474"}],"curies":[{"name":"wp","href":"https:\/\/api.w.org\/{rel}","templated":true}]}}