{"id":8468,"date":"2024-02-22T07:05:55","date_gmt":"2024-02-22T10:05:55","guid":{"rendered":"https:\/\/minutobahia24h.com.br\/?p=8468"},"modified":"2024-02-22T07:05:57","modified_gmt":"2024-02-22T10:05:57","slug":"motociclista-morre-em-colisao-com-carreta-na-br-116","status":"publish","type":"post","link":"https:\/\/minutobahia24h.com.br\/?p=8468","title":{"rendered":"Motociclista morre em colis\u00e3o com carreta na BR 116"},"content":{"rendered":"<div class=\"wp-block-image\">\n<figure class=\"aligncenter size-full\"><img data-recalc-dims=\"1\" fetchpriority=\"high\" decoding=\"async\" width=\"526\" height=\"296\" src=\"https:\/\/i0.wp.com\/minutobahia24h.com.br\/wp-content\/uploads\/2024\/02\/Sem-titulo-219.jpg?resize=526%2C296&#038;ssl=1\" alt=\"\" class=\"wp-image-8469\" srcset=\"https:\/\/i0.wp.com\/minutobahia24h.com.br\/wp-content\/uploads\/2024\/02\/Sem-titulo-219.jpg?w=526&amp;ssl=1 526w, https:\/\/i0.wp.com\/minutobahia24h.com.br\/wp-content\/uploads\/2024\/02\/Sem-titulo-219.jpg?resize=300%2C169&amp;ssl=1 300w\" sizes=\"(max-width: 526px) 100vw, 526px\" \/><\/figure>\n<\/div>\n\n\n<p class=\"wp-block-paragraph\">Um motociclista morreu de forma instant\u00e2nea na tarde desta quarta-feira, 21, ap\u00f3s colidir frontalmente a sua motocileta com uma carreta na rodovia BR 116\/Norte, trecho que liga os dois contornos de acesso ao Distrito Caldas do Jorro, tamb\u00e9m conhecido como Jorr\u00e3o, mais precisamente na localidade conhecida como \u201cBaixa do Dezinho, no munic\u00edpio de Tucano, territ\u00f3rio do sisal.<\/p>\n\n\n<div class=\"wp-block-image\">\n<figure class=\"aligncenter\"><img decoding=\"async\" src=\"https:\/\/i0.wp.com\/www.calilanoticias.com\/wp-content\/uploads\/2024\/02\/ac.jpg?resize=700%2C394&amp;ssl=1\" alt=\"\" class=\"wp-image-302824\"\/><\/figure>\n<\/div>\n\n\n<p class=\"wp-block-paragraph\">Segundo o radialista do Programa Tucano Verdade Gil Santos, o motociclista \u00e9 seu primo e se chama Anderson Pimental Monteiro, 26 anos, conhecido por Andrinho.<a><\/a><\/p>\n\n\n\n<p class=\"wp-block-paragraph\">Ainda de acordo com Santos, o motorista de uma Hilux relatou que uma carreta seguia na frente da moto e ele logo atr\u00e1s, quando de repente o motociclista fez a ultrapassagem e atingiu em cheio outra carreta que seguia no sentido contr\u00e1rio.<\/p>\n\n\n\n<figure class=\"wp-block-image\" id=\"attachment_302826\"><img decoding=\"async\" src=\"https:\/\/i0.wp.com\/www.calilanoticias.com\/wp-content\/uploads\/2024\/02\/WhatsApp-Image-2024-02-21-at-17.08.40.jpeg?resize=651%2C670&amp;ssl=1\" alt=\"\" class=\"wp-image-302826\"\/><figcaption class=\"wp-element-caption\">V\u00edtima fatal<\/figcaption><\/figure>\n\n\n\n<p class=\"wp-block-paragraph\">Anderson residia na Fazenda Queimadas as Ab\u00f3boras, regi\u00e3o do Distrito Rua Nova, munic\u00edpio de Tuca<\/p>\n\n\n\n<p class=\"wp-block-paragraph\">REDA\u00c7\u00c3O CN<\/p>\n","protected":false},"excerpt":{"rendered":"<p>Um motociclista morreu de forma instant\u00e2nea na tarde desta quarta-feira, 21, ap\u00f3s colidir frontalmente a sua motocileta com uma carreta na rodovia BR 116\/Norte, trecho que liga os dois contornos de acesso ao Distrito Caldas do Jorro, tamb\u00e9m conhecido como Jorr\u00e3o, mais precisamente na localidade conhecida como \u201cBaixa do Dezinho, no munic\u00edpio de Tucano, territ\u00f3rio [&hellip;]<\/p>\n","protected":false},"author":2,"featured_media":8469,"comment_status":"open","ping_status":"open","sticky":false,"template":"","format":"standard","meta":{"_jetpack_newsletter_access":"","_jetpack_dont_email_post_to_subs":false,"_jetpack_newsletter_tier_id":0,"_jetpack_memberships_contains_paywalled_content":false,"_jetpack_feature_clip_id":0,"_jetpack_memberships_contains_paid_content":false,"footnotes":"","jetpack_post_was_ever_published":false},"categories":[3],"tags":[],"class_list":["post-8468","post","type-post","status-publish","format-standard","has-post-thumbnail","hentry","category-regional"],"aioseo_notices":[],"aioseo_head":"\n\t\t<!-- All in One SEO 5.0.1.1 - aioseo.com -->\n\t<meta name=\"description\" content=\"Um motociclista morreu de forma instant\u00e2nea na tarde desta quarta-feira, 21, ap\u00f3s colidir frontalmente a sua motocileta com uma carreta na rodovia BR 116\/Norte, trecho que liga os dois contornos de acesso ao Distrito Caldas do Jorro, tamb\u00e9m conhecido como Jorr\u00e3o, mais precisamente na localidade conhecida como \u201cBaixa do Dezinho, no munic\u00edpio de Tucano, territ\u00f3rio\" \/>\n\t<meta name=\"robots\" content=\"max-image-preview:large\" \/>\n\t<meta name=\"author\" content=\"andre\"\/>\n\t<link rel=\"canonical\" href=\"https:\/\/minutobahia24h.com.br\/?p=8468\" \/>\n\t<meta name=\"generator\" content=\"All in One SEO (AIOSEO) 5.0.1.1\" \/>\n\t\t<meta property=\"og:locale\" content=\"pt_BR\" \/>\n\t\t<meta property=\"og:site_name\" content=\"Minuto Bahia 24h - O seu portal de not\u00edcias\" \/>\n\t\t<meta property=\"og:type\" content=\"article\" \/>\n\t\t<meta property=\"og:title\" content=\"Motociclista morre em colis\u00e3o com carreta na BR 116 - Minuto Bahia 24h\" \/>\n\t\t<meta property=\"og:description\" content=\"Um motociclista morreu de forma instant\u00e2nea na tarde desta quarta-feira, 21, ap\u00f3s colidir frontalmente a sua motocileta com uma carreta na rodovia BR 116\/Norte, trecho que liga os dois contornos de acesso ao Distrito Caldas do Jorro, tamb\u00e9m conhecido como Jorr\u00e3o, mais precisamente na localidade conhecida como \u201cBaixa do Dezinho, no munic\u00edpio de Tucano, territ\u00f3rio\" \/>\n\t\t<meta property=\"og:url\" content=\"https:\/\/minutobahia24h.com.br\/?p=8468\" \/>\n\t\t<meta property=\"og:image\" content=\"https:\/\/minutobahia24h.com.br\/wp-content\/uploads\/2024\/02\/Sem-titulo-219.jpg\" \/>\n\t\t<meta property=\"og:image:secure_url\" content=\"https:\/\/minutobahia24h.com.br\/wp-content\/uploads\/2024\/02\/Sem-titulo-219.jpg\" \/>\n\t\t<meta property=\"og:image:width\" content=\"526\" \/>\n\t\t<meta property=\"og:image:height\" content=\"296\" \/>\n\t\t<meta property=\"article:published_time\" content=\"2024-02-22T10:05:55+00:00\" \/>\n\t\t<meta property=\"article:modified_time\" content=\"2024-02-22T10:05:57+00:00\" \/>\n\t\t<meta name=\"twitter:card\" content=\"summary_large_image\" \/>\n\t\t<meta name=\"twitter:title\" content=\"Motociclista morre em colis\u00e3o com carreta na BR 116 - Minuto Bahia 24h\" \/>\n\t\t<meta name=\"twitter:description\" content=\"Um motociclista morreu de forma instant\u00e2nea na tarde desta quarta-feira, 21, ap\u00f3s colidir frontalmente a sua motocileta com uma carreta na rodovia BR 116\/Norte, trecho que liga os dois contornos de acesso ao Distrito Caldas do Jorro, tamb\u00e9m conhecido como Jorr\u00e3o, mais precisamente na localidade conhecida como \u201cBaixa do Dezinho, no munic\u00edpio de Tucano, territ\u00f3rio\" \/>\n\t\t<meta name=\"twitter:image\" content=\"https:\/\/minutobahia24h.com.br\/wp-content\/uploads\/2024\/02\/Sem-titulo-219.jpg\" \/>\n\t\t<script type=\"application\/ld+json\" class=\"aioseo-schema\">\n\t\t\t{\"@context\":\"https:\\\/\\\/schema.org\",\"@graph\":[{\"@type\":\"BlogPosting\",\"@id\":\"https:\\\/\\\/minutobahia24h.com.br\\\/?p=8468#blogposting\",\"name\":\"Motociclista morre em colis\\u00e3o com carreta na BR 116 - Minuto Bahia 24h\",\"headline\":\"Motociclista morre em colis\\u00e3o com carreta na BR 116\",\"author\":{\"@id\":\"https:\\\/\\\/minutobahia24h.com.br\\\/?author=2#author\"},\"publisher\":{\"@id\":\"https:\\\/\\\/minutobahia24h.com.br\\\/#organization\"},\"image\":{\"@type\":\"ImageObject\",\"url\":\"https:\\\/\\\/i0.wp.com\\\/minutobahia24h.com.br\\\/wp-content\\\/uploads\\\/2024\\\/02\\\/Sem-titulo-219.jpg?fit=526%2C296&ssl=1\",\"width\":526,\"height\":296},\"datePublished\":\"2024-02-22T07:05:55-03:00\",\"dateModified\":\"2024-02-22T07:05:57-03:00\",\"inLanguage\":\"pt-BR\",\"mainEntityOfPage\":{\"@id\":\"https:\\\/\\\/minutobahia24h.com.br\\\/?p=8468#webpage\"},\"isPartOf\":{\"@id\":\"https:\\\/\\\/minutobahia24h.com.br\\\/?p=8468#webpage\"},\"articleSection\":\"Regional\"},{\"@type\":\"BreadcrumbList\",\"@id\":\"https:\\\/\\\/minutobahia24h.com.br\\\/?p=8468#breadcrumblist\",\"itemListElement\":[{\"@type\":\"ListItem\",\"@id\":\"https:\\\/\\\/minutobahia24h.com.br#listItem\",\"position\":1,\"name\":\"In\\u00edcio\",\"item\":\"https:\\\/\\\/minutobahia24h.com.br\",\"nextItem\":{\"@type\":\"ListItem\",\"@id\":\"https:\\\/\\\/minutobahia24h.com.br\\\/?cat=3#listItem\",\"name\":\"Regional\"}},{\"@type\":\"ListItem\",\"@id\":\"https:\\\/\\\/minutobahia24h.com.br\\\/?cat=3#listItem\",\"position\":2,\"name\":\"Regional\",\"item\":\"https:\\\/\\\/minutobahia24h.com.br\\\/?cat=3\",\"nextItem\":{\"@type\":\"ListItem\",\"@id\":\"https:\\\/\\\/minutobahia24h.com.br\\\/?p=8468#listItem\",\"name\":\"Motociclista morre em colis\\u00e3o com carreta na BR 116\"},\"previousItem\":{\"@type\":\"ListItem\",\"@id\":\"https:\\\/\\\/minutobahia24h.com.br#listItem\",\"name\":\"In\\u00edcio\"}},{\"@type\":\"ListItem\",\"@id\":\"https:\\\/\\\/minutobahia24h.com.br\\\/?p=8468#listItem\",\"position\":3,\"name\":\"Motociclista morre em colis\\u00e3o com carreta na BR 116\",\"previousItem\":{\"@type\":\"ListItem\",\"@id\":\"https:\\\/\\\/minutobahia24h.com.br\\\/?cat=3#listItem\",\"name\":\"Regional\"}}]},{\"@type\":\"Organization\",\"@id\":\"https:\\\/\\\/minutobahia24h.com.br\\\/#organization\",\"name\":\"Minuto Bahia 24h\",\"description\":\"O seu portal de not\\u00edcias\",\"url\":\"https:\\\/\\\/minutobahia24h.com.br\\\/\",\"logo\":{\"@type\":\"ImageObject\",\"url\":\"https:\\\/\\\/i0.wp.com\\\/minutobahia24h.com.br\\\/wp-content\\\/uploads\\\/2023\\\/09\\\/cropped-minutoba.png?fit=457%2C119&ssl=1\",\"@id\":\"https:\\\/\\\/minutobahia24h.com.br\\\/?p=8468\\\/#organizationLogo\",\"width\":457,\"height\":119},\"image\":{\"@id\":\"https:\\\/\\\/minutobahia24h.com.br\\\/?p=8468\\\/#organizationLogo\"}},{\"@type\":\"Person\",\"@id\":\"https:\\\/\\\/minutobahia24h.com.br\\\/?author=2#author\",\"url\":\"https:\\\/\\\/minutobahia24h.com.br\\\/?author=2\",\"name\":\"andre\",\"image\":{\"@type\":\"ImageObject\",\"@id\":\"https:\\\/\\\/minutobahia24h.com.br\\\/?p=8468#authorImage\",\"url\":\"https:\\\/\\\/secure.gravatar.com\\\/avatar\\\/0ec5eafed5f3925c321625d79a680d589901b94bca787ae396a35f6c4a960922?s=96&d=mm&r=g\",\"width\":96,\"height\":96,\"caption\":\"andre\"}},{\"@type\":\"WebPage\",\"@id\":\"https:\\\/\\\/minutobahia24h.com.br\\\/?p=8468#webpage\",\"url\":\"https:\\\/\\\/minutobahia24h.com.br\\\/?p=8468\",\"name\":\"Motociclista morre em colis\\u00e3o com carreta na BR 116 - Minuto Bahia 24h\",\"description\":\"Um motociclista morreu de forma instant\\u00e2nea na tarde desta quarta-feira, 21, ap\\u00f3s colidir frontalmente a sua motocileta com uma carreta na rodovia BR 116\\\/Norte, trecho que liga os dois contornos de acesso ao Distrito Caldas do Jorro, tamb\\u00e9m conhecido como Jorr\\u00e3o, mais precisamente na localidade conhecida como \\u201cBaixa do Dezinho, no munic\\u00edpio de Tucano, territ\\u00f3rio\",\"inLanguage\":\"pt-BR\",\"isPartOf\":{\"@id\":\"https:\\\/\\\/minutobahia24h.com.br\\\/#website\"},\"breadcrumb\":{\"@id\":\"https:\\\/\\\/minutobahia24h.com.br\\\/?p=8468#breadcrumblist\"},\"author\":{\"@id\":\"https:\\\/\\\/minutobahia24h.com.br\\\/?author=2#author\"},\"creator\":{\"@id\":\"https:\\\/\\\/minutobahia24h.com.br\\\/?author=2#author\"},\"image\":{\"@type\":\"ImageObject\",\"url\":\"https:\\\/\\\/i0.wp.com\\\/minutobahia24h.com.br\\\/wp-content\\\/uploads\\\/2024\\\/02\\\/Sem-titulo-219.jpg?fit=526%2C296&ssl=1\",\"@id\":\"https:\\\/\\\/minutobahia24h.com.br\\\/?p=8468\\\/#mainImage\",\"width\":526,\"height\":296},\"primaryImageOfPage\":{\"@id\":\"https:\\\/\\\/minutobahia24h.com.br\\\/?p=8468#mainImage\"},\"datePublished\":\"2024-02-22T07:05:55-03:00\",\"dateModified\":\"2024-02-22T07:05:57-03:00\"},{\"@type\":\"WebSite\",\"@id\":\"https:\\\/\\\/minutobahia24h.com.br\\\/#website\",\"url\":\"https:\\\/\\\/minutobahia24h.com.br\\\/\",\"name\":\"Minuto Bahia 24h\",\"description\":\"O seu portal de not\\u00edcias\",\"inLanguage\":\"pt-BR\",\"publisher\":{\"@id\":\"https:\\\/\\\/minutobahia24h.com.br\\\/#organization\"}}]}\n\t\t<\/script>\n\t\t<!-- All in One SEO -->\n\n","aioseo_head_json":{"title":"Motociclista morre em colis\u00e3o com carreta na BR 116 - Minuto Bahia 24h","description":"Um motociclista morreu de forma instant\u00e2nea na tarde desta quarta-feira, 21, ap\u00f3s colidir frontalmente a sua motocileta com uma carreta na rodovia BR 116\/Norte, trecho que liga os dois contornos de acesso ao Distrito Caldas do Jorro, tamb\u00e9m conhecido como Jorr\u00e3o, mais precisamente na localidade conhecida como \u201cBaixa do Dezinho, no munic\u00edpio de Tucano, territ\u00f3rio","canonical_url":"https:\/\/minutobahia24h.com.br\/?p=8468","robots":"max-image-preview:large","keywords":"","webmasterTools":{"miscellaneous":""},"schema":{"@context":"https:\/\/schema.org","@graph":[{"@type":"BlogPosting","@id":"https:\/\/minutobahia24h.com.br\/?p=8468#blogposting","name":"Motociclista morre em colis\u00e3o com carreta na BR 116 - Minuto Bahia 24h","headline":"Motociclista morre em colis\u00e3o com carreta na BR 116","author":{"@id":"https:\/\/minutobahia24h.com.br\/?author=2#author"},"publisher":{"@id":"https:\/\/minutobahia24h.com.br\/#organization"},"image":{"@type":"ImageObject","url":"https:\/\/i0.wp.com\/minutobahia24h.com.br\/wp-content\/uploads\/2024\/02\/Sem-titulo-219.jpg?fit=526%2C296&ssl=1","width":526,"height":296},"datePublished":"2024-02-22T07:05:55-03:00","dateModified":"2024-02-22T07:05:57-03:00","inLanguage":"pt-BR","mainEntityOfPage":{"@id":"https:\/\/minutobahia24h.com.br\/?p=8468#webpage"},"isPartOf":{"@id":"https:\/\/minutobahia24h.com.br\/?p=8468#webpage"},"articleSection":"Regional"},{"@type":"BreadcrumbList","@id":"https:\/\/minutobahia24h.com.br\/?p=8468#breadcrumblist","itemListElement":[{"@type":"ListItem","@id":"https:\/\/minutobahia24h.com.br#listItem","position":1,"name":"In\u00edcio","item":"https:\/\/minutobahia24h.com.br","nextItem":{"@type":"ListItem","@id":"https:\/\/minutobahia24h.com.br\/?cat=3#listItem","name":"Regional"}},{"@type":"ListItem","@id":"https:\/\/minutobahia24h.com.br\/?cat=3#listItem","position":2,"name":"Regional","item":"https:\/\/minutobahia24h.com.br\/?cat=3","nextItem":{"@type":"ListItem","@id":"https:\/\/minutobahia24h.com.br\/?p=8468#listItem","name":"Motociclista morre em colis\u00e3o com carreta na BR 116"},"previousItem":{"@type":"ListItem","@id":"https:\/\/minutobahia24h.com.br#listItem","name":"In\u00edcio"}},{"@type":"ListItem","@id":"https:\/\/minutobahia24h.com.br\/?p=8468#listItem","position":3,"name":"Motociclista morre em colis\u00e3o com carreta na BR 116","previousItem":{"@type":"ListItem","@id":"https:\/\/minutobahia24h.com.br\/?cat=3#listItem","name":"Regional"}}]},{"@type":"Organization","@id":"https:\/\/minutobahia24h.com.br\/#organization","name":"Minuto Bahia 24h","description":"O seu portal de not\u00edcias","url":"https:\/\/minutobahia24h.com.br\/","logo":{"@type":"ImageObject","url":"https:\/\/i0.wp.com\/minutobahia24h.com.br\/wp-content\/uploads\/2023\/09\/cropped-minutoba.png?fit=457%2C119&ssl=1","@id":"https:\/\/minutobahia24h.com.br\/?p=8468\/#organizationLogo","width":457,"height":119},"image":{"@id":"https:\/\/minutobahia24h.com.br\/?p=8468\/#organizationLogo"}},{"@type":"Person","@id":"https:\/\/minutobahia24h.com.br\/?author=2#author","url":"https:\/\/minutobahia24h.com.br\/?author=2","name":"andre","image":{"@type":"ImageObject","@id":"https:\/\/minutobahia24h.com.br\/?p=8468#authorImage","url":"https:\/\/secure.gravatar.com\/avatar\/0ec5eafed5f3925c321625d79a680d589901b94bca787ae396a35f6c4a960922?s=96&d=mm&r=g","width":96,"height":96,"caption":"andre"}},{"@type":"WebPage","@id":"https:\/\/minutobahia24h.com.br\/?p=8468#webpage","url":"https:\/\/minutobahia24h.com.br\/?p=8468","name":"Motociclista morre em colis\u00e3o com carreta na BR 116 - Minuto Bahia 24h","description":"Um motociclista morreu de forma instant\u00e2nea na tarde desta quarta-feira, 21, ap\u00f3s colidir frontalmente a sua motocileta com uma carreta na rodovia BR 116\/Norte, trecho que liga os dois contornos de acesso ao Distrito Caldas do Jorro, tamb\u00e9m conhecido como Jorr\u00e3o, mais precisamente na localidade conhecida como \u201cBaixa do Dezinho, no munic\u00edpio de Tucano, territ\u00f3rio","inLanguage":"pt-BR","isPartOf":{"@id":"https:\/\/minutobahia24h.com.br\/#website"},"breadcrumb":{"@id":"https:\/\/minutobahia24h.com.br\/?p=8468#breadcrumblist"},"author":{"@id":"https:\/\/minutobahia24h.com.br\/?author=2#author"},"creator":{"@id":"https:\/\/minutobahia24h.com.br\/?author=2#author"},"image":{"@type":"ImageObject","url":"https:\/\/i0.wp.com\/minutobahia24h.com.br\/wp-content\/uploads\/2024\/02\/Sem-titulo-219.jpg?fit=526%2C296&ssl=1","@id":"https:\/\/minutobahia24h.com.br\/?p=8468\/#mainImage","width":526,"height":296},"primaryImageOfPage":{"@id":"https:\/\/minutobahia24h.com.br\/?p=8468#mainImage"},"datePublished":"2024-02-22T07:05:55-03:00","dateModified":"2024-02-22T07:05:57-03:00"},{"@type":"WebSite","@id":"https:\/\/minutobahia24h.com.br\/#website","url":"https:\/\/minutobahia24h.com.br\/","name":"Minuto Bahia 24h","description":"O seu portal de not\u00edcias","inLanguage":"pt-BR","publisher":{"@id":"https:\/\/minutobahia24h.com.br\/#organization"}}]},"og:locale":"pt_BR","og:site_name":"Minuto Bahia 24h - O seu portal de not\u00edcias","og:type":"article","og:title":"Motociclista morre em colis\u00e3o com carreta na BR 116 - Minuto Bahia 24h","og:description":"Um motociclista morreu de forma instant\u00e2nea na tarde desta quarta-feira, 21, ap\u00f3s colidir frontalmente a sua motocileta com uma carreta na rodovia BR 116\/Norte, trecho que liga os dois contornos de acesso ao Distrito Caldas do Jorro, tamb\u00e9m conhecido como Jorr\u00e3o, mais precisamente na localidade conhecida como \u201cBaixa do Dezinho, no munic\u00edpio de Tucano, territ\u00f3rio","og:url":"https:\/\/minutobahia24h.com.br\/?p=8468","og:image":"https:\/\/minutobahia24h.com.br\/wp-content\/uploads\/2024\/02\/Sem-titulo-219.jpg","og:image:secure_url":"https:\/\/minutobahia24h.com.br\/wp-content\/uploads\/2024\/02\/Sem-titulo-219.jpg","og:image:width":526,"og:image:height":296,"article:published_time":"2024-02-22T10:05:55+00:00","article:modified_time":"2024-02-22T10:05:57+00:00","twitter:card":"summary_large_image","twitter:title":"Motociclista morre em colis\u00e3o com carreta na BR 116 - Minuto Bahia 24h","twitter:description":"Um motociclista morreu de forma instant\u00e2nea na tarde desta quarta-feira, 21, ap\u00f3s colidir frontalmente a sua motocileta com uma carreta na rodovia BR 116\/Norte, trecho que liga os dois contornos de acesso ao Distrito Caldas do Jorro, tamb\u00e9m conhecido como Jorr\u00e3o, mais precisamente na localidade conhecida como \u201cBaixa do Dezinho, no munic\u00edpio de Tucano, territ\u00f3rio","twitter:image":"https:\/\/minutobahia24h.com.br\/wp-content\/uploads\/2024\/02\/Sem-titulo-219.jpg"},"aioseo_meta_data":{"post_id":"8468","title":null,"description":null,"keywords":[],"keyphrases":{"focus":{"keyphrase":"","score":0,"analysis":{"keyphraseInTitle":{"score":0,"maxScore":9,"error":1}}},"additional":[]},"primary_term":null,"canonical_url":null,"og_title":null,"og_description":null,"og_object_type":"default","og_image_type":"default","og_image_url":null,"og_image_width":null,"og_image_height":null,"og_image_custom_url":null,"og_image_custom_fields":null,"og_video":"","og_custom_url":null,"og_article_section":null,"og_article_tags":[],"twitter_use_og":true,"twitter_card":"default","twitter_image_type":"default","twitter_image_url":null,"twitter_image_custom_url":null,"twitter_image_custom_fields":null,"twitter_title":null,"twitter_description":null,"schema":{"blockGraphs":[],"customGraphs":[],"default":{"data":{"Article":[],"Course":[],"Dataset":[],"FAQPage":[],"Movie":[],"Person":[],"Product":[],"ProductReview":[],"Car":[],"Recipe":[],"Service":[],"SoftwareApplication":[],"WebPage":[]},"graphName":"BlogPosting","isEnabled":true},"graphs":[]},"schema_type":"default","schema_type_options":null,"pillar_content":false,"robots_default":true,"robots_noindex":false,"robots_noarchive":false,"robots_nosnippet":false,"robots_nofollow":false,"robots_noimageindex":false,"robots_noodp":false,"robots_notranslate":false,"robots_max_snippet":"-1","robots_max_videopreview":"-1","robots_max_imagepreview":"large","priority":null,"frequency":"default","local_seo":null,"breadcrumb_settings":null,"limit_modified_date":false,"ai":null,"created":"2024-02-22 10:05:57","updated":"2025-06-04 13:35:54","seo_analyzer_scan_date":null,"focus_keyword":null,"additional_keywords":null,"truseo_locale":null},"aioseo_breadcrumb":"<div class=\"aioseo-breadcrumbs\"><span class=\"aioseo-breadcrumb\">\n\t\t\t<a href=\"https:\/\/minutobahia24h.com.br\" title=\"In\u00edcio\">In\u00edcio<\/a>\n\t\t<\/span><span class=\"aioseo-breadcrumb-separator\">&raquo;<\/span><span class=\"aioseo-breadcrumb\">\n\t\t\t<a href=\"https:\/\/minutobahia24h.com.br\/?cat=3\" title=\"Regional\">Regional<\/a>\n\t\t<\/span><span class=\"aioseo-breadcrumb-separator\">&raquo;<\/span><span class=\"aioseo-breadcrumb\">\n\t\t\tMotociclista morre em colis\u00e3o com carreta na BR 116\n\t\t<\/span><\/div>","aioseo_breadcrumb_json":[{"label":"In\u00edcio","link":"https:\/\/minutobahia24h.com.br"},{"label":"Regional","link":"https:\/\/minutobahia24h.com.br\/?cat=3"},{"label":"Motociclista morre em colis\u00e3o com carreta na BR 116","link":"https:\/\/minutobahia24h.com.br\/?p=8468"}],"jetpack_sharing_enabled":true,"jetpack_featured_media_url":"https:\/\/i0.wp.com\/minutobahia24h.com.br\/wp-content\/uploads\/2024\/02\/Sem-titulo-219.jpg?fit=526%2C296&ssl=1","_links":{"self":[{"href":"https:\/\/minutobahia24h.com.br\/index.php?rest_route=\/wp\/v2\/posts\/8468","targetHints":{"allow":["GET"]}}],"collection":[{"href":"https:\/\/minutobahia24h.com.br\/index.php?rest_route=\/wp\/v2\/posts"}],"about":[{"href":"https:\/\/minutobahia24h.com.br\/index.php?rest_route=\/wp\/v2\/types\/post"}],"author":[{"embeddable":true,"href":"https:\/\/minutobahia24h.com.br\/index.php?rest_route=\/wp\/v2\/users\/2"}],"replies":[{"embeddable":true,"href":"https:\/\/minutobahia24h.com.br\/index.php?rest_route=%2Fwp%2Fv2%2Fcomments&post=8468"}],"version-history":[{"count":1,"href":"https:\/\/minutobahia24h.com.br\/index.php?rest_route=\/wp\/v2\/posts\/8468\/revisions"}],"predecessor-version":[{"id":8470,"href":"https:\/\/minutobahia24h.com.br\/index.php?rest_route=\/wp\/v2\/posts\/8468\/revisions\/8470"}],"wp:featuredmedia":[{"embeddable":true,"href":"https:\/\/minutobahia24h.com.br\/index.php?rest_route=\/wp\/v2\/media\/8469"}],"wp:attachment":[{"href":"https:\/\/minutobahia24h.com.br\/index.php?rest_route=%2Fwp%2Fv2%2Fmedia&parent=8468"}],"wp:term":[{"taxonomy":"category","embeddable":true,"href":"https:\/\/minutobahia24h.com.br\/index.php?rest_route=%2Fwp%2Fv2%2Fcategories&post=8468"},{"taxonomy":"post_tag","embeddable":true,"href":"https:\/\/minutobahia24h.com.br\/index.php?rest_route=%2Fwp%2Fv2%2Ftags&post=8468"}],"curies":[{"name":"wp","href":"https:\/\/api.w.org\/{rel}","templated":true}]}}