{"id":8464,"date":"2024-02-22T07:04:05","date_gmt":"2024-02-22T10:04:05","guid":{"rendered":"https:\/\/minutobahia24h.com.br\/?p=8464"},"modified":"2024-02-22T07:04:07","modified_gmt":"2024-02-22T10:04:07","slug":"prefeitura-de-filadelfia-realizara-a-jornada-pedagogica-2024-educar-transformar-humanizar","status":"publish","type":"post","link":"https:\/\/minutobahia24h.com.br\/?p=8464","title":{"rendered":"Prefeitura de Filad\u00e9lfia realizar\u00e1 a Jornada Pedag\u00f3gica 2024: Educar, Transformar, Humanizar"},"content":{"rendered":"<div class=\"wp-block-image\">\n<figure class=\"aligncenter size-full\"><img data-recalc-dims=\"1\" fetchpriority=\"high\" decoding=\"async\" width=\"337\" height=\"421\" src=\"https:\/\/i0.wp.com\/minutobahia24h.com.br\/wp-content\/uploads\/2024\/02\/Sem-titulo-218.jpg?resize=337%2C421&#038;ssl=1\" alt=\"\" class=\"wp-image-8465\" srcset=\"https:\/\/i0.wp.com\/minutobahia24h.com.br\/wp-content\/uploads\/2024\/02\/Sem-titulo-218.jpg?w=337&amp;ssl=1 337w, https:\/\/i0.wp.com\/minutobahia24h.com.br\/wp-content\/uploads\/2024\/02\/Sem-titulo-218.jpg?resize=240%2C300&amp;ssl=1 240w\" sizes=\"(max-width: 337px) 100vw, 337px\" \/><\/figure>\n<\/div>\n\n\n<p>A Prefeitura de Filad\u00e9lfia, atrav\u00e9s da Secretaria Municipal de Educa\u00e7\u00e3o e Desporto (SEMED), anuncia a realiza\u00e7\u00e3o da Jornada Pedag\u00f3gica 2024, um evento dedicado \u00e0 reflex\u00e3o e ao aprimoramento das pr\u00e1ticas educacionais.<\/p>\n\n\n\n<p>Com o tema \u201cEducar, Transformar, Humanizar: Ampliando o Olhar para o Presente e o Futuro\u201d, a Jornada Pedag\u00f3gica 2024 busca proporcionar um espa\u00e7o de di\u00e1logo e aprendizado para os educadores da Rede Municipal de Ensino.<\/p>\n\n\n\n<p>O evento visa explorar n\u00e3o apenas as metodologias de ensino, mas tamb\u00e9m a import\u00e2ncia de uma educa\u00e7\u00e3o que promova transforma\u00e7\u00f5es sociais e humanize as rela\u00e7\u00f5es dentro e fora da sala de aula.<\/p>\n\n\n\n<p>Durante a Jornada Pedag\u00f3gica, os participantes ter\u00e3o a oportunidade de participar de palestras e atividades pr\u00e1ticas conduzidas por especialistas da \u00e1rea educacional. Ser\u00e3o abordados temas relevantes para a forma\u00e7\u00e3o integral dos estudantes, assim como estrat\u00e9gias para fortalecer o papel dos educadores como agentes de mudan\u00e7a em suas comunidades.<\/p>\n\n\n\n<p>\u201cAcreditamos que a educa\u00e7\u00e3o \u00e9 uma ferramenta poderosa para construir um futuro mais justo e inclusivo\u201d, afirma Jorge Adriano, secret\u00e1rio de Educa\u00e7\u00e3o.<\/p>\n\n\n\n<p>O prefeito Louro Maia ressalta e reafirma o compromisso com a Educa\u00e7\u00e3o Municipal \u201cSeguimos empenhados em oferecer aos nossos educadores oportunidades de desenvolvimento profissional que os capacitem a enfrentar os desafios do presente e do futuro com criatividade e empatia\u201d, frisa o prefeito.<\/p>\n\n\n\n<p>A Jornada Pedag\u00f3gica 2024 ser\u00e1 realizada no novo Col\u00e9gio Alice, com abertura no dia 26 de fevereiro, segunda-feira e ter\u00e1 como p\u00fablico alvo educadores comprometidos com a transforma\u00e7\u00e3o da educa\u00e7\u00e3o em Filad\u00e9lfia.<\/p>\n\n\n<div class=\"wp-block-image\">\n<figure class=\"aligncenter size-full\"><img data-recalc-dims=\"1\" decoding=\"async\" data-src=\"https:\/\/i0.wp.com\/minutobahia24h.com.br\/wp-content\/uploads\/2024\/02\/image.png?w=800&#038;ssl=1\" alt=\"\" class=\"wp-image-8466 lazyload\" src=\"data:image\/gif;base64,R0lGODlhAQABAAAAACH5BAEKAAEALAAAAAABAAEAAAICTAEAOw==\" \/><noscript><img data-recalc-dims=\"1\" decoding=\"async\" src=\"https:\/\/i0.wp.com\/minutobahia24h.com.br\/wp-content\/uploads\/2024\/02\/image.png?w=800&#038;ssl=1\" alt=\"\" class=\"wp-image-8466\"\/><\/noscript><\/figure>\n<\/div>\n\n\n<p>diganews<\/p>\n","protected":false},"excerpt":{"rendered":"<p>A Prefeitura de Filad\u00e9lfia, atrav\u00e9s da Secretaria Municipal de Educa\u00e7\u00e3o e Desporto (SEMED), anuncia a realiza\u00e7\u00e3o da Jornada Pedag\u00f3gica 2024, um evento dedicado \u00e0 reflex\u00e3o e ao aprimoramento das pr\u00e1ticas educacionais. Com o tema \u201cEducar, Transformar, Humanizar: Ampliando o Olhar para o Presente e o Futuro\u201d, a Jornada Pedag\u00f3gica 2024 busca proporcionar um espa\u00e7o de [&hellip;]<\/p>\n","protected":false},"author":2,"featured_media":8465,"comment_status":"open","ping_status":"open","sticky":false,"template":"","format":"standard","meta":{"_jetpack_memberships_contains_paid_content":false,"footnotes":""},"categories":[46],"tags":[],"class_list":["post-8464","post","type-post","status-publish","format-standard","has-post-thumbnail","hentry","category-noticia"],"aioseo_notices":[],"jetpack_featured_media_url":"https:\/\/i0.wp.com\/minutobahia24h.com.br\/wp-content\/uploads\/2024\/02\/Sem-titulo-218.jpg?fit=337%2C421&ssl=1","jetpack_sharing_enabled":true,"_links":{"self":[{"href":"https:\/\/minutobahia24h.com.br\/index.php?rest_route=\/wp\/v2\/posts\/8464","targetHints":{"allow":["GET"]}}],"collection":[{"href":"https:\/\/minutobahia24h.com.br\/index.php?rest_route=\/wp\/v2\/posts"}],"about":[{"href":"https:\/\/minutobahia24h.com.br\/index.php?rest_route=\/wp\/v2\/types\/post"}],"author":[{"embeddable":true,"href":"https:\/\/minutobahia24h.com.br\/index.php?rest_route=\/wp\/v2\/users\/2"}],"replies":[{"embeddable":true,"href":"https:\/\/minutobahia24h.com.br\/index.php?rest_route=%2Fwp%2Fv2%2Fcomments&post=8464"}],"version-history":[{"count":1,"href":"https:\/\/minutobahia24h.com.br\/index.php?rest_route=\/wp\/v2\/posts\/8464\/revisions"}],"predecessor-version":[{"id":8467,"href":"https:\/\/minutobahia24h.com.br\/index.php?rest_route=\/wp\/v2\/posts\/8464\/revisions\/8467"}],"wp:featuredmedia":[{"embeddable":true,"href":"https:\/\/minutobahia24h.com.br\/index.php?rest_route=\/wp\/v2\/media\/8465"}],"wp:attachment":[{"href":"https:\/\/minutobahia24h.com.br\/index.php?rest_route=%2Fwp%2Fv2%2Fmedia&parent=8464"}],"wp:term":[{"taxonomy":"category","embeddable":true,"href":"https:\/\/minutobahia24h.com.br\/index.php?rest_route=%2Fwp%2Fv2%2Fcategories&post=8464"},{"taxonomy":"post_tag","embeddable":true,"href":"https:\/\/minutobahia24h.com.br\/index.php?rest_route=%2Fwp%2Fv2%2Ftags&post=8464"}],"curies":[{"name":"wp","href":"https:\/\/api.w.org\/{rel}","templated":true}]}}