{"id":8203,"date":"2024-02-15T07:44:48","date_gmt":"2024-02-15T10:44:48","guid":{"rendered":"https:\/\/minutobahia24h.com.br\/?p=8203"},"modified":"2024-02-15T07:44:49","modified_gmt":"2024-02-15T10:44:49","slug":"stf-declara-inconstitucional-lei-que-da-porte-de-armas-a-servidores-da-area-meio-da-policia-penal","status":"publish","type":"post","link":"https:\/\/minutobahia24h.com.br\/?p=8203","title":{"rendered":"STF declara inconstitucional lei que d\u00e1 porte de armas a servidores da \u00e1rea meio da Pol\u00edcia Penal"},"content":{"rendered":"<div class=\"wp-block-image\">\n<figure class=\"aligncenter size-full\"><img data-recalc-dims=\"1\" fetchpriority=\"high\" decoding=\"async\" width=\"433\" height=\"287\" src=\"https:\/\/i0.wp.com\/minutobahia24h.com.br\/wp-content\/uploads\/2024\/02\/Sem-titulo-139.jpg?resize=433%2C287&#038;ssl=1\" alt=\"\" class=\"wp-image-8204\" srcset=\"https:\/\/i0.wp.com\/minutobahia24h.com.br\/wp-content\/uploads\/2024\/02\/Sem-titulo-139.jpg?w=433&amp;ssl=1 433w, https:\/\/i0.wp.com\/minutobahia24h.com.br\/wp-content\/uploads\/2024\/02\/Sem-titulo-139.jpg?resize=300%2C199&amp;ssl=1 300w\" sizes=\"(max-width: 433px) 100vw, 433px\" \/><\/figure>\n<\/div>\n\n\n<p>Foi publicada no Di\u00e1rio do Supremo Tribunal Federal (STF) a decis\u00e3o que declarou inconstitucionais as leis estaduais que garantem o porte de arma de fogo a servidores da \u00e1rea meio da estrutura organizacional da Pol\u00edcia Penal de Mato Grosso. Foi pontuado que cabe \u00e0 Uni\u00e3o a autoriza\u00e7\u00e3o do porte de arma de fogo.<\/p>\n\n\n\n<p>A A\u00e7\u00e3o Direta de Inconstitucionalidade (ADI) foi proposta pelo procurador-geral da Rep\u00fablica, Augusto Aras, que apontou que a compet\u00eancia para legislar sobre porte de arma de fogo \u00e9 da Uni\u00e3o, j\u00e1 que trata de uma tem\u00e1tica que fere a seguran\u00e7a nacional.<a><\/a><\/p>\n\n\n\n<p>Ele tamb\u00e9m afirmou que o Estatuto do Desarmamento, de 2003, disciplina sobre a proibi\u00e7\u00e3o do tema. Policiais penais t\u00eam resguardado, em lei federal, o direito ao porte. A a\u00e7\u00e3o, contudo, questionou a extens\u00e3o do direito aos servidores da \u00e1rea meio, que conquistaram o direito via norma estadual.<\/p>\n\n\n\n<p>O julgamento virtual ocorreu ainda em dezembro do ano passado, mas a decis\u00e3o foi publicada hoje (6). O Tribunal, por unanimidade, julgou procedente a a\u00e7\u00e3o e declarou a inconstitucionalidade do art. 43-A, \u00a7 7\u00ba, da Lei Complementar n. 389\/2010, inclu\u00eddo pela Lei Complementar n. 748\/2022, ambas do Estado do Mato Grosso.<\/p>\n\n\n\n<p>\u201cCompete exclusivamente \u00e0 Uni\u00e3o autorizar e fiscalizar a produ\u00e7\u00e3o e o com\u00e9rcio de material b\u00e9lico, bem como legislar sobre a mesma tem\u00e1tica [&#8230;] O porte de arma de fogo constitui assunto relacionado \u00e0 seguran\u00e7a nacional, inserindo-se, por consequ\u00eancia, na compet\u00eancia legislativa da Uni\u00e3o. [&#8230;] Lei estadual que conceda o porte de arma de fogo institucional a que tem direito o servidor agente penitenci\u00e1rio estadual a outras categorias da estrutura organizacional da Pol\u00edcia Penal \u00e9 formalmente inconstitucional\u201d, diz trecho do ac\u00f3rd\u00e3o.&nbsp;&nbsp;<\/p>\n\n\n\n<p>abahiaacontece<\/p>\n","protected":false},"excerpt":{"rendered":"<p>Foi publicada no Di\u00e1rio do Supremo Tribunal Federal (STF) a decis\u00e3o que declarou inconstitucionais as leis estaduais que garantem o porte de arma de fogo a servidores da \u00e1rea meio da estrutura organizacional da Pol\u00edcia Penal de Mato Grosso. Foi pontuado que cabe \u00e0 Uni\u00e3o a autoriza\u00e7\u00e3o do porte de arma de fogo. A A\u00e7\u00e3o [&hellip;]<\/p>\n","protected":false},"author":2,"featured_media":8204,"comment_status":"open","ping_status":"open","sticky":false,"template":"","format":"standard","meta":{"_jetpack_memberships_contains_paid_content":false,"footnotes":""},"categories":[23],"tags":[],"class_list":["post-8203","post","type-post","status-publish","format-standard","has-post-thumbnail","hentry","category-justica"],"aioseo_notices":[],"jetpack_featured_media_url":"https:\/\/i0.wp.com\/minutobahia24h.com.br\/wp-content\/uploads\/2024\/02\/Sem-titulo-139.jpg?fit=433%2C287&ssl=1","jetpack_sharing_enabled":true,"_links":{"self":[{"href":"https:\/\/minutobahia24h.com.br\/index.php?rest_route=\/wp\/v2\/posts\/8203","targetHints":{"allow":["GET"]}}],"collection":[{"href":"https:\/\/minutobahia24h.com.br\/index.php?rest_route=\/wp\/v2\/posts"}],"about":[{"href":"https:\/\/minutobahia24h.com.br\/index.php?rest_route=\/wp\/v2\/types\/post"}],"author":[{"embeddable":true,"href":"https:\/\/minutobahia24h.com.br\/index.php?rest_route=\/wp\/v2\/users\/2"}],"replies":[{"embeddable":true,"href":"https:\/\/minutobahia24h.com.br\/index.php?rest_route=%2Fwp%2Fv2%2Fcomments&post=8203"}],"version-history":[{"count":1,"href":"https:\/\/minutobahia24h.com.br\/index.php?rest_route=\/wp\/v2\/posts\/8203\/revisions"}],"predecessor-version":[{"id":8205,"href":"https:\/\/minutobahia24h.com.br\/index.php?rest_route=\/wp\/v2\/posts\/8203\/revisions\/8205"}],"wp:featuredmedia":[{"embeddable":true,"href":"https:\/\/minutobahia24h.com.br\/index.php?rest_route=\/wp\/v2\/media\/8204"}],"wp:attachment":[{"href":"https:\/\/minutobahia24h.com.br\/index.php?rest_route=%2Fwp%2Fv2%2Fmedia&parent=8203"}],"wp:term":[{"taxonomy":"category","embeddable":true,"href":"https:\/\/minutobahia24h.com.br\/index.php?rest_route=%2Fwp%2Fv2%2Fcategories&post=8203"},{"taxonomy":"post_tag","embeddable":true,"href":"https:\/\/minutobahia24h.com.br\/index.php?rest_route=%2Fwp%2Fv2%2Ftags&post=8203"}],"curies":[{"name":"wp","href":"https:\/\/api.w.org\/{rel}","templated":true}]}}