{"id":8200,"date":"2024-02-15T07:39:07","date_gmt":"2024-02-15T10:39:07","guid":{"rendered":"https:\/\/minutobahia24h.com.br\/?p=8200"},"modified":"2024-02-15T07:39:08","modified_gmt":"2024-02-15T10:39:08","slug":"alta-de-dengue-e-covid-deve-sobrecarregar-servicos-de-saude-gestores-planejam-aumento-de-equipes","status":"publish","type":"post","link":"https:\/\/minutobahia24h.com.br\/?p=8200","title":{"rendered":"Alta de dengue e Covid deve sobrecarregar servi\u00e7os de sa\u00fade; gestores planejam aumento de equipes"},"content":{"rendered":"<div class=\"wp-block-image\">\n<figure class=\"aligncenter size-full\"><img data-recalc-dims=\"1\" fetchpriority=\"high\" decoding=\"async\" width=\"800\" height=\"535\" src=\"https:\/\/i0.wp.com\/minutobahia24h.com.br\/wp-content\/uploads\/2024\/02\/Sem-titulo-138.jpg?resize=800%2C535&#038;ssl=1\" alt=\"\" class=\"wp-image-8201\" srcset=\"https:\/\/i0.wp.com\/minutobahia24h.com.br\/wp-content\/uploads\/2024\/02\/Sem-titulo-138.jpg?w=898&amp;ssl=1 898w, https:\/\/i0.wp.com\/minutobahia24h.com.br\/wp-content\/uploads\/2024\/02\/Sem-titulo-138.jpg?resize=300%2C200&amp;ssl=1 300w, https:\/\/i0.wp.com\/minutobahia24h.com.br\/wp-content\/uploads\/2024\/02\/Sem-titulo-138.jpg?resize=768%2C513&amp;ssl=1 768w, https:\/\/i0.wp.com\/minutobahia24h.com.br\/wp-content\/uploads\/2024\/02\/Sem-titulo-138.jpg?resize=750%2C501&amp;ssl=1 750w\" sizes=\"(max-width: 800px) 100vw, 800px\" \/><figcaption class=\"wp-element-caption\"><sub>Foli\u00e3o usa tela protetora contra mosquito Aedes aegypti, transmissor da dengue, como fantasia no bloco Terreirada Cearense, no Rio de Janeiro \u2013 Foto: Camila Zarur\/Folhapress<\/sub><br><\/figcaption><\/figure>\n<\/div>\n\n\n<p>Com o aumento de casos de dengue e o avan\u00e7o da Covid, gestores estaduais e municipais de sa\u00fade preveem uma maior sobrecarga dos servi\u00e7os nas pr\u00f3ximas semanas e j\u00e1 planejam mudan\u00e7as de hor\u00e1rio de funcionamento das unidades e aumento e capacita\u00e7\u00e3o de equipes.<\/p>\n\n\n\n<p>Nas seis primeiras semanas do ano, os casos de dengue quadruplicaram, segundo o Minist\u00e9rio da Sa\u00fade. S\u00e3o 512.353 casos suspeitos, contra 128.842 registrados no mesmo per\u00edodo de 2023 (128.842). O pa\u00eds soma 75 mortes.<\/p>\n\n\n\n<p>Ao mesmo tempo, o n\u00famero de novos casos semanais de Covid est\u00e1 acima de 36 mil, com aumento consistente nas \u00faltimas cinco semanas. At\u00e9 o dia 8 de fevereiro, havia um total de 194 \u00f3bitos. Esse cen\u00e1rio n\u00e3o era observado desde abril de 2023, de acordo com o painel de monitoramento do Conselho Nacional dos Secret\u00e1rios de Sa\u00fade (Conass).<\/p>\n\n\n\n<figure class=\"wp-block-image\"><a href=\"https:\/\/i0.wp.com\/blogdoeloiltoncajuhy.com.br\/site\/wp-content\/uploads\/2021\/08\/Corona-Vacina-13062021.jpg\"><img decoding=\"async\" src=\"https:\/\/i0.wp.com\/blogdoeloiltoncajuhy.com.br\/site\/wp-content\/uploads\/2021\/08\/Corona-Vacina-13062021.jpg?resize=800%2C566\" alt=\"\" class=\"wp-image-58676\"\/><\/a><figcaption class=\"wp-element-caption\"><sub>Reprodu\u00e7\u00e3o<\/sub><\/figcaption><\/figure>\n\n\n\n<p>Segundo Jurandi Frutuoso, secret\u00e1rio-executivo do Conass, a press\u00e3o causada pela alta da dengue e da Covid representa um desafio adicional aos servi\u00e7os de sa\u00fade do Sistema \u00danico de Sa\u00fade (SUS) situa\u00e7\u00e3o que deve piorar nas pr\u00f3ximas semanas.<\/p>\n\n\n\n<p>\u201cAglomera\u00e7\u00e3o de pessoas, como ocorre no Carnaval e o retorno as aulas, s\u00e3o fatores diretos para intensificar a transmiss\u00e3o da Covid-19. Ao mesmo tempo, \u00e9 esperada uma alta de casos de dengue uma vez que a doen\u00e7a ainda n\u00e3o atingiu o pico\u201d, explica.<\/p>\n\n\n\n<p>Ele diz que as duas doen\u00e7as apresentam sintomas que podem ser confundidos, dificultando o diagn\u00f3stico diferencial. \u201cCasos de dengue podem ser manejados em leitos de observa\u00e7\u00e3o e, se isso \u00e9 feito adequadamente, poucos ser\u00e3o os casos que necessitar\u00e3o de leitos de interna\u00e7\u00e3o ou UTI\u201d.<\/p>\n\n\n\n<p>De acordo com ele, os gestores das tr\u00eas esferas do SUS est\u00e3o empenhados no enfrentamento do aumento de casos de dengue, com esfor\u00e7os voltados para a amplia\u00e7\u00e3o das equipes, do hor\u00e1rio de funcionamento das unidades de sa\u00fade e para a capacita\u00e7\u00e3o dos profissionais.<\/p>\n\n\n\n<p>blogdoeloiltoncajuhy<\/p>\n","protected":false},"excerpt":{"rendered":"<p>Com o aumento de casos de dengue e o avan\u00e7o da Covid, gestores estaduais e municipais de sa\u00fade preveem uma maior sobrecarga dos servi\u00e7os nas pr\u00f3ximas semanas e j\u00e1 planejam mudan\u00e7as de hor\u00e1rio de funcionamento das unidades e aumento e capacita\u00e7\u00e3o de equipes. Nas seis primeiras semanas do ano, os casos de dengue quadruplicaram, segundo [&hellip;]<\/p>\n","protected":false},"author":2,"featured_media":8201,"comment_status":"open","ping_status":"open","sticky":false,"template":"","format":"standard","meta":{"_jetpack_memberships_contains_paid_content":false,"footnotes":""},"categories":[46],"tags":[],"class_list":["post-8200","post","type-post","status-publish","format-standard","has-post-thumbnail","hentry","category-noticia"],"aioseo_notices":[],"jetpack_featured_media_url":"https:\/\/i0.wp.com\/minutobahia24h.com.br\/wp-content\/uploads\/2024\/02\/Sem-titulo-138.jpg?fit=898%2C600&ssl=1","jetpack_sharing_enabled":true,"_links":{"self":[{"href":"https:\/\/minutobahia24h.com.br\/index.php?rest_route=\/wp\/v2\/posts\/8200","targetHints":{"allow":["GET"]}}],"collection":[{"href":"https:\/\/minutobahia24h.com.br\/index.php?rest_route=\/wp\/v2\/posts"}],"about":[{"href":"https:\/\/minutobahia24h.com.br\/index.php?rest_route=\/wp\/v2\/types\/post"}],"author":[{"embeddable":true,"href":"https:\/\/minutobahia24h.com.br\/index.php?rest_route=\/wp\/v2\/users\/2"}],"replies":[{"embeddable":true,"href":"https:\/\/minutobahia24h.com.br\/index.php?rest_route=%2Fwp%2Fv2%2Fcomments&post=8200"}],"version-history":[{"count":1,"href":"https:\/\/minutobahia24h.com.br\/index.php?rest_route=\/wp\/v2\/posts\/8200\/revisions"}],"predecessor-version":[{"id":8202,"href":"https:\/\/minutobahia24h.com.br\/index.php?rest_route=\/wp\/v2\/posts\/8200\/revisions\/8202"}],"wp:featuredmedia":[{"embeddable":true,"href":"https:\/\/minutobahia24h.com.br\/index.php?rest_route=\/wp\/v2\/media\/8201"}],"wp:attachment":[{"href":"https:\/\/minutobahia24h.com.br\/index.php?rest_route=%2Fwp%2Fv2%2Fmedia&parent=8200"}],"wp:term":[{"taxonomy":"category","embeddable":true,"href":"https:\/\/minutobahia24h.com.br\/index.php?rest_route=%2Fwp%2Fv2%2Fcategories&post=8200"},{"taxonomy":"post_tag","embeddable":true,"href":"https:\/\/minutobahia24h.com.br\/index.php?rest_route=%2Fwp%2Fv2%2Ftags&post=8200"}],"curies":[{"name":"wp","href":"https:\/\/api.w.org\/{rel}","templated":true}]}}