{"id":8197,"date":"2024-02-15T07:37:02","date_gmt":"2024-02-15T10:37:02","guid":{"rendered":"https:\/\/minutobahia24h.com.br\/?p=8197"},"modified":"2024-02-15T07:37:03","modified_gmt":"2024-02-15T10:37:03","slug":"apos-lotacao-no-carnaval-de-salvador-governador-da-ba-fala-sobre-possibilidade-da-criacao-de-novo-circuito-para-a-folia","status":"publish","type":"post","link":"https:\/\/minutobahia24h.com.br\/?p=8197","title":{"rendered":"Ap\u00f3s lota\u00e7\u00e3o no carnaval de Salvador, governador da BA fala sobre possibilidade da cria\u00e7\u00e3o de novo circuito para a folia"},"content":{"rendered":"\n<p>Ap\u00f3s lota\u00e7\u00e3o no carnaval de\u00a0<a class=\"\" href=\"https:\/\/g1.globo.com\/ba\/bahia\/cidade\/salvador\/\">Salvador<\/a>, o governador da Bahia,\u00a0<a class=\"\" href=\"https:\/\/g1.globo.com\/tudo-sobre\/jeronimo-rodrigues\/\">Jer\u00f4nimo Rodrigues<\/a>, falou sobre a possibilidade da cria\u00e7\u00e3o de um novo circuito para a folia momesca na capital baiana. A declara\u00e7\u00e3o foi feita durante entrevista ao Bahia Meio Dia, telejornal da TV Bahia, na quarta-feira (14).<\/p>\n\n\n\n<p>&#8220;Chegamos a 11 milh\u00f5es de pessoas, se contar com o Arrast\u00e3o, passaremos de 11 e chegaramos a 12 milh\u00f5es. Ent\u00e3o n\u00f3s vimos que os circuitos n\u00e3o est\u00e3o dando conta mais. Ent\u00e3o, temos sim que pensar na abertura de outro circuito para garantir assim a seguran\u00e7a e o brilho da festa&#8221;, afirmou.<\/p>\n\n\n<div class=\"wp-block-image\">\n<figure class=\"aligncenter size-full\"><img data-recalc-dims=\"1\" fetchpriority=\"high\" decoding=\"async\" width=\"800\" height=\"533\" src=\"https:\/\/i0.wp.com\/minutobahia24h.com.br\/wp-content\/uploads\/2024\/02\/Sem-titulo-137.jpg?resize=800%2C533&#038;ssl=1\" alt=\"\" class=\"wp-image-8198\" srcset=\"https:\/\/i0.wp.com\/minutobahia24h.com.br\/wp-content\/uploads\/2024\/02\/Sem-titulo-137.jpg?w=984&amp;ssl=1 984w, https:\/\/i0.wp.com\/minutobahia24h.com.br\/wp-content\/uploads\/2024\/02\/Sem-titulo-137.jpg?resize=300%2C200&amp;ssl=1 300w, https:\/\/i0.wp.com\/minutobahia24h.com.br\/wp-content\/uploads\/2024\/02\/Sem-titulo-137.jpg?resize=768%2C512&amp;ssl=1 768w, https:\/\/i0.wp.com\/minutobahia24h.com.br\/wp-content\/uploads\/2024\/02\/Sem-titulo-137.jpg?resize=750%2C500&amp;ssl=1 750w\" sizes=\"(max-width: 800px) 100vw, 800px\" \/><figcaption class=\"wp-element-caption\">Foli\u00f5es no circuito Barra-Ondina no domingo (11) de carnaval, em Salvador \u2014 Foto: Joilson C\u00e9sar\/Ag. PicNews<br><\/figcaption><\/figure>\n<\/div>\n\n\n<p>Na ter\u00e7a-feira (13), o acesso de foli\u00f5es no Centro de Salvador foi bloqueado pela Secretaria de Seguran\u00e7a P\u00fablica da Bahia (SSP-BA), depois que<a class=\"\" href=\"https:\/\/g1.globo.com\/ba\/bahia\/carnavalnabahia\/noticia\/2024\/02\/13\/acesso-de-folioes-no-centro-de-salvador-e-bloqueado-apos-cerca-de-200-mil-pessoas-passarem-pelo-portal-de-abordagem.ghtml\">\u00a0cerca de 200 mil pessoas passaram pelo portal de abordagem e lotaram o Largo do Pelourinho<\/a>. O local recebeu shows de Baco Exu do Blues e BaianaSystem.<\/p>\n\n\n\n<p>De acordo com a SSP-BA, a medida foi tomada para assegurar a seguran\u00e7a dos baianos e turistas que decidiram curtir o \u00faltimo dia de carnaval no local. O efetivo de bombeiros e policiais foi ampliado para situa\u00e7\u00f5es de urg\u00eancia e emerg\u00eancia.<\/p>\n\n\n\n<p>&#8220;Tamb\u00e9m, na Pra\u00e7a Castro Alves, os bombeiros recomendaram fechamento&#8221;, explicou Jer\u00f4nimo Rodrigues.<\/p>\n\n\n\n<figure class=\"wp-block-image\"><img data-recalc-dims=\"1\" decoding=\"async\" src=\"https:\/\/i0.wp.com\/s2-g1.glbimg.com\/1nZaGOpSAz1s4pn3J2V34C6ktVs%3D\/0x0%3A2048x1283\/984x0\/smart\/filters%3Astrip_icc%28%29\/i.s3.glbimg.com\/v1\/AUTH_59edd422c0c84a879bd37670ae4f538a\/internal_photos\/bs\/2024\/o\/V\/kDzcwvSMyaLT8Un0xEnA\/claudia-leitte-06-2-.png?w=800&#038;ssl=1\" alt=\"Vestida de ma\u00e7\u00e3 do amor, Claudia Leitte arrasta multid\u00e3o no carnaval de Salvador \u2014 Foto: Victor Chapetta\/Agnews\"\/><\/figure>\n\n\n\n<p>Vestida de ma\u00e7\u00e3 do amor, Claudia Leitte arrasta multid\u00e3o no carnaval de Salvador \u2014 Foto: Victor Chapetta\/Agnews<\/p>\n\n\n\n<p>No s\u00e1bado (10), um dos port\u00f5es de acesso da Barra, ponto de in\u00edcio do percurso que encerra na Ondina,&nbsp;<a class=\"\" href=\"https:\/\/g1.globo.com\/ba\/bahia\/carnavalnabahia\/noticia\/2024\/02\/10\/portao-de-acesso-tem-filas-imensas-de-folioes-no-carnaval-de-salvador.ghtml\">registrou filas imensas de foli\u00f5es<\/a>.<\/p>\n","protected":false},"excerpt":{"rendered":"<p>Ap\u00f3s lota\u00e7\u00e3o no carnaval de\u00a0Salvador, o governador da Bahia,\u00a0Jer\u00f4nimo Rodrigues, falou sobre a possibilidade da cria\u00e7\u00e3o de um novo circuito para a folia momesca na capital baiana. A declara\u00e7\u00e3o foi feita durante entrevista ao Bahia Meio Dia, telejornal da TV Bahia, na quarta-feira (14). &#8220;Chegamos a 11 milh\u00f5es de pessoas, se contar com o Arrast\u00e3o, [&hellip;]<\/p>\n","protected":false},"author":2,"featured_media":8198,"comment_status":"open","ping_status":"open","sticky":false,"template":"","format":"standard","meta":{"_jetpack_memberships_contains_paid_content":false,"footnotes":""},"categories":[51],"tags":[],"class_list":["post-8197","post","type-post","status-publish","format-standard","has-post-thumbnail","hentry","category-carnaval-2024"],"aioseo_notices":[],"jetpack_featured_media_url":"https:\/\/i0.wp.com\/minutobahia24h.com.br\/wp-content\/uploads\/2024\/02\/Sem-titulo-137.jpg?fit=984%2C656&ssl=1","jetpack_sharing_enabled":true,"_links":{"self":[{"href":"https:\/\/minutobahia24h.com.br\/index.php?rest_route=\/wp\/v2\/posts\/8197","targetHints":{"allow":["GET"]}}],"collection":[{"href":"https:\/\/minutobahia24h.com.br\/index.php?rest_route=\/wp\/v2\/posts"}],"about":[{"href":"https:\/\/minutobahia24h.com.br\/index.php?rest_route=\/wp\/v2\/types\/post"}],"author":[{"embeddable":true,"href":"https:\/\/minutobahia24h.com.br\/index.php?rest_route=\/wp\/v2\/users\/2"}],"replies":[{"embeddable":true,"href":"https:\/\/minutobahia24h.com.br\/index.php?rest_route=%2Fwp%2Fv2%2Fcomments&post=8197"}],"version-history":[{"count":1,"href":"https:\/\/minutobahia24h.com.br\/index.php?rest_route=\/wp\/v2\/posts\/8197\/revisions"}],"predecessor-version":[{"id":8199,"href":"https:\/\/minutobahia24h.com.br\/index.php?rest_route=\/wp\/v2\/posts\/8197\/revisions\/8199"}],"wp:featuredmedia":[{"embeddable":true,"href":"https:\/\/minutobahia24h.com.br\/index.php?rest_route=\/wp\/v2\/media\/8198"}],"wp:attachment":[{"href":"https:\/\/minutobahia24h.com.br\/index.php?rest_route=%2Fwp%2Fv2%2Fmedia&parent=8197"}],"wp:term":[{"taxonomy":"category","embeddable":true,"href":"https:\/\/minutobahia24h.com.br\/index.php?rest_route=%2Fwp%2Fv2%2Fcategories&post=8197"},{"taxonomy":"post_tag","embeddable":true,"href":"https:\/\/minutobahia24h.com.br\/index.php?rest_route=%2Fwp%2Fv2%2Ftags&post=8197"}],"curies":[{"name":"wp","href":"https:\/\/api.w.org\/{rel}","templated":true}]}}