{"id":8188,"date":"2024-02-15T07:01:28","date_gmt":"2024-02-15T10:01:28","guid":{"rendered":"https:\/\/minutobahia24h.com.br\/?p=8188"},"modified":"2024-02-15T07:01:29","modified_gmt":"2024-02-15T10:01:29","slug":"prefeitura-de-senhor-do-bonfim-informa-que-a-esf-missao-do-sahy-nao-funcionara-nos-dias-15-e-16-de-fevereiro","status":"publish","type":"post","link":"https:\/\/minutobahia24h.com.br\/?p=8188","title":{"rendered":"Prefeitura de Senhor do Bonfim informa que a ESF Miss\u00e3o do Sahy n\u00e3o funcionar\u00e1 nos dias 15 e 16 de fevereiro"},"content":{"rendered":"<div class=\"wp-block-image\">\n<figure class=\"aligncenter size-full\"><img data-recalc-dims=\"1\" fetchpriority=\"high\" decoding=\"async\" width=\"640\" height=\"640\" src=\"https:\/\/i0.wp.com\/minutobahia24h.com.br\/wp-content\/uploads\/2024\/02\/Sem-titulo-134.jpg?resize=640%2C640&#038;ssl=1\" alt=\"\" class=\"wp-image-8189\" srcset=\"https:\/\/i0.wp.com\/minutobahia24h.com.br\/wp-content\/uploads\/2024\/02\/Sem-titulo-134.jpg?w=640&amp;ssl=1 640w, https:\/\/i0.wp.com\/minutobahia24h.com.br\/wp-content\/uploads\/2024\/02\/Sem-titulo-134.jpg?resize=300%2C300&amp;ssl=1 300w, https:\/\/i0.wp.com\/minutobahia24h.com.br\/wp-content\/uploads\/2024\/02\/Sem-titulo-134.jpg?resize=150%2C150&amp;ssl=1 150w, https:\/\/i0.wp.com\/minutobahia24h.com.br\/wp-content\/uploads\/2024\/02\/Sem-titulo-134.jpg?resize=75%2C75&amp;ssl=1 75w\" sizes=\"(max-width: 640px) 100vw, 640px\" \/><\/figure>\n<\/div>\n\n\n<p>A Prefeitura Municipal de Senhor do Bonfim, atrav\u00e9s da Secretaria de Sa\u00fade, informa \u00e0 popula\u00e7\u00e3o do distrito de Miss\u00e3o do Sahy que, devido a procedimentos de higieniza\u00e7\u00e3o e organiza\u00e7\u00e3o, a unidade da Estrat\u00e9gia Sa\u00fade da Fam\u00edlia (ESF) n\u00e3o estar\u00e1 operacional nos dias 15 e 16 de fevereiro de 2024.<\/p>\n\n\n\n<p>Essas a\u00e7\u00f5es s\u00e3o fundamentais para assegurar a manuten\u00e7\u00e3o e a qualidade do ambiente, beneficiando tanto os usu\u00e1rios quanto os profissionais da sa\u00fade, ap\u00f3s um per\u00edodo de reformas na estrutura f\u00edsica da unidade.<\/p>\n\n\n\n<p>A pausa nas atividades \u00e9 uma medida necess\u00e1ria para que possamos oferecer servi\u00e7os de sa\u00fade com ainda mais seguran\u00e7a e efic\u00e1cia. Entendemos os poss\u00edveis inconvenientes causados e agradecemos a compreens\u00e3o e coopera\u00e7\u00e3o de todos durante este breve per\u00edodo.<\/p>\n\n\n\n<p>As opera\u00e7\u00f5es na ESF Miss\u00e3o do Sahy ser\u00e3o retomadas normalmente a partir do dia 19 de fevereiro de 2024.<\/p>\n\n\n\n<p>A Prefeitura agradece a compreens\u00e3o de todos e reitera seu empenho em promover um ambiente de sa\u00fade p\u00fablica de qualidade em Senhor do Bonfim.<\/p>\n\n\n\n<p>ASCOM &#8211; Prefeitura de Senhor do Bonfim &#8211; Cuidar bem, faz bem!<\/p>\n","protected":false},"excerpt":{"rendered":"<p>A Prefeitura Municipal de Senhor do Bonfim, atrav\u00e9s da Secretaria de Sa\u00fade, informa \u00e0 popula\u00e7\u00e3o do distrito de Miss\u00e3o do Sahy que, devido a procedimentos de higieniza\u00e7\u00e3o e organiza\u00e7\u00e3o, a unidade da Estrat\u00e9gia Sa\u00fade da Fam\u00edlia (ESF) n\u00e3o estar\u00e1 operacional nos dias 15 e 16 de fevereiro de 2024. Essas a\u00e7\u00f5es s\u00e3o fundamentais para assegurar [&hellip;]<\/p>\n","protected":false},"author":2,"featured_media":8189,"comment_status":"open","ping_status":"open","sticky":false,"template":"","format":"standard","meta":{"_jetpack_memberships_contains_paid_content":false,"footnotes":""},"categories":[17],"tags":[],"class_list":["post-8188","post","type-post","status-publish","format-standard","has-post-thumbnail","hentry","category-senhor-do-bonfim"],"aioseo_notices":[],"jetpack_featured_media_url":"https:\/\/i0.wp.com\/minutobahia24h.com.br\/wp-content\/uploads\/2024\/02\/Sem-titulo-134.jpg?fit=640%2C640&ssl=1","jetpack_sharing_enabled":true,"_links":{"self":[{"href":"https:\/\/minutobahia24h.com.br\/index.php?rest_route=\/wp\/v2\/posts\/8188","targetHints":{"allow":["GET"]}}],"collection":[{"href":"https:\/\/minutobahia24h.com.br\/index.php?rest_route=\/wp\/v2\/posts"}],"about":[{"href":"https:\/\/minutobahia24h.com.br\/index.php?rest_route=\/wp\/v2\/types\/post"}],"author":[{"embeddable":true,"href":"https:\/\/minutobahia24h.com.br\/index.php?rest_route=\/wp\/v2\/users\/2"}],"replies":[{"embeddable":true,"href":"https:\/\/minutobahia24h.com.br\/index.php?rest_route=%2Fwp%2Fv2%2Fcomments&post=8188"}],"version-history":[{"count":1,"href":"https:\/\/minutobahia24h.com.br\/index.php?rest_route=\/wp\/v2\/posts\/8188\/revisions"}],"predecessor-version":[{"id":8190,"href":"https:\/\/minutobahia24h.com.br\/index.php?rest_route=\/wp\/v2\/posts\/8188\/revisions\/8190"}],"wp:featuredmedia":[{"embeddable":true,"href":"https:\/\/minutobahia24h.com.br\/index.php?rest_route=\/wp\/v2\/media\/8189"}],"wp:attachment":[{"href":"https:\/\/minutobahia24h.com.br\/index.php?rest_route=%2Fwp%2Fv2%2Fmedia&parent=8188"}],"wp:term":[{"taxonomy":"category","embeddable":true,"href":"https:\/\/minutobahia24h.com.br\/index.php?rest_route=%2Fwp%2Fv2%2Fcategories&post=8188"},{"taxonomy":"post_tag","embeddable":true,"href":"https:\/\/minutobahia24h.com.br\/index.php?rest_route=%2Fwp%2Fv2%2Ftags&post=8188"}],"curies":[{"name":"wp","href":"https:\/\/api.w.org\/{rel}","templated":true}]}}