{"id":8155,"date":"2024-02-14T07:23:51","date_gmt":"2024-02-14T10:23:51","guid":{"rendered":"https:\/\/minutobahia24h.com.br\/?p=8155"},"modified":"2024-02-14T07:23:52","modified_gmt":"2024-02-14T10:23:52","slug":"mais-um-depois-da-premiacao-da-band-ivete-ganha-trofeu-axe-canto-do-povo-de-um-lugar","status":"publish","type":"post","link":"https:\/\/minutobahia24h.com.br\/?p=8155","title":{"rendered":"Mais um! Depois da premia\u00e7\u00e3o da Band, Ivete ganha trof\u00e9u Ax\u00e9: Canto do Povo de um Lugar"},"content":{"rendered":"<div class=\"wp-block-image\">\n<figure class=\"aligncenter size-full\"><img data-recalc-dims=\"1\" fetchpriority=\"high\" decoding=\"async\" width=\"600\" height=\"424\" src=\"https:\/\/i0.wp.com\/minutobahia24h.com.br\/wp-content\/uploads\/2024\/02\/Sem-titulo-125.jpg?resize=600%2C424&#038;ssl=1\" alt=\"\" class=\"wp-image-8156\" srcset=\"https:\/\/i0.wp.com\/minutobahia24h.com.br\/wp-content\/uploads\/2024\/02\/Sem-titulo-125.jpg?w=600&amp;ssl=1 600w, https:\/\/i0.wp.com\/minutobahia24h.com.br\/wp-content\/uploads\/2024\/02\/Sem-titulo-125.jpg?resize=300%2C212&amp;ssl=1 300w, https:\/\/i0.wp.com\/minutobahia24h.com.br\/wp-content\/uploads\/2024\/02\/Sem-titulo-125.jpg?resize=120%2C86&amp;ssl=1 120w\" sizes=\"(max-width: 600px) 100vw, 600px\" \/><figcaption class=\"wp-element-caption\">Foto: Divulga\u00e7\u00e3o\/Trof\u00e9u Ax\u00e9: Canto do Povo de um Lugar<br><\/figcaption><\/figure>\n<\/div>\n\n\n<p>A ter\u00e7a-feira (13), \u00faltimo dia oficial do Carnaval, foi de muitas premia\u00e7\u00f5es para a cantora Ivete Sangalo. Ap\u00f3s receber o Trof\u00e9u Band Folia pelo hit \u201cMacetando\u201d, fruto da parceria com a cantora Ludmilla, a artista baiana foi agraciada com o Trof\u00e9u Ax\u00e9: Canto do Povo de um Lugar, idealizado pelo Grupo Metr\u00f3pole e pela produtora Macaco Gordo. Ambas as premia\u00e7\u00f5es elegeram \u201cMacetando\u201d como a M\u00fasica do Carnaval 2024.<\/p>\n\n\n\n<p>Ivete passava em frente ao est\u00fadio da transmiss\u00e3o Salvador Carnaval do Brasil, no circuito Osmar (Campo Grande) quando recebeu a estatueta. \u201cConhe\u00e7o essa obra de arte. Coisa linda! Que honra receber esse pr\u00eamio, muito obrigada. Ainda mais com tanta simbologia. Estou muito feliz\u201d, disse a cantora.<\/p>\n\n\n\n<p>Na primeira edi\u00e7\u00e3o do pr\u00eamio, Ivete Sangalo recebeu uma r\u00e9plica em miniatura de Mariana, obra de Eliana Kert\u00e9sz \u201cAs Meninas do Brasil\u201d, em reconhecimento \u00e0 sua contribui\u00e7\u00e3o para o Ax\u00e9.<\/p>\n\n\n\n<p>A escolha dos vencedores \u00e9 feita por um j\u00fari convidado, 60% do peso na decis\u00e3o final, composto por nomes como Andrez\u00e3o Sim\u00f5es, Piti Canella, Fred Dantas, Bira Marques, Val Benvindo, Ir\u00e1 Carvalho, Laurinha Arantes, Alfredo Moura, Jarbas Bittencourt e Maur\u00edcio Habib. O p\u00fablico tamb\u00e9m participou, com 40% do peso, atrav\u00e9s de vota\u00e7\u00e3o popular.<\/p>\n\n\n\n<p>A premia\u00e7\u00e3o ainda eleger\u00e1 o melhor da folia nas categorias: Artista Revela\u00e7\u00e3o e Conjunto da Obra. O Trof\u00e9u Ax\u00e9: Canto do Povo de um Lugar \u00e9 uma iniciativa que valoriza a cultura afro-brasileira e o legado do Carnaval de Salvador.<\/p>\n\n\n\n<p>Bahia.ba<\/p>\n","protected":false},"excerpt":{"rendered":"<p>A ter\u00e7a-feira (13), \u00faltimo dia oficial do Carnaval, foi de muitas premia\u00e7\u00f5es para a cantora Ivete Sangalo. Ap\u00f3s receber o Trof\u00e9u Band Folia pelo hit \u201cMacetando\u201d, fruto da parceria com a cantora Ludmilla, a artista baiana foi agraciada com o Trof\u00e9u Ax\u00e9: Canto do Povo de um Lugar, idealizado pelo Grupo Metr\u00f3pole e pela produtora [&hellip;]<\/p>\n","protected":false},"author":2,"featured_media":8156,"comment_status":"open","ping_status":"open","sticky":false,"template":"","format":"standard","meta":{"_jetpack_memberships_contains_paid_content":false,"footnotes":""},"categories":[51],"tags":[],"class_list":["post-8155","post","type-post","status-publish","format-standard","has-post-thumbnail","hentry","category-carnaval-2024"],"aioseo_notices":[],"jetpack_featured_media_url":"https:\/\/i0.wp.com\/minutobahia24h.com.br\/wp-content\/uploads\/2024\/02\/Sem-titulo-125.jpg?fit=600%2C424&ssl=1","jetpack_sharing_enabled":true,"_links":{"self":[{"href":"https:\/\/minutobahia24h.com.br\/index.php?rest_route=\/wp\/v2\/posts\/8155","targetHints":{"allow":["GET"]}}],"collection":[{"href":"https:\/\/minutobahia24h.com.br\/index.php?rest_route=\/wp\/v2\/posts"}],"about":[{"href":"https:\/\/minutobahia24h.com.br\/index.php?rest_route=\/wp\/v2\/types\/post"}],"author":[{"embeddable":true,"href":"https:\/\/minutobahia24h.com.br\/index.php?rest_route=\/wp\/v2\/users\/2"}],"replies":[{"embeddable":true,"href":"https:\/\/minutobahia24h.com.br\/index.php?rest_route=%2Fwp%2Fv2%2Fcomments&post=8155"}],"version-history":[{"count":1,"href":"https:\/\/minutobahia24h.com.br\/index.php?rest_route=\/wp\/v2\/posts\/8155\/revisions"}],"predecessor-version":[{"id":8157,"href":"https:\/\/minutobahia24h.com.br\/index.php?rest_route=\/wp\/v2\/posts\/8155\/revisions\/8157"}],"wp:featuredmedia":[{"embeddable":true,"href":"https:\/\/minutobahia24h.com.br\/index.php?rest_route=\/wp\/v2\/media\/8156"}],"wp:attachment":[{"href":"https:\/\/minutobahia24h.com.br\/index.php?rest_route=%2Fwp%2Fv2%2Fmedia&parent=8155"}],"wp:term":[{"taxonomy":"category","embeddable":true,"href":"https:\/\/minutobahia24h.com.br\/index.php?rest_route=%2Fwp%2Fv2%2Fcategories&post=8155"},{"taxonomy":"post_tag","embeddable":true,"href":"https:\/\/minutobahia24h.com.br\/index.php?rest_route=%2Fwp%2Fv2%2Ftags&post=8155"}],"curies":[{"name":"wp","href":"https:\/\/api.w.org\/{rel}","templated":true}]}}