{"id":8120,"date":"2024-02-13T07:25:29","date_gmt":"2024-02-13T10:25:29","guid":{"rendered":"https:\/\/minutobahia24h.com.br\/?p=8120"},"modified":"2024-02-13T07:25:31","modified_gmt":"2024-02-13T10:25:31","slug":"bolsonaro-convoca-ato-na-paulista-em-meio-a-investigacoes-de-tentativa-de-golpe-de-estado","status":"publish","type":"post","link":"https:\/\/minutobahia24h.com.br\/?p=8120","title":{"rendered":"Bolsonaro convoca ato na Paulista em meio a investiga\u00e7\u00f5es de tentativa de golpe de Estado"},"content":{"rendered":"<div class=\"wp-block-image\">\n<figure class=\"aligncenter size-full\"><img data-recalc-dims=\"1\" fetchpriority=\"high\" decoding=\"async\" width=\"601\" height=\"420\" src=\"https:\/\/i0.wp.com\/minutobahia24h.com.br\/wp-content\/uploads\/2024\/02\/Sem-titulo-114.jpg?resize=601%2C420&#038;ssl=1\" alt=\"\" class=\"wp-image-8121\" srcset=\"https:\/\/i0.wp.com\/minutobahia24h.com.br\/wp-content\/uploads\/2024\/02\/Sem-titulo-114.jpg?w=601&amp;ssl=1 601w, https:\/\/i0.wp.com\/minutobahia24h.com.br\/wp-content\/uploads\/2024\/02\/Sem-titulo-114.jpg?resize=300%2C210&amp;ssl=1 300w\" sizes=\"(max-width: 601px) 100vw, 601px\" \/><figcaption class=\"wp-element-caption\">Foto: Reprodu\u00e7\u00e3o \/ Instagram<br><\/figcaption><\/figure>\n<\/div>\n\n\n<p>O ex-presidente Jair Bolsonaro convocou um ato para o pr\u00f3ximo dia 25 na Avenida Paulista, com o argumento de que quer usar a ocasi\u00e3o para se defender, em meio \u00e0s investiga\u00e7\u00f5es da Pol\u00edcia Federal. O convite foi feito atrav\u00e9s de um v\u00eddeo distribu\u00eddo nas redes sociais pelos perfis de aliados pr\u00f3ximo. O assessor e advogado do ex-presidente, Fabio Wajngarten, confirmou a realiza\u00e7\u00e3o do evento.<\/p>\n\n\n\n<p>No v\u00eddeo, Bolsonaro argumenta que o ato ser\u00e1 \u201cpac\u00edfico\u201d e pede que seus apoiadores evitem levar faixas \u201ccontra quem quer que seja\u201d. Em atos anteriores convocados pelo ex-presidente, tornou-se comum o surgimento de faixas pedindo interven\u00e7\u00e3o federal e atacando ministros do Supremo Tribunal Federal (STF).<\/p>\n\n\n\n<p>\u201cOl\u00e1 amigos de todo Brasil. em especial em S\u00e3o Paulo. No \u00faltimo domingo de fevereiro, dia 25, as 3h da tarde, estarei na Paulista, realizando um ato pac\u00edfico em defesa do nosso estado democr\u00e1tico de direito. eu pe\u00e7o a todos voc\u00eas que compare\u00e7am trajando verde e amarelo e, mais que isso: n\u00e3o compare\u00e7am com qualquer faixa e cartaz contra quem quer que seja\u201d, diz Bolsonaro na publica\u00e7\u00e3o.<\/p>\n\n\n\n<p>O ex-presidente afirma que, no evento, quer se defender \u201cde todas as acusa\u00e7\u00f5es que t\u00eam sido imputadas\u201d a ele. \u201cMais do que discursos, uma fotografia de todos voc\u00eas, pois voc\u00eas s\u00e3o as pessoas mais importantes desse evento. Para mostrar para o Brasil e para o mundo a nossa uni\u00e3o, as nossas preocupa\u00e7\u00f5es, o que n\u00f3s queremos\u201d, completou.<\/p>\n\n\n\n<p>Bahia.ba<\/p>\n","protected":false},"excerpt":{"rendered":"<p>O ex-presidente Jair Bolsonaro convocou um ato para o pr\u00f3ximo dia 25 na Avenida Paulista, com o argumento de que quer usar a ocasi\u00e3o para se defender, em meio \u00e0s investiga\u00e7\u00f5es da Pol\u00edcia Federal. O convite foi feito atrav\u00e9s de um v\u00eddeo distribu\u00eddo nas redes sociais pelos perfis de aliados pr\u00f3ximo. O assessor e advogado [&hellip;]<\/p>\n","protected":false},"author":2,"featured_media":8121,"comment_status":"open","ping_status":"open","sticky":false,"template":"","format":"standard","meta":{"_jetpack_memberships_contains_paid_content":false,"footnotes":""},"categories":[39],"tags":[],"class_list":["post-8120","post","type-post","status-publish","format-standard","has-post-thumbnail","hentry","category-politica"],"aioseo_notices":[],"jetpack_featured_media_url":"https:\/\/i0.wp.com\/minutobahia24h.com.br\/wp-content\/uploads\/2024\/02\/Sem-titulo-114.jpg?fit=601%2C420&ssl=1","jetpack_sharing_enabled":true,"_links":{"self":[{"href":"https:\/\/minutobahia24h.com.br\/index.php?rest_route=\/wp\/v2\/posts\/8120","targetHints":{"allow":["GET"]}}],"collection":[{"href":"https:\/\/minutobahia24h.com.br\/index.php?rest_route=\/wp\/v2\/posts"}],"about":[{"href":"https:\/\/minutobahia24h.com.br\/index.php?rest_route=\/wp\/v2\/types\/post"}],"author":[{"embeddable":true,"href":"https:\/\/minutobahia24h.com.br\/index.php?rest_route=\/wp\/v2\/users\/2"}],"replies":[{"embeddable":true,"href":"https:\/\/minutobahia24h.com.br\/index.php?rest_route=%2Fwp%2Fv2%2Fcomments&post=8120"}],"version-history":[{"count":1,"href":"https:\/\/minutobahia24h.com.br\/index.php?rest_route=\/wp\/v2\/posts\/8120\/revisions"}],"predecessor-version":[{"id":8122,"href":"https:\/\/minutobahia24h.com.br\/index.php?rest_route=\/wp\/v2\/posts\/8120\/revisions\/8122"}],"wp:featuredmedia":[{"embeddable":true,"href":"https:\/\/minutobahia24h.com.br\/index.php?rest_route=\/wp\/v2\/media\/8121"}],"wp:attachment":[{"href":"https:\/\/minutobahia24h.com.br\/index.php?rest_route=%2Fwp%2Fv2%2Fmedia&parent=8120"}],"wp:term":[{"taxonomy":"category","embeddable":true,"href":"https:\/\/minutobahia24h.com.br\/index.php?rest_route=%2Fwp%2Fv2%2Fcategories&post=8120"},{"taxonomy":"post_tag","embeddable":true,"href":"https:\/\/minutobahia24h.com.br\/index.php?rest_route=%2Fwp%2Fv2%2Ftags&post=8120"}],"curies":[{"name":"wp","href":"https:\/\/api.w.org\/{rel}","templated":true}]}}