{"id":795,"date":"2023-09-18T08:54:45","date_gmt":"2023-09-18T11:54:45","guid":{"rendered":"https:\/\/minutobahia24h.com.br\/?p=795"},"modified":"2023-09-18T08:54:46","modified_gmt":"2023-09-18T11:54:46","slug":"carro-capota-sobre-linha-ferrea-em-area-urbana-de-santaluz","status":"publish","type":"post","link":"https:\/\/minutobahia24h.com.br\/?p=795","title":{"rendered":"Carro capota sobre linha f\u00e9rrea em \u00e1rea urbana de Santaluz"},"content":{"rendered":"<div class=\"wp-block-image\">\n<figure class=\"aligncenter size-full\"><img data-recalc-dims=\"1\" fetchpriority=\"high\" decoding=\"async\" width=\"540\" height=\"342\" src=\"https:\/\/i0.wp.com\/minutobahia24h.com.br\/wp-content\/uploads\/2023\/09\/0.jpg?resize=540%2C342&#038;ssl=1\" alt=\"\" class=\"wp-image-797\" srcset=\"https:\/\/i0.wp.com\/minutobahia24h.com.br\/wp-content\/uploads\/2023\/09\/0.jpg?w=540&amp;ssl=1 540w, https:\/\/i0.wp.com\/minutobahia24h.com.br\/wp-content\/uploads\/2023\/09\/0.jpg?resize=300%2C190&amp;ssl=1 300w\" sizes=\"(max-width: 540px) 100vw, 540px\" \/><\/figure>\n<\/div>\n\n\n<p>Um carro modelo Fiesta capotou na manh\u00e3 deste domingo (17), na Rua J.J. Seabra, em Santaluz, na regi\u00e3o sisaleira da Bahia, e caiu sobre a linha f\u00e9rrea. N\u00e3o h\u00e1 detalhes sobre as circunst\u00e2ncias do acidente. O condutor do ve\u00edculo foi resgatado por policiais militares, guardas civis municipais e socorristas do Samu.<\/p>\n\n\n\n<p>A Guarda Civil Municipal informou que o homem estava consciente e foi encaminhado ao hospital com ferimentos leves. O carro foi retirado da linha f\u00e9rrea com a ajuda de pessoas que passavam pelo local no momento do acidente.<\/p>\n\n\n\n<p>Fonte: Not\u00edcias de Santaluz<\/p>\n","protected":false},"excerpt":{"rendered":"<p>Um carro modelo Fiesta capotou na manh\u00e3 deste domingo (17), na Rua J.J. Seabra, em Santaluz, na regi\u00e3o sisaleira da Bahia, e caiu sobre a linha f\u00e9rrea. N\u00e3o h\u00e1 detalhes sobre as circunst\u00e2ncias do acidente. O condutor do ve\u00edculo foi resgatado por policiais militares, guardas civis municipais e socorristas do Samu. A Guarda Civil Municipal [&hellip;]<\/p>\n","protected":false},"author":2,"featured_media":797,"comment_status":"open","ping_status":"open","sticky":false,"template":"","format":"standard","meta":{"_jetpack_memberships_contains_paid_content":false,"footnotes":""},"categories":[3],"tags":[],"class_list":["post-795","post","type-post","status-publish","format-standard","has-post-thumbnail","hentry","category-regional"],"aioseo_notices":[],"jetpack_featured_media_url":"https:\/\/i0.wp.com\/minutobahia24h.com.br\/wp-content\/uploads\/2023\/09\/0.jpg?fit=540%2C342&ssl=1","jetpack_sharing_enabled":true,"_links":{"self":[{"href":"https:\/\/minutobahia24h.com.br\/index.php?rest_route=\/wp\/v2\/posts\/795","targetHints":{"allow":["GET"]}}],"collection":[{"href":"https:\/\/minutobahia24h.com.br\/index.php?rest_route=\/wp\/v2\/posts"}],"about":[{"href":"https:\/\/minutobahia24h.com.br\/index.php?rest_route=\/wp\/v2\/types\/post"}],"author":[{"embeddable":true,"href":"https:\/\/minutobahia24h.com.br\/index.php?rest_route=\/wp\/v2\/users\/2"}],"replies":[{"embeddable":true,"href":"https:\/\/minutobahia24h.com.br\/index.php?rest_route=%2Fwp%2Fv2%2Fcomments&post=795"}],"version-history":[{"count":1,"href":"https:\/\/minutobahia24h.com.br\/index.php?rest_route=\/wp\/v2\/posts\/795\/revisions"}],"predecessor-version":[{"id":798,"href":"https:\/\/minutobahia24h.com.br\/index.php?rest_route=\/wp\/v2\/posts\/795\/revisions\/798"}],"wp:featuredmedia":[{"embeddable":true,"href":"https:\/\/minutobahia24h.com.br\/index.php?rest_route=\/wp\/v2\/media\/797"}],"wp:attachment":[{"href":"https:\/\/minutobahia24h.com.br\/index.php?rest_route=%2Fwp%2Fv2%2Fmedia&parent=795"}],"wp:term":[{"taxonomy":"category","embeddable":true,"href":"https:\/\/minutobahia24h.com.br\/index.php?rest_route=%2Fwp%2Fv2%2Fcategories&post=795"},{"taxonomy":"post_tag","embeddable":true,"href":"https:\/\/minutobahia24h.com.br\/index.php?rest_route=%2Fwp%2Fv2%2Ftags&post=795"}],"curies":[{"name":"wp","href":"https:\/\/api.w.org\/{rel}","templated":true}]}}