{"id":7789,"date":"2024-02-05T07:39:24","date_gmt":"2024-02-05T10:39:24","guid":{"rendered":"https:\/\/minutobahia24h.com.br\/?p=7789"},"modified":"2024-02-05T07:39:25","modified_gmt":"2024-02-05T10:39:25","slug":"caso-daniel-alves-julgamento-comeca-nesta-segunda-feira-em-barcelona","status":"publish","type":"post","link":"https:\/\/minutobahia24h.com.br\/?p=7789","title":{"rendered":"Caso Daniel Alves: julgamento come\u00e7a nesta segunda-feira em Barcelona"},"content":{"rendered":"<div class=\"wp-block-image\">\n<figure class=\"aligncenter size-full\"><img data-recalc-dims=\"1\" fetchpriority=\"high\" decoding=\"async\" width=\"800\" height=\"529\" src=\"https:\/\/i0.wp.com\/minutobahia24h.com.br\/wp-content\/uploads\/2024\/02\/Sem-titulo2-10.jpg?resize=800%2C529&#038;ssl=1\" alt=\"\" class=\"wp-image-7790\" srcset=\"https:\/\/i0.wp.com\/minutobahia24h.com.br\/wp-content\/uploads\/2024\/02\/Sem-titulo2-10.jpg?w=802&amp;ssl=1 802w, https:\/\/i0.wp.com\/minutobahia24h.com.br\/wp-content\/uploads\/2024\/02\/Sem-titulo2-10.jpg?resize=300%2C198&amp;ssl=1 300w, https:\/\/i0.wp.com\/minutobahia24h.com.br\/wp-content\/uploads\/2024\/02\/Sem-titulo2-10.jpg?resize=768%2C508&amp;ssl=1 768w, https:\/\/i0.wp.com\/minutobahia24h.com.br\/wp-content\/uploads\/2024\/02\/Sem-titulo2-10.jpg?resize=750%2C496&amp;ssl=1 750w\" sizes=\"(max-width: 800px) 100vw, 800px\" \/><figcaption class=\"wp-element-caption\"><sub>Daniel Alves vai a julgamento na Espanha, acusado de estupro \u2014 Foto: Getty Images<\/sub><\/figcaption><\/figure>\n<\/div>\n\n\n<p>Come\u00e7a nesta segunda-feira o julgamento de Daniel Alves, acusado de agress\u00e3o sexual contra uma mulher em Barcelona. A previs\u00e3o \u00e9 que as sess\u00f5es no Tribunal Provincial de Barcelona, na Espanha, durem at\u00e9 quarta-feira. O Minist\u00e9rio P\u00fablico pede nove anos de pris\u00e3o para o brasileiro. A defesa da suposta v\u00edtima quer 12 anos \u2014 pena m\u00e1xima para esse tipo de crime no pa\u00eds.<\/p>\n\n\n\n<p>Est\u00e3o previstos os depoimentos da suposta v\u00edtima do jogador, uma amiga e uma familiar da denunciante, nesse primeiro dia do julgamento. As tr\u00eas estavam na boa Sutton, na noite de 30 de dezembro de 2022, quando Daniel Alves teria cometido o estupro.<\/p>\n\n\n\n<p>Outras testemunhas tamb\u00e9m ser\u00e3o ouvidas neste primeiro dia, al\u00e9m de representantes do Minist\u00e9rio P\u00fablico, da acusa\u00e7\u00e3o e da defesa de Dani.<\/p>\n\n\n<div class=\"wp-block-image\">\n<figure class=\"aligncenter\"><a href=\"https:\/\/i0.wp.com\/blogdoeloiltoncajuhy.com.br\/site\/wp-content\/uploads\/2024\/02\/Ester-Garcia-advogada-da-suposta-vitima-de-Daniel-Alves-%E2%80%94-Foto-Getty-Images.png?ssl=1\"><img decoding=\"async\" src=\"https:\/\/i0.wp.com\/blogdoeloiltoncajuhy.com.br\/site\/wp-content\/uploads\/2024\/02\/Ester-Garcia-advogada-da-suposta-vitima-de-Daniel-Alves-%E2%80%94-Foto-Getty-Images.png?resize=792%2C523&amp;ssl=1\" alt=\"\" class=\"wp-image-79046\"\/><\/a><figcaption class=\"wp-element-caption\"><sub>Ester Garcia, advogada da suposta v\u00edtima de Daniel Alves \u2014 Foto: Getty Images<\/sub><\/figcaption><\/figure>\n<\/div>\n\n\n<p>Segundo o \u201cUOL\u201d, a sess\u00e3o de ter\u00e7a-feira ter\u00e1 depoimentos de mais testemunhas, entre elas a modelo Joana Sanz, esposa de Daniel Alves na \u00e9poca, mais quatro amigos do jogador, e policiais qua participaram da investiga\u00e7\u00e3o do caso.<\/p>\n\n\n\n<p>Daniel Alves foi preso preventivamente em 20 de janeiro de 2023. Ele teve quatro pedidos de liberdade provis\u00f3ria negados pela Justi\u00e7a da Espanha, que usou como argumento o risco de fuga para o Brasil.<\/p>\n\n\n\n<p>A defesa do jogador vai apresentar uma quinta vers\u00e3o do que teria acontecido naquela noite. Segundo os jornais La Vanguardia e El Peri\u00f3dico, o brasileiro vai declarar que estaria embriagado na madrugada em quest\u00e3o. A advogada In\u00e9s Guardiola sustentaria que o acusado \u201cn\u00e3o tinha plena consci\u00eancia do que fez\u201d.<\/p>\n\n\n\n<p>blogdoeloiltoncajuhy<\/p>\n","protected":false},"excerpt":{"rendered":"<p>Come\u00e7a nesta segunda-feira o julgamento de Daniel Alves, acusado de agress\u00e3o sexual contra uma mulher em Barcelona. A previs\u00e3o \u00e9 que as sess\u00f5es no Tribunal Provincial de Barcelona, na Espanha, durem at\u00e9 quarta-feira. O Minist\u00e9rio P\u00fablico pede nove anos de pris\u00e3o para o brasileiro. A defesa da suposta v\u00edtima quer 12 anos \u2014 pena m\u00e1xima [&hellip;]<\/p>\n","protected":false},"author":2,"featured_media":7790,"comment_status":"open","ping_status":"open","sticky":false,"template":"","format":"standard","meta":{"_jetpack_memberships_contains_paid_content":false,"footnotes":""},"categories":[15],"tags":[],"class_list":["post-7789","post","type-post","status-publish","format-standard","has-post-thumbnail","hentry","category-mundo"],"aioseo_notices":[],"jetpack_featured_media_url":"https:\/\/i0.wp.com\/minutobahia24h.com.br\/wp-content\/uploads\/2024\/02\/Sem-titulo2-10.jpg?fit=802%2C530&ssl=1","jetpack_sharing_enabled":true,"_links":{"self":[{"href":"https:\/\/minutobahia24h.com.br\/index.php?rest_route=\/wp\/v2\/posts\/7789","targetHints":{"allow":["GET"]}}],"collection":[{"href":"https:\/\/minutobahia24h.com.br\/index.php?rest_route=\/wp\/v2\/posts"}],"about":[{"href":"https:\/\/minutobahia24h.com.br\/index.php?rest_route=\/wp\/v2\/types\/post"}],"author":[{"embeddable":true,"href":"https:\/\/minutobahia24h.com.br\/index.php?rest_route=\/wp\/v2\/users\/2"}],"replies":[{"embeddable":true,"href":"https:\/\/minutobahia24h.com.br\/index.php?rest_route=%2Fwp%2Fv2%2Fcomments&post=7789"}],"version-history":[{"count":1,"href":"https:\/\/minutobahia24h.com.br\/index.php?rest_route=\/wp\/v2\/posts\/7789\/revisions"}],"predecessor-version":[{"id":7791,"href":"https:\/\/minutobahia24h.com.br\/index.php?rest_route=\/wp\/v2\/posts\/7789\/revisions\/7791"}],"wp:featuredmedia":[{"embeddable":true,"href":"https:\/\/minutobahia24h.com.br\/index.php?rest_route=\/wp\/v2\/media\/7790"}],"wp:attachment":[{"href":"https:\/\/minutobahia24h.com.br\/index.php?rest_route=%2Fwp%2Fv2%2Fmedia&parent=7789"}],"wp:term":[{"taxonomy":"category","embeddable":true,"href":"https:\/\/minutobahia24h.com.br\/index.php?rest_route=%2Fwp%2Fv2%2Fcategories&post=7789"},{"taxonomy":"post_tag","embeddable":true,"href":"https:\/\/minutobahia24h.com.br\/index.php?rest_route=%2Fwp%2Fv2%2Ftags&post=7789"}],"curies":[{"name":"wp","href":"https:\/\/api.w.org\/{rel}","templated":true}]}}