{"id":7763,"date":"2024-02-05T07:15:26","date_gmt":"2024-02-05T10:15:26","guid":{"rendered":"https:\/\/minutobahia24h.com.br\/?p=7763"},"modified":"2024-02-05T07:15:28","modified_gmt":"2024-02-05T10:15:28","slug":"filadelfia-vereador-jair-cantor-adere-a-pre-candidatura-de-barbosa-junior","status":"publish","type":"post","link":"https:\/\/minutobahia24h.com.br\/?p=7763","title":{"rendered":"Filad\u00e9lfia: Vereador Jair Cantor adere \u00e0 pr\u00e9-candidatura de Barbosa J\u00fanior"},"content":{"rendered":"<div class=\"wp-block-image\">\n<figure class=\"aligncenter size-large\"><img data-recalc-dims=\"1\" fetchpriority=\"high\" decoding=\"async\" width=\"800\" height=\"593\" src=\"https:\/\/i0.wp.com\/minutobahia24h.com.br\/wp-content\/uploads\/2024\/02\/Sem-titulo2-2-1024x759.jpg?resize=800%2C593&#038;ssl=1\" alt=\"\" class=\"wp-image-7764\" srcset=\"https:\/\/i0.wp.com\/minutobahia24h.com.br\/wp-content\/uploads\/2024\/02\/Sem-titulo2-2.jpg?resize=1024%2C759&amp;ssl=1 1024w, https:\/\/i0.wp.com\/minutobahia24h.com.br\/wp-content\/uploads\/2024\/02\/Sem-titulo2-2.jpg?resize=300%2C223&amp;ssl=1 300w, https:\/\/i0.wp.com\/minutobahia24h.com.br\/wp-content\/uploads\/2024\/02\/Sem-titulo2-2.jpg?resize=768%2C570&amp;ssl=1 768w, https:\/\/i0.wp.com\/minutobahia24h.com.br\/wp-content\/uploads\/2024\/02\/Sem-titulo2-2.jpg?resize=750%2C556&amp;ssl=1 750w, https:\/\/i0.wp.com\/minutobahia24h.com.br\/wp-content\/uploads\/2024\/02\/Sem-titulo2-2.jpg?resize=1140%2C846&amp;ssl=1 1140w, https:\/\/i0.wp.com\/minutobahia24h.com.br\/wp-content\/uploads\/2024\/02\/Sem-titulo2-2.jpg?w=1200&amp;ssl=1 1200w\" sizes=\"(max-width: 800px) 100vw, 800px\" \/><\/figure>\n<\/div>\n\n\n<p>Em um importante movimento pol\u00edtico, o vereador Jair Cantor anuncia sua ades\u00e3o \u00e0 pr\u00e9-candidatura de Barbosa J\u00fanior em Filad\u00e9lfia. O parlamentar junta-se ao grupo liderado por Barbosa, fortalecendo a base e consolidando um apoio expressivo para a pr\u00f3xima disputa eleitoral.<\/p>\n\n\n\n<p>A decis\u00e3o de Jair Cantor representa um novo cap\u00edtulo na constru\u00e7\u00e3o de alian\u00e7as e refor\u00e7a a for\u00e7a pol\u00edtica em torno da candidatura de Barbosa J\u00fanior, prometendo impactar o cen\u00e1rio pol\u00edtico local.<\/p>\n\n\n\n<p>A comunidade aguarda com expectativa os desdobramentos dessa uni\u00e3o e os rumos que essa parceria tomar\u00e1 em prol do desenvolvimento do munic\u00edpio.<\/p>\n\n\n\n<p>interativapn<\/p>\n","protected":false},"excerpt":{"rendered":"<p>Em um importante movimento pol\u00edtico, o vereador Jair Cantor anuncia sua ades\u00e3o \u00e0 pr\u00e9-candidatura de Barbosa J\u00fanior em Filad\u00e9lfia. O parlamentar junta-se ao grupo liderado por Barbosa, fortalecendo a base e consolidando um apoio expressivo para a pr\u00f3xima disputa eleitoral. A decis\u00e3o de Jair Cantor representa um novo cap\u00edtulo na constru\u00e7\u00e3o de alian\u00e7as e refor\u00e7a [&hellip;]<\/p>\n","protected":false},"author":2,"featured_media":7764,"comment_status":"open","ping_status":"open","sticky":false,"template":"","format":"standard","meta":{"_jetpack_memberships_contains_paid_content":false,"footnotes":""},"categories":[14],"tags":[],"class_list":["post-7763","post","type-post","status-publish","format-standard","has-post-thumbnail","hentry","category-filadelfia"],"aioseo_notices":[],"jetpack_featured_media_url":"https:\/\/i0.wp.com\/minutobahia24h.com.br\/wp-content\/uploads\/2024\/02\/Sem-titulo2-2.jpg?fit=1200%2C890&ssl=1","jetpack_sharing_enabled":true,"_links":{"self":[{"href":"https:\/\/minutobahia24h.com.br\/index.php?rest_route=\/wp\/v2\/posts\/7763","targetHints":{"allow":["GET"]}}],"collection":[{"href":"https:\/\/minutobahia24h.com.br\/index.php?rest_route=\/wp\/v2\/posts"}],"about":[{"href":"https:\/\/minutobahia24h.com.br\/index.php?rest_route=\/wp\/v2\/types\/post"}],"author":[{"embeddable":true,"href":"https:\/\/minutobahia24h.com.br\/index.php?rest_route=\/wp\/v2\/users\/2"}],"replies":[{"embeddable":true,"href":"https:\/\/minutobahia24h.com.br\/index.php?rest_route=%2Fwp%2Fv2%2Fcomments&post=7763"}],"version-history":[{"count":1,"href":"https:\/\/minutobahia24h.com.br\/index.php?rest_route=\/wp\/v2\/posts\/7763\/revisions"}],"predecessor-version":[{"id":7765,"href":"https:\/\/minutobahia24h.com.br\/index.php?rest_route=\/wp\/v2\/posts\/7763\/revisions\/7765"}],"wp:featuredmedia":[{"embeddable":true,"href":"https:\/\/minutobahia24h.com.br\/index.php?rest_route=\/wp\/v2\/media\/7764"}],"wp:attachment":[{"href":"https:\/\/minutobahia24h.com.br\/index.php?rest_route=%2Fwp%2Fv2%2Fmedia&parent=7763"}],"wp:term":[{"taxonomy":"category","embeddable":true,"href":"https:\/\/minutobahia24h.com.br\/index.php?rest_route=%2Fwp%2Fv2%2Fcategories&post=7763"},{"taxonomy":"post_tag","embeddable":true,"href":"https:\/\/minutobahia24h.com.br\/index.php?rest_route=%2Fwp%2Fv2%2Ftags&post=7763"}],"curies":[{"name":"wp","href":"https:\/\/api.w.org\/{rel}","templated":true}]}}