{"id":7646,"date":"2024-02-01T18:41:30","date_gmt":"2024-02-01T21:41:30","guid":{"rendered":"https:\/\/minutobahia24h.com.br\/?p=7646"},"modified":"2024-02-01T18:41:32","modified_gmt":"2024-02-01T21:41:32","slug":"preco-do-cafe-deve-subir-mais-de-15-ate-marco-preve-abic","status":"publish","type":"post","link":"https:\/\/minutobahia24h.com.br\/?p=7646","title":{"rendered":"Pre\u00e7o do caf\u00e9 deve subir mais de 15% at\u00e9 mar\u00e7o, prev\u00ea Abic"},"content":{"rendered":"<div class=\"wp-block-image\">\n<figure class=\"aligncenter size-full\"><img data-recalc-dims=\"1\" fetchpriority=\"high\" decoding=\"async\" width=\"597\" height=\"419\" src=\"https:\/\/i0.wp.com\/minutobahia24h.com.br\/wp-content\/uploads\/2024\/02\/site-01-2.jpg?resize=597%2C419&#038;ssl=1\" alt=\"\" class=\"wp-image-7647\" srcset=\"https:\/\/i0.wp.com\/minutobahia24h.com.br\/wp-content\/uploads\/2024\/02\/site-01-2.jpg?w=597&amp;ssl=1 597w, https:\/\/i0.wp.com\/minutobahia24h.com.br\/wp-content\/uploads\/2024\/02\/site-01-2.jpg?resize=300%2C211&amp;ssl=1 300w\" sizes=\"(max-width: 597px) 100vw, 597px\" \/><figcaption class=\"wp-element-caption\">Foto: Pixabay<br><\/figcaption><\/figure>\n<\/div>\n\n\n<p>A Associa\u00e7\u00e3o Brasileira da Ind\u00fastria de Caf\u00e9 (Abic) espera uma alta de mais de 15% no pre\u00e7o do caf\u00e9 ao consumidor final nos pr\u00f3ximos meses. A estimativa foi fornecida pelo presidente da Abic, Pavel Cardoso, em entrevista coletiva concedida nesta quinta-feira (1\u00ba). O prov\u00e1vel aumento se deve a quest\u00f5es clim\u00e1ticas e a press\u00f5es do mercado internacional, al\u00e9m da recomposi\u00e7\u00e3o de perdas que o setor absorveu no ano passado.<\/p>\n\n\n\n<p>Segundo ele, o aumento no pre\u00e7o do caf\u00e9 cru tem sido \u201cexponencial\u201d e que o setor industrial tem absorvido a maior parte dessas varia\u00e7\u00f5es. \u201cMas aqui estamos falando de um efeito severo, que a ind\u00fastria n\u00e3o pode segurar sob pena de travar seus neg\u00f3cios, encurtar seu capital e acometer a sa\u00fade financeira dos seus neg\u00f3cios\u201d, disse.<\/p>\n\n\n\n<p>\u201cEnt\u00e3o haver\u00e1 e j\u00e1 est\u00e1 havendo aumentos para o trade e, naturalmente, chegar\u00e1 aos consumidores nos pr\u00f3ximos 30 a 60 dias\u201d, afirmou Cardoso.<\/p>\n\n\n\n<p>Bahia.ba<\/p>\n","protected":false},"excerpt":{"rendered":"<p>A Associa\u00e7\u00e3o Brasileira da Ind\u00fastria de Caf\u00e9 (Abic) espera uma alta de mais de 15% no pre\u00e7o do caf\u00e9 ao consumidor final nos pr\u00f3ximos meses. A estimativa foi fornecida pelo presidente da Abic, Pavel Cardoso, em entrevista coletiva concedida nesta quinta-feira (1\u00ba). O prov\u00e1vel aumento se deve a quest\u00f5es clim\u00e1ticas e a press\u00f5es do mercado [&hellip;]<\/p>\n","protected":false},"author":2,"featured_media":7647,"comment_status":"open","ping_status":"open","sticky":false,"template":"","format":"standard","meta":{"_jetpack_memberships_contains_paid_content":false,"footnotes":""},"categories":[19],"tags":[],"class_list":["post-7646","post","type-post","status-publish","format-standard","has-post-thumbnail","hentry","category-economia"],"aioseo_notices":[],"jetpack_featured_media_url":"https:\/\/i0.wp.com\/minutobahia24h.com.br\/wp-content\/uploads\/2024\/02\/site-01-2.jpg?fit=597%2C419&ssl=1","jetpack_sharing_enabled":true,"_links":{"self":[{"href":"https:\/\/minutobahia24h.com.br\/index.php?rest_route=\/wp\/v2\/posts\/7646","targetHints":{"allow":["GET"]}}],"collection":[{"href":"https:\/\/minutobahia24h.com.br\/index.php?rest_route=\/wp\/v2\/posts"}],"about":[{"href":"https:\/\/minutobahia24h.com.br\/index.php?rest_route=\/wp\/v2\/types\/post"}],"author":[{"embeddable":true,"href":"https:\/\/minutobahia24h.com.br\/index.php?rest_route=\/wp\/v2\/users\/2"}],"replies":[{"embeddable":true,"href":"https:\/\/minutobahia24h.com.br\/index.php?rest_route=%2Fwp%2Fv2%2Fcomments&post=7646"}],"version-history":[{"count":1,"href":"https:\/\/minutobahia24h.com.br\/index.php?rest_route=\/wp\/v2\/posts\/7646\/revisions"}],"predecessor-version":[{"id":7648,"href":"https:\/\/minutobahia24h.com.br\/index.php?rest_route=\/wp\/v2\/posts\/7646\/revisions\/7648"}],"wp:featuredmedia":[{"embeddable":true,"href":"https:\/\/minutobahia24h.com.br\/index.php?rest_route=\/wp\/v2\/media\/7647"}],"wp:attachment":[{"href":"https:\/\/minutobahia24h.com.br\/index.php?rest_route=%2Fwp%2Fv2%2Fmedia&parent=7646"}],"wp:term":[{"taxonomy":"category","embeddable":true,"href":"https:\/\/minutobahia24h.com.br\/index.php?rest_route=%2Fwp%2Fv2%2Fcategories&post=7646"},{"taxonomy":"post_tag","embeddable":true,"href":"https:\/\/minutobahia24h.com.br\/index.php?rest_route=%2Fwp%2Fv2%2Ftags&post=7646"}],"curies":[{"name":"wp","href":"https:\/\/api.w.org\/{rel}","templated":true}]}}