{"id":7643,"date":"2024-02-01T18:39:42","date_gmt":"2024-02-01T21:39:42","guid":{"rendered":"https:\/\/minutobahia24h.com.br\/?p=7643"},"modified":"2024-02-01T18:39:43","modified_gmt":"2024-02-01T21:39:43","slug":"secretaria-de-educacao-de-barreiras-adia-inicio-das-aulas-em-2024-para-o-dia-15-de-fevereiro","status":"publish","type":"post","link":"https:\/\/minutobahia24h.com.br\/?p=7643","title":{"rendered":"Secretaria de Educa\u00e7\u00e3o de Barreiras adia in\u00edcio das aulas em 2024 para o dia 15 de fevereiro"},"content":{"rendered":"<div class=\"wp-block-image\">\n<figure class=\"aligncenter size-large\"><img data-recalc-dims=\"1\" fetchpriority=\"high\" decoding=\"async\" width=\"800\" height=\"420\" src=\"https:\/\/i0.wp.com\/minutobahia24h.com.br\/wp-content\/uploads\/2024\/02\/site-01-1-1024x538.jpg?resize=800%2C420&#038;ssl=1\" alt=\"\" class=\"wp-image-7644\" srcset=\"https:\/\/i0.wp.com\/minutobahia24h.com.br\/wp-content\/uploads\/2024\/02\/site-01-1.jpg?resize=1024%2C538&amp;ssl=1 1024w, https:\/\/i0.wp.com\/minutobahia24h.com.br\/wp-content\/uploads\/2024\/02\/site-01-1.jpg?resize=300%2C158&amp;ssl=1 300w, https:\/\/i0.wp.com\/minutobahia24h.com.br\/wp-content\/uploads\/2024\/02\/site-01-1.jpg?resize=768%2C404&amp;ssl=1 768w, https:\/\/i0.wp.com\/minutobahia24h.com.br\/wp-content\/uploads\/2024\/02\/site-01-1.jpg?resize=750%2C394&amp;ssl=1 750w, https:\/\/i0.wp.com\/minutobahia24h.com.br\/wp-content\/uploads\/2024\/02\/site-01-1.jpg?resize=1140%2C599&amp;ssl=1 1140w, https:\/\/i0.wp.com\/minutobahia24h.com.br\/wp-content\/uploads\/2024\/02\/site-01-1.jpg?w=1200&amp;ssl=1 1200w\" sizes=\"(max-width: 800px) 100vw, 800px\" \/><figcaption class=\"wp-element-caption\">Foto: divulga\u00e7\u00e3o\/Prefeitura de Barreiras<br><\/figcaption><\/figure>\n<\/div>\n\n\n<p>A Secretaria Municipal de Educa\u00e7\u00e3o decidiu nesta quinta-feira (1\u00ba), adiar o retorno das aulas letivas municipais para o dia 15 de fevereiro, ap\u00f3s a realiza\u00e7\u00e3o do Carnaval Cultural Barreiras Folia 2024, depois de uma criteriosa an\u00e1lise e considera\u00e7\u00e3o dos impactos nas atividades escolares, no cumprimento do programa curricular e, sobretudo, visando a qualidade do ensino oferecido aos discentes.<\/p>\n\n\n\n<p>A decis\u00e3o levou em considera\u00e7\u00e3o a burocracia na realiza\u00e7\u00e3o e entrega dos exames m\u00e9dicos dos professores classificados no concurso p\u00fablico realizado em 2023, uma vez que alguns candidatos n\u00e3o realizaram os exames m\u00e9dicos na ordem de classifica\u00e7\u00e3o, impossibilitando a convoca\u00e7\u00e3o individual dos demais candidatos. Devido ao atraso desse processo, a contrata\u00e7\u00e3o dos professores selecionados no Processo Seletivo Simplificado, de an\u00e1lise curricular, s\u00f3 poder\u00e1 acontecer ap\u00f3s a efetiva\u00e7\u00e3o dos concursados. Assim, a n\u00e3o lota\u00e7\u00e3o de professores nas Unidades Escolares inviabiliza o in\u00edcio das aulas na rede municipal, na data prevista anteriormente.<\/p>\n\n\n\n<p>O calend\u00e1rio de reposi\u00e7\u00e3o escolar ser\u00e1 disponibilizado em breve, estando sujeito a eventuais ajustes que possam surgir, mas, sempre objetivando garantir o cumprimento dos 200 dias letivos\/800h. Para mais esclarecimentos, os pais, respons\u00e1veis e demais profissionais da educa\u00e7\u00e3o podem procurar a Secretaria de Educa\u00e7\u00e3o, localizada no Centro Empresarial Barreiras, ao lado da Rodovi\u00e1ria no bairro Vila Rica.<\/p>\n\n\n\n<p>BN<\/p>\n","protected":false},"excerpt":{"rendered":"<p>A Secretaria Municipal de Educa\u00e7\u00e3o decidiu nesta quinta-feira (1\u00ba), adiar o retorno das aulas letivas municipais para o dia 15 de fevereiro, ap\u00f3s a realiza\u00e7\u00e3o do Carnaval Cultural Barreiras Folia 2024, depois de uma criteriosa an\u00e1lise e considera\u00e7\u00e3o dos impactos nas atividades escolares, no cumprimento do programa curricular e, sobretudo, visando a qualidade do ensino [&hellip;]<\/p>\n","protected":false},"author":2,"featured_media":7644,"comment_status":"open","ping_status":"open","sticky":false,"template":"","format":"standard","meta":{"_jetpack_memberships_contains_paid_content":false,"footnotes":""},"categories":[34],"tags":[],"class_list":["post-7643","post","type-post","status-publish","format-standard","has-post-thumbnail","hentry","category-educacao"],"aioseo_notices":[],"jetpack_featured_media_url":"https:\/\/i0.wp.com\/minutobahia24h.com.br\/wp-content\/uploads\/2024\/02\/site-01-1.jpg?fit=1200%2C631&ssl=1","jetpack_sharing_enabled":true,"_links":{"self":[{"href":"https:\/\/minutobahia24h.com.br\/index.php?rest_route=\/wp\/v2\/posts\/7643","targetHints":{"allow":["GET"]}}],"collection":[{"href":"https:\/\/minutobahia24h.com.br\/index.php?rest_route=\/wp\/v2\/posts"}],"about":[{"href":"https:\/\/minutobahia24h.com.br\/index.php?rest_route=\/wp\/v2\/types\/post"}],"author":[{"embeddable":true,"href":"https:\/\/minutobahia24h.com.br\/index.php?rest_route=\/wp\/v2\/users\/2"}],"replies":[{"embeddable":true,"href":"https:\/\/minutobahia24h.com.br\/index.php?rest_route=%2Fwp%2Fv2%2Fcomments&post=7643"}],"version-history":[{"count":1,"href":"https:\/\/minutobahia24h.com.br\/index.php?rest_route=\/wp\/v2\/posts\/7643\/revisions"}],"predecessor-version":[{"id":7645,"href":"https:\/\/minutobahia24h.com.br\/index.php?rest_route=\/wp\/v2\/posts\/7643\/revisions\/7645"}],"wp:featuredmedia":[{"embeddable":true,"href":"https:\/\/minutobahia24h.com.br\/index.php?rest_route=\/wp\/v2\/media\/7644"}],"wp:attachment":[{"href":"https:\/\/minutobahia24h.com.br\/index.php?rest_route=%2Fwp%2Fv2%2Fmedia&parent=7643"}],"wp:term":[{"taxonomy":"category","embeddable":true,"href":"https:\/\/minutobahia24h.com.br\/index.php?rest_route=%2Fwp%2Fv2%2Fcategories&post=7643"},{"taxonomy":"post_tag","embeddable":true,"href":"https:\/\/minutobahia24h.com.br\/index.php?rest_route=%2Fwp%2Fv2%2Ftags&post=7643"}],"curies":[{"name":"wp","href":"https:\/\/api.w.org\/{rel}","templated":true}]}}