{"id":763,"date":"2023-09-17T20:44:46","date_gmt":"2023-09-17T23:44:46","guid":{"rendered":"https:\/\/minutobahia24h.com.br\/?p=763"},"modified":"2023-09-17T20:44:48","modified_gmt":"2023-09-17T23:44:48","slug":"prefeito-de-cidade-cearense-nao-e-visto-ha-8-meses-e-nao-passa-cargo-para-vice","status":"publish","type":"post","link":"https:\/\/minutobahia24h.com.br\/?p=763","title":{"rendered":"Prefeito de cidade cearense n\u00e3o \u00e9 visto h\u00e1 8 meses e n\u00e3o passa cargo para vice"},"content":{"rendered":"<div class=\"wp-block-image\">\n<figure class=\"aligncenter size-full\"><img data-recalc-dims=\"1\" fetchpriority=\"high\" decoding=\"async\" width=\"750\" height=\"422\" src=\"https:\/\/i0.wp.com\/minutobahia24h.com.br\/wp-content\/uploads\/2023\/09\/Sem-titulo-26.jpg?resize=750%2C422&#038;ssl=1\" alt=\"\" class=\"wp-image-765\" srcset=\"https:\/\/i0.wp.com\/minutobahia24h.com.br\/wp-content\/uploads\/2023\/09\/Sem-titulo-26.jpg?w=750&amp;ssl=1 750w, https:\/\/i0.wp.com\/minutobahia24h.com.br\/wp-content\/uploads\/2023\/09\/Sem-titulo-26.jpg?resize=300%2C169&amp;ssl=1 300w\" sizes=\"(max-width: 750px) 100vw, 750px\" \/><\/figure>\n<\/div>\n\n\n<p>Ao longo dos meses de julho e agosto, uma agente do Minist\u00e9rio P\u00fablico do Cear\u00e1 (MP-CE) foi duas vezes por dia, de manh\u00e3 e de tarde, durante os dias \u00fateis, \u00e0 Prefeitura de Limoeiro do Norte para notificar o prefeito Jos\u00e9 Maria Lucena (PSB) acerca do processo que investiga sua aus\u00eancia do munic\u00edpio.\u00a0Em nenhuma das tentativas a t\u00e9cnica encontrou o prefeito em seu gabinete.<\/p>\n\n\n\n<p>Esta aus\u00eancia, por\u00e9m, n\u00e3o \u00e9 novidade.&nbsp;A \u00faltima vez que Lucena, de 78 anos, foi visto em p\u00fablico foi no dia 12 de janeiro de 2023, portanto, h\u00e1 oito meses. Desde ent\u00e3o, o gestor n\u00e3o aparece em compromissos oficiais nem promove audi\u00eancias com vereadores ou aliados. O sumi\u00e7o levou o&nbsp;Minist\u00e9rio P\u00fablico a abrir um processo administrativo para investigar o caso.<\/p>\n\n\n\n<p>Segundo assessores e advogados de Lucena, o prefeito est\u00e1 realizando&nbsp;tratamento de hemodi\u00e1lise em Fortaleza, a 200 quil\u00f4metros de Limoeiro do Norte, tr\u00eas vezes por semana, para combater problemas renais.<\/p>\n\n\n\n<p>Apesar disso, o gestor n\u00e3o solicitou licen\u00e7a m\u00e9dica e seus assessores garantem que Lucena est\u00e1 cumprindo plenamente suas fun\u00e7\u00f5es de chefe do Executivo do munic\u00edpio de 55 mil habitantes, um polo regional do Vale do Jaguaribe.<\/p>\n\n\n\n<p><em>Fonte G1<\/em><\/p>\n\n\n\n<p>&nbsp;<a target=\"_blank\" href=\"https:\/\/api.whatsapp.com\/send?text=Prefeito%20de%20cidade%20cearense%20n%C3%A3o%20%C3%A9%20visto%20h%C3%A1%208%20meses%20e%20n%C3%A3o%20passa%20cargo%20para%20vice%20-%20https:\/\/waldineypassos.com.br\/prefeito-de-cidade-cearense-nao-e-visto-ha-8-meses-e-nao-passa-cargo-para-vice\/\" rel=\"noreferrer noopener\"><\/a>&nbsp;<a target=\"_blank\" href=\"https:\/\/www.facebook.com\/sharer\/sharer.php?u=https:\/\/waldineypassos.com.br\/prefeito-de-cidade-cearense-nao-e-visto-ha-8-meses-e-nao-passa-cargo-para-vice\/\" rel=\"noreferrer noopener\"><\/a>&nbsp;<a target=\"_blank\" href=\"https:\/\/twitter.com\/home?status=Check%20out%20this%20article:%20Prefeito%20de%20cidade%20cearense%20n%C3%A3o%20%C3%A9%20visto%20h%C3%A1%208%20meses%20e%20n%C3%A3o%20passa%20cargo%20para%20vice%20-%20https:\/\/waldineypassos.com.br\/prefeito-de-cidade-cearense-nao-e-visto-ha-8-meses-e-nao-passa-cargo-para-vice\/\" rel=\"noreferrer noopener\"><\/a><\/p>\n","protected":false},"excerpt":{"rendered":"<p>Ao longo dos meses de julho e agosto, uma agente do Minist\u00e9rio P\u00fablico do Cear\u00e1 (MP-CE) foi duas vezes por dia, de manh\u00e3 e de tarde, durante os dias \u00fateis, \u00e0 Prefeitura de Limoeiro do Norte para notificar o prefeito Jos\u00e9 Maria Lucena (PSB) acerca do processo que investiga sua aus\u00eancia do munic\u00edpio.\u00a0Em nenhuma das [&hellip;]<\/p>\n","protected":false},"author":2,"featured_media":765,"comment_status":"open","ping_status":"open","sticky":false,"template":"","format":"standard","meta":{"_jetpack_memberships_contains_paid_content":false,"footnotes":""},"categories":[39],"tags":[],"class_list":["post-763","post","type-post","status-publish","format-standard","has-post-thumbnail","hentry","category-politica"],"aioseo_notices":[],"jetpack_featured_media_url":"https:\/\/i0.wp.com\/minutobahia24h.com.br\/wp-content\/uploads\/2023\/09\/Sem-titulo-26.jpg?fit=750%2C422&ssl=1","jetpack_sharing_enabled":true,"_links":{"self":[{"href":"https:\/\/minutobahia24h.com.br\/index.php?rest_route=\/wp\/v2\/posts\/763","targetHints":{"allow":["GET"]}}],"collection":[{"href":"https:\/\/minutobahia24h.com.br\/index.php?rest_route=\/wp\/v2\/posts"}],"about":[{"href":"https:\/\/minutobahia24h.com.br\/index.php?rest_route=\/wp\/v2\/types\/post"}],"author":[{"embeddable":true,"href":"https:\/\/minutobahia24h.com.br\/index.php?rest_route=\/wp\/v2\/users\/2"}],"replies":[{"embeddable":true,"href":"https:\/\/minutobahia24h.com.br\/index.php?rest_route=%2Fwp%2Fv2%2Fcomments&post=763"}],"version-history":[{"count":1,"href":"https:\/\/minutobahia24h.com.br\/index.php?rest_route=\/wp\/v2\/posts\/763\/revisions"}],"predecessor-version":[{"id":766,"href":"https:\/\/minutobahia24h.com.br\/index.php?rest_route=\/wp\/v2\/posts\/763\/revisions\/766"}],"wp:featuredmedia":[{"embeddable":true,"href":"https:\/\/minutobahia24h.com.br\/index.php?rest_route=\/wp\/v2\/media\/765"}],"wp:attachment":[{"href":"https:\/\/minutobahia24h.com.br\/index.php?rest_route=%2Fwp%2Fv2%2Fmedia&parent=763"}],"wp:term":[{"taxonomy":"category","embeddable":true,"href":"https:\/\/minutobahia24h.com.br\/index.php?rest_route=%2Fwp%2Fv2%2Fcategories&post=763"},{"taxonomy":"post_tag","embeddable":true,"href":"https:\/\/minutobahia24h.com.br\/index.php?rest_route=%2Fwp%2Fv2%2Ftags&post=763"}],"curies":[{"name":"wp","href":"https:\/\/api.w.org\/{rel}","templated":true}]}}