{"id":7572,"date":"2024-01-31T06:55:03","date_gmt":"2024-01-31T09:55:03","guid":{"rendered":"https:\/\/minutobahia24h.com.br\/?p=7572"},"modified":"2024-01-31T06:55:05","modified_gmt":"2024-01-31T09:55:05","slug":"andre-castro-recebe-apoio-de-otto-alencar-e-diego-coronel-para-concorrer-a-prefeitura-de-itiuba","status":"publish","type":"post","link":"https:\/\/minutobahia24h.com.br\/?p=7572","title":{"rendered":"Andr\u00e9 Castro recebe apoio de Otto Alencar e Diego Coronel para concorrer \u00e0 prefeitura de Iti\u00faba"},"content":{"rendered":"<div class=\"wp-block-image\">\n<figure class=\"aligncenter size-large\"><img data-recalc-dims=\"1\" fetchpriority=\"high\" decoding=\"async\" width=\"800\" height=\"419\" src=\"https:\/\/i0.wp.com\/minutobahia24h.com.br\/wp-content\/uploads\/2024\/01\/Sem-titulo-381-1024x536.jpg?resize=800%2C419&#038;ssl=1\" alt=\"\" class=\"wp-image-7574\" srcset=\"https:\/\/i0.wp.com\/minutobahia24h.com.br\/wp-content\/uploads\/2024\/01\/Sem-titulo-381.jpg?resize=1024%2C536&amp;ssl=1 1024w, https:\/\/i0.wp.com\/minutobahia24h.com.br\/wp-content\/uploads\/2024\/01\/Sem-titulo-381.jpg?resize=300%2C157&amp;ssl=1 300w, https:\/\/i0.wp.com\/minutobahia24h.com.br\/wp-content\/uploads\/2024\/01\/Sem-titulo-381.jpg?resize=768%2C402&amp;ssl=1 768w, https:\/\/i0.wp.com\/minutobahia24h.com.br\/wp-content\/uploads\/2024\/01\/Sem-titulo-381.jpg?resize=750%2C393&amp;ssl=1 750w, https:\/\/i0.wp.com\/minutobahia24h.com.br\/wp-content\/uploads\/2024\/01\/Sem-titulo-381.jpg?resize=1140%2C597&amp;ssl=1 1140w, https:\/\/i0.wp.com\/minutobahia24h.com.br\/wp-content\/uploads\/2024\/01\/Sem-titulo-381.jpg?w=1178&amp;ssl=1 1178w\" sizes=\"(max-width: 800px) 100vw, 800px\" \/><\/figure>\n<\/div>\n\n\n<p>O pr\u00e9-candidato a prefeito de Iti\u00faba, Andr\u00e9 Castro, recebeu um importante respaldo pol\u00edtico em visita ao gabinete do Senador Otto Alencar, acompanhado pelo Deputado Federal Diego Coronel. Nesse encontro, realizado em clima de confian\u00e7a e entusiasmo, o Senador Otto Alencar destacou a dedica\u00e7\u00e3o de Andr\u00e9 Castro ao desenvolvimento de Iti\u00faba. Ele ressaltou a import\u00e2ncia de lideran\u00e7as comprometidas com o progresso municipal e manifestou seu apoio \u00e0 candidatura de Castro para as elei\u00e7\u00f5es de 2024.<\/p>\n\n\n\n<p>O Deputado Federal Diego Coronel enfatizou a necessidade de renova\u00e7\u00e3o pol\u00edtica e novas ideias para enfrentar os desafios da administra\u00e7\u00e3o p\u00fablica. Ele elogiou o plano de governo de Andr\u00e9 Castro e expressou apoio integral \u00e0 sua candidatura, destacando a import\u00e2ncia de uma gest\u00e3o transparente e participativa para o futuro de Iti\u00faba.<\/p>\n\n\n\n<p>Andr\u00e9 Castro agradeceu pelo apoio recebido, reafirmando seu compromisso com a cidade e sua determina\u00e7\u00e3o em promover uma gest\u00e3o inclusiva, eficiente e voltada para as reais necessidades da popula\u00e7\u00e3o. Ele enfatizou a import\u00e2ncia de parcerias s\u00f3lidas e do apoio de lideran\u00e7as comprometidas com o bem-estar do munic\u00edpio.<\/p>\n\n\n\n<p>O respaldo do Senador Otto Alencar e do Deputado Federal Diego Coronel representa um importante impulso para a campanha de Andr\u00e9 Castro rumo \u00e0 prefeitura de Iti\u00faba em 2024. Com o apoio de figuras t\u00e3o respeitadas na pol\u00edtica baiana, Castro reafirma seu compromisso com a cidade e sua determina\u00e7\u00e3o em promover uma gest\u00e3o respons\u00e1vel e voltada para o progresso e o bem-estar de todos os itiubenses. O Prefeito Thiago Gilleno e o vice Adelson tamb\u00e9m estiveram presentes no encontro.<\/p>\n\n\n\n<p><strong>Com informa\u00e7\u00f5es da Ag\u00eancia DC<\/strong><\/p>\n","protected":false},"excerpt":{"rendered":"<p>O pr\u00e9-candidato a prefeito de Iti\u00faba, Andr\u00e9 Castro, recebeu um importante respaldo pol\u00edtico em visita ao gabinete do Senador Otto Alencar, acompanhado pelo Deputado Federal Diego Coronel. Nesse encontro, realizado em clima de confian\u00e7a e entusiasmo, o Senador Otto Alencar destacou a dedica\u00e7\u00e3o de Andr\u00e9 Castro ao desenvolvimento de Iti\u00faba. Ele ressaltou a import\u00e2ncia de [&hellip;]<\/p>\n","protected":false},"author":2,"featured_media":7574,"comment_status":"open","ping_status":"open","sticky":false,"template":"","format":"standard","meta":{"_jetpack_memberships_contains_paid_content":false,"footnotes":""},"categories":[37],"tags":[],"class_list":["post-7572","post","type-post","status-publish","format-standard","has-post-thumbnail","hentry","category-itiuba"],"aioseo_notices":[],"jetpack_featured_media_url":"https:\/\/i0.wp.com\/minutobahia24h.com.br\/wp-content\/uploads\/2024\/01\/Sem-titulo-381.jpg?fit=1178%2C617&ssl=1","jetpack_sharing_enabled":true,"_links":{"self":[{"href":"https:\/\/minutobahia24h.com.br\/index.php?rest_route=\/wp\/v2\/posts\/7572","targetHints":{"allow":["GET"]}}],"collection":[{"href":"https:\/\/minutobahia24h.com.br\/index.php?rest_route=\/wp\/v2\/posts"}],"about":[{"href":"https:\/\/minutobahia24h.com.br\/index.php?rest_route=\/wp\/v2\/types\/post"}],"author":[{"embeddable":true,"href":"https:\/\/minutobahia24h.com.br\/index.php?rest_route=\/wp\/v2\/users\/2"}],"replies":[{"embeddable":true,"href":"https:\/\/minutobahia24h.com.br\/index.php?rest_route=%2Fwp%2Fv2%2Fcomments&post=7572"}],"version-history":[{"count":1,"href":"https:\/\/minutobahia24h.com.br\/index.php?rest_route=\/wp\/v2\/posts\/7572\/revisions"}],"predecessor-version":[{"id":7575,"href":"https:\/\/minutobahia24h.com.br\/index.php?rest_route=\/wp\/v2\/posts\/7572\/revisions\/7575"}],"wp:featuredmedia":[{"embeddable":true,"href":"https:\/\/minutobahia24h.com.br\/index.php?rest_route=\/wp\/v2\/media\/7574"}],"wp:attachment":[{"href":"https:\/\/minutobahia24h.com.br\/index.php?rest_route=%2Fwp%2Fv2%2Fmedia&parent=7572"}],"wp:term":[{"taxonomy":"category","embeddable":true,"href":"https:\/\/minutobahia24h.com.br\/index.php?rest_route=%2Fwp%2Fv2%2Fcategories&post=7572"},{"taxonomy":"post_tag","embeddable":true,"href":"https:\/\/minutobahia24h.com.br\/index.php?rest_route=%2Fwp%2Fv2%2Ftags&post=7572"}],"curies":[{"name":"wp","href":"https:\/\/api.w.org\/{rel}","templated":true}]}}