{"id":7533,"date":"2024-01-30T07:33:24","date_gmt":"2024-01-30T10:33:24","guid":{"rendered":"https:\/\/minutobahia24h.com.br\/?p=7533"},"modified":"2024-01-30T07:33:25","modified_gmt":"2024-01-30T10:33:25","slug":"defesa-de-bolsonaro-diz-que-pf-apreendeu-objetos-de-pessoas-sem-relacao-com-inquerito","status":"publish","type":"post","link":"https:\/\/minutobahia24h.com.br\/?p=7533","title":{"rendered":"Defesa de Bolsonaro diz que PF apreendeu objetos de pessoas sem rela\u00e7\u00e3o com inqu\u00e9rito"},"content":{"rendered":"<div class=\"wp-block-image\">\n<figure class=\"aligncenter size-large\"><img data-recalc-dims=\"1\" fetchpriority=\"high\" decoding=\"async\" width=\"800\" height=\"420\" src=\"https:\/\/i0.wp.com\/minutobahia24h.com.br\/wp-content\/uploads\/2024\/01\/Sem-titulo-372-1024x538.jpg?resize=800%2C420&#038;ssl=1\" alt=\"\" class=\"wp-image-7535\" srcset=\"https:\/\/i0.wp.com\/minutobahia24h.com.br\/wp-content\/uploads\/2024\/01\/Sem-titulo-372.jpg?resize=1024%2C538&amp;ssl=1 1024w, https:\/\/i0.wp.com\/minutobahia24h.com.br\/wp-content\/uploads\/2024\/01\/Sem-titulo-372.jpg?resize=300%2C158&amp;ssl=1 300w, https:\/\/i0.wp.com\/minutobahia24h.com.br\/wp-content\/uploads\/2024\/01\/Sem-titulo-372.jpg?resize=768%2C403&amp;ssl=1 768w, https:\/\/i0.wp.com\/minutobahia24h.com.br\/wp-content\/uploads\/2024\/01\/Sem-titulo-372.jpg?resize=750%2C394&amp;ssl=1 750w, https:\/\/i0.wp.com\/minutobahia24h.com.br\/wp-content\/uploads\/2024\/01\/Sem-titulo-372.jpg?resize=1140%2C599&amp;ssl=1 1140w, https:\/\/i0.wp.com\/minutobahia24h.com.br\/wp-content\/uploads\/2024\/01\/Sem-titulo-372.jpg?w=1200&amp;ssl=1 1200w\" sizes=\"(max-width: 800px) 100vw, 800px\" \/><figcaption class=\"wp-element-caption\">Foto: Marcello Casal Jr. \/ Ag\u00eancia Brasil<br><\/figcaption><\/figure>\n<\/div>\n\n\n<p>A defesa do ex-presidente Jair Bolsonaro (PL) divulgou nota nesta segunda-feira (29) afirmando que a PF agiu com excesso nas buscas realizadas em opera\u00e7\u00e3o mirando o vereador Carlos Bolsonaro (Republicanos-RJ), em Angra dos Reis. <\/p>\n\n\n\n<p>&#8220;A defesa entende que houve um excesso no cumprimento da busca e apreens\u00e3o, ao passo que foram apreendidos objetos pessoais de cidad\u00e3os diversos do vereador Carlos Bolsonaro, apenas pelo fato de estarem no endere\u00e7o em que a busca foi realizada&#8221;, diz nota assinada pelos advogados Paulo Amador da Cunha Bueno, Daniel Bettamio Tesser e F\u00e1bio Wajngarten.<\/p>\n\n\n\n<p>A defesa tamb\u00e9m citou que foram apreendidas tamb\u00e9m anota\u00e7\u00f5es da live que o ex-presidente havia participado no domingo (28).<\/p>\n\n\n\n<p>Os advogados afirmaram tamb\u00e9m: &#8220;Apesar da minuciosa busca feita pelos agentes em todos os c\u00f4modos do im\u00f3vel, com a n\u00edtida tentativa de encontrar algo que pudesse comprometer a reputa\u00e7\u00e3o ilibada do ex-presidente da Rep\u00fablica, nenhum item seu foi apreendido&#8221;.<\/p>\n\n\n\n<p>Um assessor de Bolsonaro afirmou ter tido bens pessoais seus apreendidos indevidamente na opera\u00e7\u00e3o desta segunda-feira.<\/p>\n\n\n\n<p>A defesa de T\u00e9rcio Arnaud Tom\u00e1z, antigo assessor da fam\u00edlia presidencial, encaminhou peti\u00e7\u00e3o ao ministro Alexandre de Moraes, do STF (Supremo Tribunal Federal) pedindo a imediata devolu\u00e7\u00e3o de um tablet e um laptop do seu cliente &#8211;que teriam sido levados pelos policiais mesmo havendo esclarecimento de que eles n\u00e3o pertenciam a Carlos, alvo da opera\u00e7\u00e3o.<\/p>\n\n\n\n<p>Os advogados de T\u00e9rcio afirmaram, tamb\u00e9m em nota, ser &#8220;inaceit\u00e1vel e inconceb\u00edvel que terceiros, sem absolutamente qualquer tipo de rela\u00e7\u00e3o com os fatos apurados, tenham seus bens apreendidos com base em maldosa e indecorosa interpreta\u00e7\u00e3o de determinada ordem judicial espec\u00edfica&#8221;.<\/p>\n\n\n\n<p>As buscas desta segunda miram um suposto n\u00facleo pol\u00edtico que teria usado a Abin (Ag\u00eancia Brasileira de Intelig\u00eancia) para espionagem de advers\u00e1rios pol\u00edticos, durante o governo Bolsonaro.<\/p>\n\n\n\n<p>T\u00e9rcio Arnaud estava na resid\u00eancia de praia da fam\u00edlia Bolsonaro, na Vila Hist\u00f3rica de Mambucaba, em Angra dos Reis (RJ), um dos locais que foram vasculhados pela PF. A reportagem procurou a assessoria da Pol\u00edcia Federal na noite desta segunda e aguarda uma manifesta\u00e7\u00e3o.<\/p>\n\n\n\n<p>BN<\/p>\n","protected":false},"excerpt":{"rendered":"<p>A defesa do ex-presidente Jair Bolsonaro (PL) divulgou nota nesta segunda-feira (29) afirmando que a PF agiu com excesso nas buscas realizadas em opera\u00e7\u00e3o mirando o vereador Carlos Bolsonaro (Republicanos-RJ), em Angra dos Reis. &#8220;A defesa entende que houve um excesso no cumprimento da busca e apreens\u00e3o, ao passo que foram apreendidos objetos pessoais de [&hellip;]<\/p>\n","protected":false},"author":2,"featured_media":7535,"comment_status":"open","ping_status":"open","sticky":false,"template":"","format":"standard","meta":{"_jetpack_memberships_contains_paid_content":false,"footnotes":""},"categories":[46],"tags":[],"class_list":["post-7533","post","type-post","status-publish","format-standard","has-post-thumbnail","hentry","category-noticia"],"aioseo_notices":[],"jetpack_featured_media_url":"https:\/\/i0.wp.com\/minutobahia24h.com.br\/wp-content\/uploads\/2024\/01\/Sem-titulo-372.jpg?fit=1200%2C630&ssl=1","jetpack_sharing_enabled":true,"_links":{"self":[{"href":"https:\/\/minutobahia24h.com.br\/index.php?rest_route=\/wp\/v2\/posts\/7533","targetHints":{"allow":["GET"]}}],"collection":[{"href":"https:\/\/minutobahia24h.com.br\/index.php?rest_route=\/wp\/v2\/posts"}],"about":[{"href":"https:\/\/minutobahia24h.com.br\/index.php?rest_route=\/wp\/v2\/types\/post"}],"author":[{"embeddable":true,"href":"https:\/\/minutobahia24h.com.br\/index.php?rest_route=\/wp\/v2\/users\/2"}],"replies":[{"embeddable":true,"href":"https:\/\/minutobahia24h.com.br\/index.php?rest_route=%2Fwp%2Fv2%2Fcomments&post=7533"}],"version-history":[{"count":1,"href":"https:\/\/minutobahia24h.com.br\/index.php?rest_route=\/wp\/v2\/posts\/7533\/revisions"}],"predecessor-version":[{"id":7536,"href":"https:\/\/minutobahia24h.com.br\/index.php?rest_route=\/wp\/v2\/posts\/7533\/revisions\/7536"}],"wp:featuredmedia":[{"embeddable":true,"href":"https:\/\/minutobahia24h.com.br\/index.php?rest_route=\/wp\/v2\/media\/7535"}],"wp:attachment":[{"href":"https:\/\/minutobahia24h.com.br\/index.php?rest_route=%2Fwp%2Fv2%2Fmedia&parent=7533"}],"wp:term":[{"taxonomy":"category","embeddable":true,"href":"https:\/\/minutobahia24h.com.br\/index.php?rest_route=%2Fwp%2Fv2%2Fcategories&post=7533"},{"taxonomy":"post_tag","embeddable":true,"href":"https:\/\/minutobahia24h.com.br\/index.php?rest_route=%2Fwp%2Fv2%2Ftags&post=7533"}],"curies":[{"name":"wp","href":"https:\/\/api.w.org\/{rel}","templated":true}]}}