{"id":7499,"date":"2024-01-30T06:51:16","date_gmt":"2024-01-30T09:51:16","guid":{"rendered":"https:\/\/minutobahia24h.com.br\/?p=7499"},"modified":"2024-01-30T06:51:17","modified_gmt":"2024-01-30T09:51:17","slug":"ponto-novo-jovem-e-atropelado-na-br-407","status":"publish","type":"post","link":"https:\/\/minutobahia24h.com.br\/?p=7499","title":{"rendered":"Ponto Novo: Jovem \u00e9 atropelado na BR 407"},"content":{"rendered":"\n<h4 class=\"wp-block-heading\"><\/h4>\n\n\n<div class=\"wp-block-image\">\n<figure class=\"aligncenter size-full\"><img data-recalc-dims=\"1\" fetchpriority=\"high\" decoding=\"async\" width=\"621\" height=\"462\" src=\"https:\/\/i0.wp.com\/minutobahia24h.com.br\/wp-content\/uploads\/2024\/01\/Sem-titulo-364.jpg?resize=621%2C462&#038;ssl=1\" alt=\"\" class=\"wp-image-7501\" srcset=\"https:\/\/i0.wp.com\/minutobahia24h.com.br\/wp-content\/uploads\/2024\/01\/Sem-titulo-364.jpg?w=621&amp;ssl=1 621w, https:\/\/i0.wp.com\/minutobahia24h.com.br\/wp-content\/uploads\/2024\/01\/Sem-titulo-364.jpg?resize=300%2C223&amp;ssl=1 300w\" sizes=\"(max-width: 621px) 100vw, 621px\" \/><\/figure>\n<\/div>\n\n\n<p>Um atropelamento foi registrado na BR-407, pr\u00f3ximo a entrada da cidade de Ponto Novo, na noite desta segunda-feira (29). Fotos da cena do acidente mostram um jovem ca\u00eddo ao solo, de acordo com populares ele foi atropelado por uma carreta, ainda n\u00e3o h\u00e1 mais detalhes sobre como aconteceu o sinistro. A equipe do Samu de Ponto Novo foi acionada, realizou atendimentos e levou at\u00e9 o Hospital Nossa Senhora de F\u00e1tima, o jovem identificado por Jos\u00e9 Nunes Morais Neto, 20 anos, morador de Filad\u00e9lfia. Ele ser\u00e1 regulado e transferido para um Hospital do Vale do S\u00e3o Francisco.<\/p>\n\n\n\n<p>agenciadc<\/p>\n","protected":false},"excerpt":{"rendered":"<p>Um atropelamento foi registrado na BR-407, pr\u00f3ximo a entrada da cidade de Ponto Novo, na noite desta segunda-feira (29). Fotos da cena do acidente mostram um jovem ca\u00eddo ao solo, de acordo com populares ele foi atropelado por uma carreta, ainda n\u00e3o h\u00e1 mais detalhes sobre como aconteceu o sinistro. A equipe do Samu de [&hellip;]<\/p>\n","protected":false},"author":2,"featured_media":7501,"comment_status":"open","ping_status":"open","sticky":false,"template":"","format":"standard","meta":{"_jetpack_memberships_contains_paid_content":false,"footnotes":""},"categories":[35],"tags":[],"class_list":["post-7499","post","type-post","status-publish","format-standard","has-post-thumbnail","hentry","category-ponto-novo"],"aioseo_notices":[],"jetpack_featured_media_url":"https:\/\/i0.wp.com\/minutobahia24h.com.br\/wp-content\/uploads\/2024\/01\/Sem-titulo-364.jpg?fit=621%2C462&ssl=1","jetpack_sharing_enabled":true,"_links":{"self":[{"href":"https:\/\/minutobahia24h.com.br\/index.php?rest_route=\/wp\/v2\/posts\/7499","targetHints":{"allow":["GET"]}}],"collection":[{"href":"https:\/\/minutobahia24h.com.br\/index.php?rest_route=\/wp\/v2\/posts"}],"about":[{"href":"https:\/\/minutobahia24h.com.br\/index.php?rest_route=\/wp\/v2\/types\/post"}],"author":[{"embeddable":true,"href":"https:\/\/minutobahia24h.com.br\/index.php?rest_route=\/wp\/v2\/users\/2"}],"replies":[{"embeddable":true,"href":"https:\/\/minutobahia24h.com.br\/index.php?rest_route=%2Fwp%2Fv2%2Fcomments&post=7499"}],"version-history":[{"count":1,"href":"https:\/\/minutobahia24h.com.br\/index.php?rest_route=\/wp\/v2\/posts\/7499\/revisions"}],"predecessor-version":[{"id":7502,"href":"https:\/\/minutobahia24h.com.br\/index.php?rest_route=\/wp\/v2\/posts\/7499\/revisions\/7502"}],"wp:featuredmedia":[{"embeddable":true,"href":"https:\/\/minutobahia24h.com.br\/index.php?rest_route=\/wp\/v2\/media\/7501"}],"wp:attachment":[{"href":"https:\/\/minutobahia24h.com.br\/index.php?rest_route=%2Fwp%2Fv2%2Fmedia&parent=7499"}],"wp:term":[{"taxonomy":"category","embeddable":true,"href":"https:\/\/minutobahia24h.com.br\/index.php?rest_route=%2Fwp%2Fv2%2Fcategories&post=7499"},{"taxonomy":"post_tag","embeddable":true,"href":"https:\/\/minutobahia24h.com.br\/index.php?rest_route=%2Fwp%2Fv2%2Ftags&post=7499"}],"curies":[{"name":"wp","href":"https:\/\/api.w.org\/{rel}","templated":true}]}}