{"id":7454,"date":"2024-01-29T07:46:35","date_gmt":"2024-01-29T10:46:35","guid":{"rendered":"https:\/\/minutobahia24h.com.br\/?p=7454"},"modified":"2024-01-29T07:46:36","modified_gmt":"2024-01-29T10:46:36","slug":"bolsonaro-diz-que-condenados-por-8-1-sao-inocentes-e-critica-pena-de-17-anos","status":"publish","type":"post","link":"https:\/\/minutobahia24h.com.br\/?p=7454","title":{"rendered":"Bolsonaro diz que condenados por 8\/1 s\u00e3o \u2018inocentes\u2019 e critica pena de 17 anos"},"content":{"rendered":"<div class=\"wp-block-image\">\n<figure class=\"aligncenter size-full\"><img data-recalc-dims=\"1\" fetchpriority=\"high\" decoding=\"async\" width=\"600\" height=\"422\" src=\"https:\/\/i0.wp.com\/minutobahia24h.com.br\/wp-content\/uploads\/2024\/01\/Sem-titulo-356.jpg?resize=600%2C422&#038;ssl=1\" alt=\"\" class=\"wp-image-7456\" srcset=\"https:\/\/i0.wp.com\/minutobahia24h.com.br\/wp-content\/uploads\/2024\/01\/Sem-titulo-356.jpg?w=600&amp;ssl=1 600w, https:\/\/i0.wp.com\/minutobahia24h.com.br\/wp-content\/uploads\/2024\/01\/Sem-titulo-356.jpg?resize=300%2C211&amp;ssl=1 300w\" sizes=\"(max-width: 600px) 100vw, 600px\" \/><figcaption class=\"wp-element-caption\">Foto: T\u00e2nia Rego\/Ag\u00eancia Brasil<br><\/figcaption><\/figure>\n<\/div>\n\n\n<p>O ex-presidente Jair Bolsonaro (PL) classificou como \u201cinocentes\u201d alguns condenados pela invas\u00e3o \u00e0s sedes dos Tr\u00eas Poderes em 8 de janeiro de 2023. Em um discurso do Partido Liberal em Angra dos Reis, no s\u00e1bado (27), o pol\u00edtico destacou que as condena\u00e7\u00f5es s\u00e3o \u201cuma maneira de tentar calar\u201d os opositores do atual governo.<\/p>\n\n\n\n<p>\u201cHoje n\u00f3s vemos colegas nossos condenados a 17 anos de pris\u00e3o, muitos inocentes. E at\u00e9 mesmo aqueles que por ventura invadiram l\u00e1 o Congresso, o que n\u00f3s somos contra, mas uma condena\u00e7\u00e3o de 17 anos \u00e9 um crime, \u00e9 um abuso, \u00e9 uma maneira de tentar calar todos n\u00f3s\u201d, pontuou Bolsonaro no evento.<\/p>\n\n\n\n<p>\u201cacredito que as lideran\u00e7as das duas Casas em Bras\u00edlia achem uma solu\u00e7\u00e3o para isso, porque ela tem que vir de l\u00e1\u201d, destacou o ex-mandat\u00e1rio em refer\u00eancia aos presidentes da C\u00e2mara, Arthur Lira (PP), e o Senado, Rodrigo Pacheco (PSD).&nbsp;<\/p>\n\n\n\n<p>O Supremo Tribunal Federal (STF) j\u00e1 condenou 30 pessoas envolvidas nos ataques antidemocr\u00e1ticos. As penas proferidas pela Corte variam entre 3 anos de pris\u00e3o em regime aberto a 17 anos de deten\u00e7\u00e3o em regime fechado.<\/p>\n\n\n\n<p>Bahia.ba<\/p>\n","protected":false},"excerpt":{"rendered":"<p>O ex-presidente Jair Bolsonaro (PL) classificou como \u201cinocentes\u201d alguns condenados pela invas\u00e3o \u00e0s sedes dos Tr\u00eas Poderes em 8 de janeiro de 2023. Em um discurso do Partido Liberal em Angra dos Reis, no s\u00e1bado (27), o pol\u00edtico destacou que as condena\u00e7\u00f5es s\u00e3o \u201cuma maneira de tentar calar\u201d os opositores do atual governo. \u201cHoje n\u00f3s [&hellip;]<\/p>\n","protected":false},"author":2,"featured_media":7456,"comment_status":"open","ping_status":"open","sticky":false,"template":"","format":"standard","meta":{"_jetpack_memberships_contains_paid_content":false,"footnotes":""},"categories":[39],"tags":[],"class_list":["post-7454","post","type-post","status-publish","format-standard","has-post-thumbnail","hentry","category-politica"],"aioseo_notices":[],"jetpack_featured_media_url":"https:\/\/i0.wp.com\/minutobahia24h.com.br\/wp-content\/uploads\/2024\/01\/Sem-titulo-356.jpg?fit=600%2C422&ssl=1","jetpack_sharing_enabled":true,"_links":{"self":[{"href":"https:\/\/minutobahia24h.com.br\/index.php?rest_route=\/wp\/v2\/posts\/7454","targetHints":{"allow":["GET"]}}],"collection":[{"href":"https:\/\/minutobahia24h.com.br\/index.php?rest_route=\/wp\/v2\/posts"}],"about":[{"href":"https:\/\/minutobahia24h.com.br\/index.php?rest_route=\/wp\/v2\/types\/post"}],"author":[{"embeddable":true,"href":"https:\/\/minutobahia24h.com.br\/index.php?rest_route=\/wp\/v2\/users\/2"}],"replies":[{"embeddable":true,"href":"https:\/\/minutobahia24h.com.br\/index.php?rest_route=%2Fwp%2Fv2%2Fcomments&post=7454"}],"version-history":[{"count":1,"href":"https:\/\/minutobahia24h.com.br\/index.php?rest_route=\/wp\/v2\/posts\/7454\/revisions"}],"predecessor-version":[{"id":7457,"href":"https:\/\/minutobahia24h.com.br\/index.php?rest_route=\/wp\/v2\/posts\/7454\/revisions\/7457"}],"wp:featuredmedia":[{"embeddable":true,"href":"https:\/\/minutobahia24h.com.br\/index.php?rest_route=\/wp\/v2\/media\/7456"}],"wp:attachment":[{"href":"https:\/\/minutobahia24h.com.br\/index.php?rest_route=%2Fwp%2Fv2%2Fmedia&parent=7454"}],"wp:term":[{"taxonomy":"category","embeddable":true,"href":"https:\/\/minutobahia24h.com.br\/index.php?rest_route=%2Fwp%2Fv2%2Fcategories&post=7454"},{"taxonomy":"post_tag","embeddable":true,"href":"https:\/\/minutobahia24h.com.br\/index.php?rest_route=%2Fwp%2Fv2%2Ftags&post=7454"}],"curies":[{"name":"wp","href":"https:\/\/api.w.org\/{rel}","templated":true}]}}