{"id":7290,"date":"2024-01-26T07:59:43","date_gmt":"2024-01-26T10:59:43","guid":{"rendered":"https:\/\/minutobahia24h.com.br\/?p=7290"},"modified":"2024-01-26T07:59:52","modified_gmt":"2024-01-26T10:59:52","slug":"o-auto-da-compadecida-2-ganha-data-de-estreia-confira","status":"publish","type":"post","link":"https:\/\/minutobahia24h.com.br\/?p=7290","title":{"rendered":"\u2018O Auto da Compadecida 2\u2019 ganha data de estreia; confira"},"content":{"rendered":"<div class=\"wp-block-image\">\n<figure class=\"aligncenter size-full\"><img data-recalc-dims=\"1\" fetchpriority=\"high\" decoding=\"async\" width=\"600\" height=\"421\" src=\"https:\/\/i0.wp.com\/minutobahia24h.com.br\/wp-content\/uploads\/2024\/01\/Sem-titulo-321.jpg?resize=600%2C421&#038;ssl=1\" alt=\"\" class=\"wp-image-7292\" srcset=\"https:\/\/i0.wp.com\/minutobahia24h.com.br\/wp-content\/uploads\/2024\/01\/Sem-titulo-321.jpg?w=600&amp;ssl=1 600w, https:\/\/i0.wp.com\/minutobahia24h.com.br\/wp-content\/uploads\/2024\/01\/Sem-titulo-321.jpg?resize=300%2C211&amp;ssl=1 300w\" sizes=\"(max-width: 600px) 100vw, 600px\" \/><figcaption class=\"wp-element-caption\">Foto: Reprodu\u00e7\u00e3o\/Redes Sociais<br><\/figcaption><\/figure>\n<\/div>\n\n\n<p>Os f\u00e3s do filme \u201cO Auto da Compadecida\u201d j\u00e1 podem se preparar para comparecer ao cinema e matar a saudade da drama protagonizada pelos atores Selton Mello e Matheus Nachtergaele, a continua\u00e7\u00e3o do filme entra em cartaz ap\u00f3s 25 anos da sua primeira vers\u00e3o. O anuncio foi feito pela p\u00e1gina oficial do Instagram do projeto.&nbsp;<\/p>\n\n\n\n<p>\u201cDefinida a data de lan\u00e7amento do filme brasileiro mais aguardado de todos os tempos. O Auto da Compadecida 2 estreia nos cinemas brasileiros no dia 25 de dezembro de 2024. Selton Mello + Matheus Nachtergaele e um elenco de peso v\u00e3o divertir e emocionar fortemente o p\u00fablico brasileiro! Marque na agenda: 25 de dezembro de 2024! Presente de Natal que chama, n\u00e9? Prepare-se para as novas e fabulosas aventuras de Jo\u00e3o Grilo e Chic\u00f3!\u201d\u00a0<\/p>\n\n\n\n<p>Bahia.ba<\/p>\n","protected":false},"excerpt":{"rendered":"<p>Os f\u00e3s do filme \u201cO Auto da Compadecida\u201d j\u00e1 podem se preparar para comparecer ao cinema e matar a saudade da drama protagonizada pelos atores Selton Mello e Matheus Nachtergaele, a continua\u00e7\u00e3o do filme entra em cartaz ap\u00f3s 25 anos da sua primeira vers\u00e3o. O anuncio foi feito pela p\u00e1gina oficial do Instagram do projeto.&nbsp; [&hellip;]<\/p>\n","protected":false},"author":2,"featured_media":7292,"comment_status":"open","ping_status":"open","sticky":false,"template":"","format":"standard","meta":{"_jetpack_memberships_contains_paid_content":false,"footnotes":""},"categories":[46],"tags":[],"class_list":["post-7290","post","type-post","status-publish","format-standard","has-post-thumbnail","hentry","category-noticia"],"aioseo_notices":[],"jetpack_featured_media_url":"https:\/\/i0.wp.com\/minutobahia24h.com.br\/wp-content\/uploads\/2024\/01\/Sem-titulo-321.jpg?fit=600%2C421&ssl=1","jetpack_sharing_enabled":true,"_links":{"self":[{"href":"https:\/\/minutobahia24h.com.br\/index.php?rest_route=\/wp\/v2\/posts\/7290","targetHints":{"allow":["GET"]}}],"collection":[{"href":"https:\/\/minutobahia24h.com.br\/index.php?rest_route=\/wp\/v2\/posts"}],"about":[{"href":"https:\/\/minutobahia24h.com.br\/index.php?rest_route=\/wp\/v2\/types\/post"}],"author":[{"embeddable":true,"href":"https:\/\/minutobahia24h.com.br\/index.php?rest_route=\/wp\/v2\/users\/2"}],"replies":[{"embeddable":true,"href":"https:\/\/minutobahia24h.com.br\/index.php?rest_route=%2Fwp%2Fv2%2Fcomments&post=7290"}],"version-history":[{"count":2,"href":"https:\/\/minutobahia24h.com.br\/index.php?rest_route=\/wp\/v2\/posts\/7290\/revisions"}],"predecessor-version":[{"id":7294,"href":"https:\/\/minutobahia24h.com.br\/index.php?rest_route=\/wp\/v2\/posts\/7290\/revisions\/7294"}],"wp:featuredmedia":[{"embeddable":true,"href":"https:\/\/minutobahia24h.com.br\/index.php?rest_route=\/wp\/v2\/media\/7292"}],"wp:attachment":[{"href":"https:\/\/minutobahia24h.com.br\/index.php?rest_route=%2Fwp%2Fv2%2Fmedia&parent=7290"}],"wp:term":[{"taxonomy":"category","embeddable":true,"href":"https:\/\/minutobahia24h.com.br\/index.php?rest_route=%2Fwp%2Fv2%2Fcategories&post=7290"},{"taxonomy":"post_tag","embeddable":true,"href":"https:\/\/minutobahia24h.com.br\/index.php?rest_route=%2Fwp%2Fv2%2Ftags&post=7290"}],"curies":[{"name":"wp","href":"https:\/\/api.w.org\/{rel}","templated":true}]}}