{"id":7236,"date":"2024-01-25T07:35:41","date_gmt":"2024-01-25T10:35:41","guid":{"rendered":"https:\/\/minutobahia24h.com.br\/?p=7236"},"modified":"2024-01-25T07:35:43","modified_gmt":"2024-01-25T10:35:43","slug":"incidencia-de-doencas-cronicas-e-50-maior-entre-pretos-que-em-brancos","status":"publish","type":"post","link":"https:\/\/minutobahia24h.com.br\/?p=7236","title":{"rendered":"Incid\u00eancia de doen\u00e7as cr\u00f4nicas \u00e9 50% maior entre pretos que em brancos"},"content":{"rendered":"<div class=\"wp-block-image\">\n<figure class=\"aligncenter size-full\"><img data-recalc-dims=\"1\" fetchpriority=\"high\" decoding=\"async\" width=\"697\" height=\"410\" src=\"https:\/\/i0.wp.com\/minutobahia24h.com.br\/wp-content\/uploads\/2024\/01\/Sem-titulo-308.jpg?resize=697%2C410&#038;ssl=1\" alt=\"\" class=\"wp-image-7238\" srcset=\"https:\/\/i0.wp.com\/minutobahia24h.com.br\/wp-content\/uploads\/2024\/01\/Sem-titulo-308.jpg?w=697&amp;ssl=1 697w, https:\/\/i0.wp.com\/minutobahia24h.com.br\/wp-content\/uploads\/2024\/01\/Sem-titulo-308.jpg?resize=300%2C176&amp;ssl=1 300w\" sizes=\"(max-width: 697px) 100vw, 697px\" \/><\/figure>\n<\/div>\n\n\n<p>O percentual de pessoas que convive com m\u00faltiplas doen\u00e7as cr\u00f4nicas \u00e9 50% maior entre as pessoas pretas do que entre as brancas, mostra Estudo Longitudinal de Sa\u00fade do Adulto (Elsa-Brasil). A pesquisa, que acompanha a sa\u00fade de 15 mil adultos e idosos, \u00e9 conduzida desde 2008 por especialistas da Funda\u00e7\u00e3o Oswaldo Cruz (Fiocruz), da Universidade de S\u00e3o Paulo (USP) e das universidades Federais de Minas Gerais (UFMG), do Esp\u00edrito Santo (Ufes), da Bahia (UFBA) e do Rio Grande do Sul (UFRGS).<\/p>\n\n\n\n<p>clebervieiranews<\/p>\n","protected":false},"excerpt":{"rendered":"<p>O percentual de pessoas que convive com m\u00faltiplas doen\u00e7as cr\u00f4nicas \u00e9 50% maior entre as pessoas pretas do que entre as brancas, mostra Estudo Longitudinal de Sa\u00fade do Adulto (Elsa-Brasil). A pesquisa, que acompanha a sa\u00fade de 15 mil adultos e idosos, \u00e9 conduzida desde 2008 por especialistas da Funda\u00e7\u00e3o Oswaldo Cruz (Fiocruz), da Universidade [&hellip;]<\/p>\n","protected":false},"author":2,"featured_media":7238,"comment_status":"open","ping_status":"open","sticky":false,"template":"","format":"standard","meta":{"_jetpack_memberships_contains_paid_content":false,"footnotes":""},"categories":[2],"tags":[],"class_list":["post-7236","post","type-post","status-publish","format-standard","has-post-thumbnail","hentry","category-nacional"],"aioseo_notices":[],"jetpack_featured_media_url":"https:\/\/i0.wp.com\/minutobahia24h.com.br\/wp-content\/uploads\/2024\/01\/Sem-titulo-308.jpg?fit=697%2C410&ssl=1","jetpack_sharing_enabled":true,"_links":{"self":[{"href":"https:\/\/minutobahia24h.com.br\/index.php?rest_route=\/wp\/v2\/posts\/7236","targetHints":{"allow":["GET"]}}],"collection":[{"href":"https:\/\/minutobahia24h.com.br\/index.php?rest_route=\/wp\/v2\/posts"}],"about":[{"href":"https:\/\/minutobahia24h.com.br\/index.php?rest_route=\/wp\/v2\/types\/post"}],"author":[{"embeddable":true,"href":"https:\/\/minutobahia24h.com.br\/index.php?rest_route=\/wp\/v2\/users\/2"}],"replies":[{"embeddable":true,"href":"https:\/\/minutobahia24h.com.br\/index.php?rest_route=%2Fwp%2Fv2%2Fcomments&post=7236"}],"version-history":[{"count":1,"href":"https:\/\/minutobahia24h.com.br\/index.php?rest_route=\/wp\/v2\/posts\/7236\/revisions"}],"predecessor-version":[{"id":7239,"href":"https:\/\/minutobahia24h.com.br\/index.php?rest_route=\/wp\/v2\/posts\/7236\/revisions\/7239"}],"wp:featuredmedia":[{"embeddable":true,"href":"https:\/\/minutobahia24h.com.br\/index.php?rest_route=\/wp\/v2\/media\/7238"}],"wp:attachment":[{"href":"https:\/\/minutobahia24h.com.br\/index.php?rest_route=%2Fwp%2Fv2%2Fmedia&parent=7236"}],"wp:term":[{"taxonomy":"category","embeddable":true,"href":"https:\/\/minutobahia24h.com.br\/index.php?rest_route=%2Fwp%2Fv2%2Fcategories&post=7236"},{"taxonomy":"post_tag","embeddable":true,"href":"https:\/\/minutobahia24h.com.br\/index.php?rest_route=%2Fwp%2Fv2%2Ftags&post=7236"}],"curies":[{"name":"wp","href":"https:\/\/api.w.org\/{rel}","templated":true}]}}