{"id":7139,"date":"2024-01-23T08:13:07","date_gmt":"2024-01-23T11:13:07","guid":{"rendered":"https:\/\/minutobahia24h.com.br\/?p=7139"},"modified":"2024-01-23T08:13:09","modified_gmt":"2024-01-23T11:13:09","slug":"poder-de-compra-do-brasileiro-foi-corroido-quase-que-pela-metade-em-10-anos-entenda","status":"publish","type":"post","link":"https:\/\/minutobahia24h.com.br\/?p=7139","title":{"rendered":"Poder de compra do brasileiro foi corro\u00eddo quase que pela metade em 10 anos; entenda"},"content":{"rendered":"<div class=\"wp-block-image\">\n<figure class=\"aligncenter size-full\"><img data-recalc-dims=\"1\" fetchpriority=\"high\" decoding=\"async\" width=\"720\" height=\"350\" src=\"https:\/\/i0.wp.com\/minutobahia24h.com.br\/wp-content\/uploads\/2024\/01\/Sem-titulo-286.jpg?resize=720%2C350&#038;ssl=1\" alt=\"\" class=\"wp-image-7141\" srcset=\"https:\/\/i0.wp.com\/minutobahia24h.com.br\/wp-content\/uploads\/2024\/01\/Sem-titulo-286.jpg?w=720&amp;ssl=1 720w, https:\/\/i0.wp.com\/minutobahia24h.com.br\/wp-content\/uploads\/2024\/01\/Sem-titulo-286.jpg?resize=300%2C146&amp;ssl=1 300w\" sizes=\"(max-width: 720px) 100vw, 720px\" \/><\/figure>\n<\/div>\n\n\n<p>O\u00a0<strong>poder de compra do brasileiro foi corro\u00eddo quase que pela metade entre 2013 e 2023<\/strong>. Isso porque o pre\u00e7o dos produtos nos mercados quase dobrou, enquanto o sal\u00e1rio m\u00e9dio anual ficou praticamente estagnado em termos nominais.<\/p>\n\n\n\n<ul class=\"wp-block-list\">\n<li><strong>\ud83e\udd14 Mas o que \u00e9 a perda de poder de compra?&nbsp;<\/strong>\u00c9 a sensa\u00e7\u00e3o de que agora se compra menos itens no mercado do que antes com a mesma quantia de dinheiro. Ou que \u00e9 preciso desembolsar mais para comprar a mesma quantidade de produtos.<\/li>\n<\/ul>\n\n\n\n<p>Com R$ 100 a pre\u00e7os de 10 anos atr\u00e1s, foi poss\u00edvel montar uma cesta de 13 produtos b\u00e1sicos para o carrinho do supermercado. Considerando as corre\u00e7\u00f5es at\u00e9 o ano passado, os mesmos R$ 100 n\u00e3o compram metade das mercadorias selecionadas.<\/p>\n\n\n\n<p>E essa necessidade de gastar mais enxugou a carteira do brasileiro, j\u00e1 que&nbsp;o sal\u00e1rio m\u00e9dio anual n\u00e3o acompanhou os reajustes de pre\u00e7os.<\/p>\n\n\n\n<ul class=\"wp-block-list\">\n<li>O \u00cdndice Nacional de Pre\u00e7os ao Consumidor Amplo (IPCA), considerada a infla\u00e7\u00e3o oficial do pa\u00eds,&nbsp;<strong>subiu 88%&nbsp;<\/strong>em 10 anos;<\/li>\n\n\n\n<li>O sal\u00e1rio m\u00e9dio anual do brasileiro, considerando 13\u00ba e f\u00e9rias, por sua vez,&nbsp;<strong>aumentou cerca de 3%<\/strong>&nbsp;no per\u00edodo. Segundo a Pesquisa Nacional por Amostra de Domic\u00edlios (PNAD), do IBGE, o valor passou de&nbsp;<strong>R$ 38.484,44 para R$ 39.604,44.<\/strong><\/li>\n<\/ul>\n\n\n\n<p>O poder de compra do brasileiro<strong>\u00a0caiu em todos os anos desde 2013<\/strong>, apontou um estudo realizado pela consultoria financeira L4 Capital.<\/p>\n\n\n\n<p>Em 2013, por exemplo, o brasileiro ganhava um sal\u00e1rio m\u00e9dio anual sem descontar a infla\u00e7\u00e3o de R$ 38.484,44, e tinha dispon\u00edvel para gastar com servi\u00e7os e produtos um total de R$ 3.028,05 por m\u00eas (o equivalente a R$ 36.336,65 por ano, considerando a infla\u00e7\u00e3o).<\/p>\n\n\n\n<p>Essa quantia, inclui itens como mercado, aluguel, combust\u00edvel, despesas pessoais etc. Com o tempo, por\u00e9m,&nbsp;foi cada vez mais necess\u00e1rio cortar itens da lista de compras.<\/p>\n\n\n\n<p>Assim, em 2023, apesar do sal\u00e1rio nominal (sem os descontos da infla\u00e7\u00e3o) ser de R$ 39.604,44, a quantia dispon\u00edvel para gastar com produtos e servi\u00e7os diminuiu 42%, para R$ 1.755 por m\u00eas (R$ 21.064,16 por ano).<\/p>\n\n\n\n<h2 class=\"wp-block-heading\">Por que isso acontece?<\/h2>\n\n\n\n<p>Segundo especialistas entrevistados pelo&nbsp;<a class=\"\" href=\"https:\/\/g1.globo.com\/\"><strong>g1<\/strong><\/a>, a perda de poder de compra foi t\u00e3o consider\u00e1vel por dois motivos:&nbsp;<strong>infla\u00e7\u00e3o relevante e baixa produtividade profissional.<\/strong><\/p>\n\n\n\n<p>O Brasil n\u00e3o teve um per\u00edodo deflacion\u00e1rio nos \u00faltimos 10 anos. Ou seja,\u00a0ano ap\u00f3s ano, os pre\u00e7os de itens compilados pelo Instituto Brasileiro de Geografia e Estat\u00edstica (IBGE) subiram. Apenas em alguns meses se viu alguma queda, mas em itens localizados e sem for\u00e7a suficiente para haver um recuo na m\u00e9dia anual.<\/p>\n\n\n\n<p>Para Rachel de S\u00e1, chefe de economia da Rico Investimentos, \u00e9 preciso dar um destaque especial a dois per\u00edodos, em que a infla\u00e7\u00e3o subiu acelerou ainda mais: a\u00a0<strong>crise de 2015<\/strong>\u00a0e a\u00a0<strong>pandemia de Covid-19<\/strong>. Nos dois per\u00edodos, os pre\u00e7os subiram por volta de 10% no ano, e\u00a0n\u00e3o houve um aumento salarial equivalente.<\/p>\n\n\n\n<blockquote class=\"wp-block-quote is-layout-flow wp-block-quote-is-layout-flow\">\n<p>&#8220;[H\u00e1 cerca de oito anos], as escolhas econ\u00f4micas da ent\u00e3o presidente Dilma Rousseff (PT), como excesso de gastos p\u00fablicos e est\u00edmulos a demanda privada, reduziram a pot\u00eancia da pol\u00edtica monet\u00e1ria do pa\u00eds&#8221;, afirmou a especialista.<\/p>\n<\/blockquote>\n\n\n\n<p>\u00c0 \u00e9poca, o governo tomou medidas como a redu\u00e7\u00e3o do Imposto sobre Produtos Industrializados (IPI) para autom\u00f3veis e o est\u00edmulo de uso de bancos p\u00fablicos, como o BNDES, para subsidiar empr\u00e9stimos \u00e0s custas do Tesouro Nacional.<\/p>\n\n\n\n<p>Ao mesmo tempo, o BC manteve uma pol\u00edtica monet\u00e1ria expansionista, com redu\u00e7\u00e3o da taxa Selic a despeito da infla\u00e7\u00e3o acima da meta, incentivando a demanda agregada e contribuindo para a alta de pre\u00e7os.<\/p>\n\n\n\n<p>Na pandemia, por sua vez, a situa\u00e7\u00e3o era outra. Houve um aumento forte da infla\u00e7\u00e3o tanto no Brasil quanto no mundo porque diversos pa\u00edses fecharam fronteiras dado o excesso de casos de Covid-19, causando um desajuste completo da oferta de produtos.<\/p>\n\n\n\n<blockquote class=\"wp-block-quote is-layout-flow wp-block-quote-is-layout-flow\">\n<p>&#8220;Houve um desequil\u00edbrio em toda a cadeia de produ\u00e7\u00e3o e, consequentemente, nos pre\u00e7os [dos produtos]&#8221;, diz Rachel, da Rico.<\/p>\n<cite>Entre os alunos brasileiros de 15 anos (ou seja, que acabaram de cursar o ensino fundamental II), 73%, por exemplo, ficaram abaixo do n\u00edvel 2 em<a class=\"\" href=\"https:\/\/g1.globo.com\/educacao\/noticia\/2023\/12\/05\/7-de-cada-10-alunos-brasileiros-de-15-anos-nao-sabem-resolver-problemas-matematicos-simples-mostra-pisa.ghtml\">\u00a0conhecimentos matem\u00e1ticos no Programa Internacional de Avalia\u00e7\u00e3o de Estudantes 2022<\/a>\u00a0(o Pisa, em ingl\u00eas).<br>Isso significa que esses adolescentes n\u00e3o conseguem fazer opera\u00e7\u00f5es simples, como:<br><br>converter moedas: dizer, por exemplo, quantos reais equivalem a 2 d\u00f3lares, sabendo que 1 d\u00f3lar = R$ 4,93;<br>Ou comparar as dist\u00e2ncias percorridas por um carro em dois caminhos diferentes.<br><br><br>&#8220;Para melhorarmos a renda do brasileiro, \u00e9 preciso melhorar na produtividade e, para tal, o pa\u00eds precisa ter uma qualidade melhor de ensino. E um jovem que tem dificuldade de fazer as quatro opera\u00e7\u00f5es matem\u00e1ticas, por exemplo, tende a n\u00e3o alcan\u00e7ar sal\u00e1rios maiores&#8221;, diz a professora.<br><br><br>E o futuro do poder de compra?<br><br>O professor e economista da Faculdade de Economia, Administra\u00e7\u00e3o e Contabilidade da Universidade de S\u00e3o Paulo (FEA-USP) Paulo Feldmann, acredita que a situa\u00e7\u00e3o de renda m\u00e9dia pode piorar no futuro.\u00a0<strong>Para ele, o grande vil\u00e3o do mercado de trabalho \u00e9 a intelig\u00eancia artificial.<\/strong><br>Ele acredita que, a cada ano, as novas tecnologias ser\u00e3o empregadas com mais \u00edmpeto e &#8220;isso tornar\u00e1 cada vez mais desnecess\u00e1ria a m\u00e3o de obra do brasileiro. J\u00e1 que as empresas est\u00e3o automatizando seus neg\u00f3cios&#8221;.<br><br>Dessa forma, nas palavras de Feldmann,\u00a0<strong>&#8220;deve haver uma queda no sal\u00e1rio m\u00e9dio do brasileiro&#8221;<\/strong>.<br>J\u00e1 Carla Beni, da FGV, ainda v\u00ea o horizonte com mais otimismo. Para ela, o jovem que vai integrar o mercado de trabalho precisa<strong>\u00a0fazer um esfor\u00e7o extra para procurar capacita\u00e7\u00e3o para trabalhar com novas tecnologias, sejam cursos \u2014 pagos ou gratuitos \u2014, aulas extracurriculares ou qualquer tipo de forma\u00e7\u00e3o espec\u00edfica.<\/strong><br><br>&#8220;H\u00e1 vagas dispon\u00edveis e que pagam bem, mas n\u00e3o h\u00e1 muitos profissionais aptos para os cargos&#8221;, declarou Carla.<br><br><img data-recalc-dims=\"1\" decoding=\"async\" srcset=\"https:\/\/s2-g1.glbimg.com\/kd5OxRB2BFfSw2mmdRhefuNcpHw=\/0x0:3872x2576\/1000x0\/smart\/filters:strip_icc()\/i.s3.glbimg.com\/v1\/AUTH_59edd422c0c84a879bd37670ae4f538a\/internal_photos\/bs\/2024\/u\/V\/G2OcVdRXu6h45ASdiXQA\/pexels-joslyn-pickens-3833052.jpg 1000w, https:\/\/s2-g1.glbimg.com\/KAwcJ2c4eBQzOkaUdUhiP7pZWD4=\/0x0:3872x2576\/984x0\/smart\/filters:strip_icc()\/i.s3.glbimg.com\/v1\/AUTH_59edd422c0c84a879bd37670ae4f538a\/internal_photos\/bs\/2024\/u\/V\/G2OcVdRXu6h45ASdiXQA\/pexels-joslyn-pickens-3833052.jpg 984w, https:\/\/s2-g1.glbimg.com\/gMhM_HsISODeJq3R05OsZyd52oY=\/0x0:3872x2576\/640x0\/smart\/filters:strip_icc()\/i.s3.glbimg.com\/v1\/AUTH_59edd422c0c84a879bd37670ae4f538a\/internal_photos\/bs\/2024\/u\/V\/G2OcVdRXu6h45ASdiXQA\/pexels-joslyn-pickens-3833052.jpg 640w, https:\/\/s2-g1.glbimg.com\/y2WHbXWp2h8lJoy3wi75nPKyt0o=\/0x0:3872x2576\/600x0\/smart\/filters:strip_icc()\/i.s3.glbimg.com\/v1\/AUTH_59edd422c0c84a879bd37670ae4f538a\/internal_photos\/bs\/2024\/u\/V\/G2OcVdRXu6h45ASdiXQA\/pexels-joslyn-pickens-3833052.jpg 600w\" src=\"https:\/\/i0.wp.com\/s2-g1.glbimg.com\/KAwcJ2c4eBQzOkaUdUhiP7pZWD4%3D\/0x0%3A3872x2576\/984x0\/smart\/filters%3Astrip_icc%28%29\/i.s3.glbimg.com\/v1\/AUTH_59edd422c0c84a879bd37670ae4f538a\/internal_photos\/bs\/2024\/u\/V\/G2OcVdRXu6h45ASdiXQA\/pexels-joslyn-pickens-3833052.jpg?w=800&#038;ssl=1\" alt=\"Infla\u00e7\u00e3o prejudicou bolso do trabalhador \u2014 Foto: Pixels\"><br>Infla\u00e7\u00e3o prejudicou bolso do trabalhador \u2014 Foto: Pixels<\/cite><\/blockquote>\n\n\n\n<h2 class=\"wp-block-heading\">Eu perdi poder de compra?<\/h2>\n\n\n\n<p>Para que o brasileiro n\u00e3o perdesse poder de compra, segundo a plataforma de investimentos Rico, o sal\u00e1rio&nbsp;<strong>precisaria ter aumentado aproximadamente 88% no per\u00edodo de dez anos<\/strong>&nbsp;\u2014 percentual equivalente ao acumulado do IPCA de 2013 a 2023.<\/p>\n\n\n\n<p>Por exemplo, quem ganhava R$ 3 mil h\u00e1 10 anos, precisaria, no ano passado, ter recebido aproximadamente R$ 5.640,00.<\/p>\n\n\n\n<ul class=\"wp-block-list\">\n<li>Se o sal\u00e1rio for&nbsp;<strong>maior&nbsp;<\/strong>que o resultado da conta, n\u00e3o houve perda no poder de compra.<\/li>\n\n\n\n<li>Se o sal\u00e1rio for&nbsp;<strong>menor<\/strong>, o poder foi corro\u00eddo.<\/li>\n<\/ul>\n\n\n\n<p>Na pr\u00e1tica, o<strong>&nbsp;sal\u00e1rio teria quase que dobrar para a pessoa recuperar o poder de compra e conseguir adquirir a mesma quantidade de itens que em 2013<\/strong>.<\/p>\n\n\n\n<p>Vale destacar que a mesma conta pode ser feita nos outros anos, basta considerar a infla\u00e7\u00e3o acumulada no per\u00edodo escolhido. Caso queira calcular, o&nbsp;<a class=\"\" href=\"https:\/\/g1.globo.com\/\"><strong>g1<\/strong><\/a>&nbsp;tem uma calculadora&nbsp;<a class=\"\" href=\"https:\/\/g1.globo.com\/economia\/noticia\/2023\/07\/11\/calculadora-da-inflacao.ghtml\">dispon\u00edvel aqui<\/a>.<\/p>\n","protected":false},"excerpt":{"rendered":"<p>O\u00a0poder de compra do brasileiro foi corro\u00eddo quase que pela metade entre 2013 e 2023. Isso porque o pre\u00e7o dos produtos nos mercados quase dobrou, enquanto o sal\u00e1rio m\u00e9dio anual ficou praticamente estagnado em termos nominais. Com R$ 100 a pre\u00e7os de 10 anos atr\u00e1s, foi poss\u00edvel montar uma cesta de 13 produtos b\u00e1sicos para [&hellip;]<\/p>\n","protected":false},"author":2,"featured_media":7141,"comment_status":"open","ping_status":"open","sticky":false,"template":"","format":"standard","meta":{"_jetpack_memberships_contains_paid_content":false,"footnotes":""},"categories":[19],"tags":[],"class_list":["post-7139","post","type-post","status-publish","format-standard","has-post-thumbnail","hentry","category-economia"],"aioseo_notices":[],"jetpack_featured_media_url":"https:\/\/i0.wp.com\/minutobahia24h.com.br\/wp-content\/uploads\/2024\/01\/Sem-titulo-286.jpg?fit=720%2C350&ssl=1","jetpack_sharing_enabled":true,"_links":{"self":[{"href":"https:\/\/minutobahia24h.com.br\/index.php?rest_route=\/wp\/v2\/posts\/7139","targetHints":{"allow":["GET"]}}],"collection":[{"href":"https:\/\/minutobahia24h.com.br\/index.php?rest_route=\/wp\/v2\/posts"}],"about":[{"href":"https:\/\/minutobahia24h.com.br\/index.php?rest_route=\/wp\/v2\/types\/post"}],"author":[{"embeddable":true,"href":"https:\/\/minutobahia24h.com.br\/index.php?rest_route=\/wp\/v2\/users\/2"}],"replies":[{"embeddable":true,"href":"https:\/\/minutobahia24h.com.br\/index.php?rest_route=%2Fwp%2Fv2%2Fcomments&post=7139"}],"version-history":[{"count":1,"href":"https:\/\/minutobahia24h.com.br\/index.php?rest_route=\/wp\/v2\/posts\/7139\/revisions"}],"predecessor-version":[{"id":7142,"href":"https:\/\/minutobahia24h.com.br\/index.php?rest_route=\/wp\/v2\/posts\/7139\/revisions\/7142"}],"wp:featuredmedia":[{"embeddable":true,"href":"https:\/\/minutobahia24h.com.br\/index.php?rest_route=\/wp\/v2\/media\/7141"}],"wp:attachment":[{"href":"https:\/\/minutobahia24h.com.br\/index.php?rest_route=%2Fwp%2Fv2%2Fmedia&parent=7139"}],"wp:term":[{"taxonomy":"category","embeddable":true,"href":"https:\/\/minutobahia24h.com.br\/index.php?rest_route=%2Fwp%2Fv2%2Fcategories&post=7139"},{"taxonomy":"post_tag","embeddable":true,"href":"https:\/\/minutobahia24h.com.br\/index.php?rest_route=%2Fwp%2Fv2%2Ftags&post=7139"}],"curies":[{"name":"wp","href":"https:\/\/api.w.org\/{rel}","templated":true}]}}