{"id":7127,"date":"2024-01-23T07:56:11","date_gmt":"2024-01-23T10:56:11","guid":{"rendered":"https:\/\/minutobahia24h.com.br\/?p=7127"},"modified":"2024-01-23T07:56:12","modified_gmt":"2024-01-23T10:56:12","slug":"entidades-da-industria-comentam-nova-politica-para-o-setor","status":"publish","type":"post","link":"https:\/\/minutobahia24h.com.br\/?p=7127","title":{"rendered":"Entidades da ind\u00fastria comentam nova pol\u00edtica para o setor"},"content":{"rendered":"<div class=\"wp-block-image\">\n<figure class=\"aligncenter size-full\"><img data-recalc-dims=\"1\" fetchpriority=\"high\" decoding=\"async\" width=\"600\" height=\"421\" src=\"https:\/\/i0.wp.com\/minutobahia24h.com.br\/wp-content\/uploads\/2024\/01\/Sem-titulo-283.jpg?resize=600%2C421&#038;ssl=1\" alt=\"\" class=\"wp-image-7129\" srcset=\"https:\/\/i0.wp.com\/minutobahia24h.com.br\/wp-content\/uploads\/2024\/01\/Sem-titulo-283.jpg?w=600&amp;ssl=1 600w, https:\/\/i0.wp.com\/minutobahia24h.com.br\/wp-content\/uploads\/2024\/01\/Sem-titulo-283.jpg?resize=300%2C211&amp;ssl=1 300w\" sizes=\"(max-width: 600px) 100vw, 600px\" \/><figcaption class=\"wp-element-caption\">Foto: Alejandro Zambrana\/Ipea<br><\/figcaption><\/figure>\n<\/div>\n\n\n<p>Lan\u00e7ado nesta segunda-feira (22), o&nbsp;<a href=\"https:\/\/bahia.ba\/economia\/entenda-o-programa-nova-industria-brasil\/\">programa Nova Ind\u00fastria Brasil<\/a>&nbsp;recebeu elogios das entidades do setor. Os representantes de diversos segmentos da ind\u00fastria classificaram o plano de moderno e positivo, num momento em que diversas economias desenvolvidas retomam as pol\u00edticas industriais.<\/p>\n\n\n\n<p>Em nota, a Confedera\u00e7\u00e3o Nacional da Ind\u00fastria (CNI) elogiou a defini\u00e7\u00e3o de metas e de prioridades para cada uma das seis miss\u00f5es definidas no plano. A entidade lembra que o programa anunciado nesta segunda segue os moldes de um plano entregue por ela pr\u00f3pria ao governo no ano passado.<\/p>\n\n\n\n<p>\u201cA ind\u00fastria brasileira precisa de instrumentos modernos e semelhantes aos que promovem a ind\u00fastria nas na\u00e7\u00f5es l\u00edderes. \u00c9 preciso recolocar a ind\u00fastria no centro da estrat\u00e9gia de desenvolvimento, para que possamos retomar \u00edndices de crescimento maior e poder ofertar um caminho consistente e alinhado com o que os pa\u00edses desenvolvidos fazem\u201d, destacou o vice-presidente da CNI, L\u00e9o de Castro, no comunicado.<\/p>\n\n\n\n<p>A Federa\u00e7\u00e3o das Ind\u00fastrias de S\u00e3o Paulo (Fiesp) tamb\u00e9m elogiou a nova pol\u00edtica. Segundo a entidade, o novo plano demonstra que o governo reconhece a import\u00e2ncia da ind\u00fastria para o desenvolvimento do pa\u00eds.<\/p>\n\n\n\n<p>\u201cUma ind\u00fastria de transforma\u00e7\u00e3o forte, inovadora, sustent\u00e1vel e competitiva \u00e9 fundamental para que o Brasil deixe de ser uma economia de renda m\u00e9dia e se transforme em um pa\u00eds desenvolvido, resolvendo nossos problemas econ\u00f4micos e sociais\u201d, ressaltou a Fiesp. Para a federa\u00e7\u00e3o, o Brasil precisa retomar a pol\u00edtica industrial num momento em que os Estados Unidos e diversos pa\u00edses europeus passaram a estimular o desenvolvimento das ind\u00fastrias locais.<\/p>\n\n\n\n<p>A Federa\u00e7\u00e3o das Ind\u00fastrias do Estado do Rio de Janeiro (Firjan) tamb\u00e9m elogiou o programa. Embora afirme que a perda de espa\u00e7o da ind\u00fastria na economia n\u00e3o possa ser ignorada, a entidade pediu que o governo fique atento para que os est\u00edmulos \u00e0 ind\u00fastria n\u00e3o desequilibrem as contas p\u00fablicas e resultem em alta de juros no m\u00e9dio prazo.<\/p>\n\n\n\n<p>\u201cSem equil\u00edbrio fiscal, corremos o risco de interromper o atual ciclo de queda das taxas de juros, elemento vital para o desenvolvimento da ind\u00fastria. \u00c9 fundamental que as a\u00e7\u00f5es propostas n\u00e3o apenas tenham um impacto positivo na atividade industrial, mas que tamb\u00e9m estejam alinhadas \u00e0 sustentabilidade fiscal\u201d, destacou a Firjan no comunicado.<\/p>\n\n\n\n<p><strong>Outros setores<\/strong><\/p>\n\n\n\n<p>A Associa\u00e7\u00e3o Nacional dos Fabricantes de Ve\u00edculos Automotores (Anfavea) informou que a nova pol\u00edtica industrial d\u00e1 previsibilidade para que o setor continue a investir e a gerar empregos. A entidade ressaltou, como ponto positivo, a preocupa\u00e7\u00e3o com a queda das emiss\u00f5es de g\u00e1s carb\u00f4nico por meio de iniciativas como o Mover, novo regime automotivo para a produ\u00e7\u00e3o de ve\u00edculos mais seguros e menos poluentes.<\/p>\n\n\n\n<p>\u201cEst\u00e3o contemplados, por exemplo, a sustentabilidade da frota automotiva, o est\u00edmulo \u00e0 produ\u00e7\u00e3o de novas tecnologias de mobilidade, a compra de m\u00e1quinas nacionais para agricultura familiar, al\u00e9m da produ\u00e7\u00e3o e uso do biodiesel\u201d, comentou a Anfavea em nota.<\/p>\n\n\n\n<p>Entidade do setor de f\u00e1rmacos, a Associa\u00e7\u00e3o da Ind\u00fastria Farmac\u00eautica de Pesquisa (Interfarma) pediu a aprova\u00e7\u00e3o do projeto de lei que tramita no Congresso desde 2022 que reduz, de 6,9 para 2 anos, o prazo para a libera\u00e7\u00e3o de patentes. Para a Interfarma, um sistema de propriedade intelectual forte e em linha com os principais tratados internacionais melhorar\u00e1 os investimentos em inova\u00e7\u00e3o em sa\u00fade.<\/p>\n\n\n\n<p>Durante a apresenta\u00e7\u00e3o da nova pol\u00edtica industrial, o vice-presidente Geraldo Alckmin afirmou que a aprova\u00e7\u00e3o do projeto \u00e9 uma das prioridades do programa para estimular a ind\u00fastria nacional de sa\u00fade.<\/p>\n\n\n\n<p>Bahia.ba<\/p>\n","protected":false},"excerpt":{"rendered":"<p>Lan\u00e7ado nesta segunda-feira (22), o&nbsp;programa Nova Ind\u00fastria Brasil&nbsp;recebeu elogios das entidades do setor. Os representantes de diversos segmentos da ind\u00fastria classificaram o plano de moderno e positivo, num momento em que diversas economias desenvolvidas retomam as pol\u00edticas industriais. Em nota, a Confedera\u00e7\u00e3o Nacional da Ind\u00fastria (CNI) elogiou a defini\u00e7\u00e3o de metas e de prioridades para [&hellip;]<\/p>\n","protected":false},"author":2,"featured_media":7129,"comment_status":"open","ping_status":"open","sticky":false,"template":"","format":"standard","meta":{"_jetpack_memberships_contains_paid_content":false,"footnotes":""},"categories":[19],"tags":[],"class_list":["post-7127","post","type-post","status-publish","format-standard","has-post-thumbnail","hentry","category-economia"],"aioseo_notices":[],"jetpack_featured_media_url":"https:\/\/i0.wp.com\/minutobahia24h.com.br\/wp-content\/uploads\/2024\/01\/Sem-titulo-283.jpg?fit=600%2C421&ssl=1","jetpack_sharing_enabled":true,"_links":{"self":[{"href":"https:\/\/minutobahia24h.com.br\/index.php?rest_route=\/wp\/v2\/posts\/7127","targetHints":{"allow":["GET"]}}],"collection":[{"href":"https:\/\/minutobahia24h.com.br\/index.php?rest_route=\/wp\/v2\/posts"}],"about":[{"href":"https:\/\/minutobahia24h.com.br\/index.php?rest_route=\/wp\/v2\/types\/post"}],"author":[{"embeddable":true,"href":"https:\/\/minutobahia24h.com.br\/index.php?rest_route=\/wp\/v2\/users\/2"}],"replies":[{"embeddable":true,"href":"https:\/\/minutobahia24h.com.br\/index.php?rest_route=%2Fwp%2Fv2%2Fcomments&post=7127"}],"version-history":[{"count":1,"href":"https:\/\/minutobahia24h.com.br\/index.php?rest_route=\/wp\/v2\/posts\/7127\/revisions"}],"predecessor-version":[{"id":7130,"href":"https:\/\/minutobahia24h.com.br\/index.php?rest_route=\/wp\/v2\/posts\/7127\/revisions\/7130"}],"wp:featuredmedia":[{"embeddable":true,"href":"https:\/\/minutobahia24h.com.br\/index.php?rest_route=\/wp\/v2\/media\/7129"}],"wp:attachment":[{"href":"https:\/\/minutobahia24h.com.br\/index.php?rest_route=%2Fwp%2Fv2%2Fmedia&parent=7127"}],"wp:term":[{"taxonomy":"category","embeddable":true,"href":"https:\/\/minutobahia24h.com.br\/index.php?rest_route=%2Fwp%2Fv2%2Fcategories&post=7127"},{"taxonomy":"post_tag","embeddable":true,"href":"https:\/\/minutobahia24h.com.br\/index.php?rest_route=%2Fwp%2Fv2%2Ftags&post=7127"}],"curies":[{"name":"wp","href":"https:\/\/api.w.org\/{rel}","templated":true}]}}