{"id":7115,"date":"2024-01-23T07:49:31","date_gmt":"2024-01-23T10:49:31","guid":{"rendered":"https:\/\/minutobahia24h.com.br\/?p=7115"},"modified":"2024-01-23T07:49:36","modified_gmt":"2024-01-23T10:49:36","slug":"mais-dois-corpos-sao-encontrados-em-madre-de-deus-tragedia-deixou-oito-mortos","status":"publish","type":"post","link":"https:\/\/minutobahia24h.com.br\/?p=7115","title":{"rendered":"Mais dois corpos s\u00e3o encontrados em Madre de Deus; trag\u00e9dia deixou oito mortos"},"content":{"rendered":"<div class=\"wp-block-image\">\n<figure class=\"aligncenter size-full\"><img data-recalc-dims=\"1\" fetchpriority=\"high\" decoding=\"async\" width=\"800\" height=\"464\" src=\"https:\/\/i0.wp.com\/minutobahia24h.com.br\/wp-content\/uploads\/2024\/01\/Sem-titulo-280.jpg?resize=800%2C464&#038;ssl=1\" alt=\"\" class=\"wp-image-7117\" srcset=\"https:\/\/i0.wp.com\/minutobahia24h.com.br\/wp-content\/uploads\/2024\/01\/Sem-titulo-280.jpg?w=984&amp;ssl=1 984w, https:\/\/i0.wp.com\/minutobahia24h.com.br\/wp-content\/uploads\/2024\/01\/Sem-titulo-280.jpg?resize=300%2C174&amp;ssl=1 300w, https:\/\/i0.wp.com\/minutobahia24h.com.br\/wp-content\/uploads\/2024\/01\/Sem-titulo-280.jpg?resize=768%2C446&amp;ssl=1 768w, https:\/\/i0.wp.com\/minutobahia24h.com.br\/wp-content\/uploads\/2024\/01\/Sem-titulo-280.jpg?resize=750%2C435&amp;ssl=1 750w\" sizes=\"(max-width: 800px) 100vw, 800px\" \/><figcaption class=\"wp-element-caption\">Encontrados corpos de crian\u00e7a e homem v\u00edtimas do naufr\u00e1gio na Bahia \u2014 Foto: Arte g1<br><\/figcaption><\/figure>\n<\/div>\n\n\n<p>Os corpos da s\u00e9tima e oitava v\u00edtimas do\u00a0<a class=\"\" href=\"https:\/\/g1.globo.com\/ba\/bahia\/noticia\/2024\/01\/22\/embarcacao-naufraga-na-baia-de-todos-os-santos.ghtml\">barco que naufragou\u00a0<\/a>na noite de domingo (21), na cidade de\u00a0<a class=\"\" href=\"https:\/\/g1.globo.com\/ba\/bahia\/cidade\/madre-de-deus\/\">Madre de Deus<\/a>, na Regi\u00e3o Metropolitana de\u00a0<a class=\"\" href=\"https:\/\/g1.globo.com\/ba\/bahia\/cidade\/salvador\/\">Salvador<\/a>, foram encontrados por pescadores na manh\u00e3 desta ter\u00e7a-feira (23). A informa\u00e7\u00e3o foi confirmada pelo Corpo de Bombeiros. As v\u00edtimas foram identificadas como Alice Maria, de 6 anos, e Vanderson de Queiroz, de 42. Os corpos foram encontrados pr\u00f3ximo \u00e0 Ilha de Maria Guarda, onde aconteceu a festa em que os passageiros estavam.<\/p>\n\n\n\n<p>A Pol\u00edcia Civil investiga se houve excesso de passageiros no ve\u00edculo. O\u00a0<a class=\"\" href=\"https:\/\/g1.globo.com\/ba\/bahia\/noticia\/2024\/01\/22\/piloto-de-barco-que-naufragou-na-bahia-e-identificado-e-sera-ouvido-pela-policia-civil-seis-pessoas-morreram.ghtml\">piloto do barco foi identificado e ser\u00e1 ouvido<\/a>. Ainda n\u00e3o h\u00e1 informa\u00e7\u00f5es sobre quantas pessoas estavam, de fato, na embarca\u00e7\u00e3o, que comportava 10 passageiros e um tripulante.<\/p>\n\n\n\n<p>A Marinha do Brasil tinha informado que&nbsp;<a class=\"\" href=\"https:\/\/g1.globo.com\/ba\/bahia\/noticia\/2024\/01\/22\/marinha-investiga-acidente-de-barco-na-ba.ghtml\">a embarca\u00e7\u00e3o fazia transporte irregular de passageiros.&nbsp;<\/a>O ve\u00edculo &#8220;Gostos\u00e3o FF&#8221; \u00e9 inscrito na classe &#8220;saveiro&#8221;, para uso exclusivo em atividades de esporte ou recreio. Isso significa que o barco n\u00e3o era habilitado para o uso comercial.<\/p>\n\n\n\n<p>A&nbsp;<a class=\"\" href=\"https:\/\/g1.globo.com\/ba\/bahia\/noticia\/2024\/01\/22\/pessoas-morrem-apos-barco-virar-na-bahia.ghtml\">embarca\u00e7\u00e3o fazia o trajeto da Ilha Maria Guarda para o munic\u00edpio, que fica em uma regi\u00e3o tur\u00edstica<\/a>&nbsp;que registra alto movimento neste per\u00edodo do ano. O naufr\u00e1gio aconteceu por volta das 22h, quando os passageiros voltavam de uma festa.<\/p>\n\n\n\n<h2 class=\"wp-block-heading\">Sepultamento<\/h2>\n\n\n\n<figure class=\"wp-block-image\"><img data-recalc-dims=\"1\" decoding=\"async\" src=\"https:\/\/i0.wp.com\/s2-g1.glbimg.com\/80gjr2As8ZJ8p8ovXscC2jfDMSA%3D\/0x0%3A1700x1065\/984x0\/smart\/filters%3Astrip_icc%28%29\/i.s3.glbimg.com\/v1\/AUTH_59edd422c0c84a879bd37670ae4f538a\/internal_photos\/bs\/2024\/s\/T\/fPKzW6SUOf8XawSPtYBA\/design-sem-nome-14-.png?w=800&#038;ssl=1\" alt=\"Tr\u00eas v\u00edtimas do barco que naufragou s\u00e3o sepultadas na Bahia \u2014 Foto: Reprodu\u00e7\u00e3o\/Redes Sociais\"\/><\/figure>\n\n\n\n<p>Tr\u00eas v\u00edtimas do barco que naufragou s\u00e3o sepultadas na Bahia \u2014 Foto: Reprodu\u00e7\u00e3o\/Redes Sociais<\/p>\n\n\n\n<p>Sob forte como\u00e7\u00e3o, tr\u00eas das seis v\u00edtimas que estavam no barco foram sepultadas na tarde de segunda-feira (22), em Madre de Deus.<\/p>\n\n\n\n<p>Elas foram identificadas como Caroline Barbosa de Souza, de 17 anos, Flaviane Jesus dos Santos, de 29 anos e Jonathan Miguel de Jesus Santos, de 7 anos.<\/p>\n\n\n\n<h2 class=\"wp-block-heading\">V\u00edtimas identificadas<\/h2>\n\n\n\n<p><strong>Tia e sobrinho morto<\/strong><\/p>\n\n\n\n<figure class=\"wp-block-image\"><img data-recalc-dims=\"1\" decoding=\"async\" src=\"https:\/\/i0.wp.com\/s2-g1.glbimg.com\/cSaUZy5C5Hd0BS3ddMW8STsUmJE%3D\/0x0%3A1030x600\/984x0\/smart\/filters%3Astrip_icc%28%29\/i.s3.glbimg.com\/v1\/AUTH_59edd422c0c84a879bd37670ae4f538a\/internal_photos\/bs\/2024\/V\/b\/iDkguUTrCmymXYEM2pQg\/1705936442401477.jpg?w=800&#038;ssl=1\" alt=\"Rosimeire era tia de Ryan, que tamb\u00e9m morreu \u2014 Foto: Reprodu\u00e7\u00e3o\/Redes Sociais\"\/><\/figure>\n\n\n\n<p>Rosimeire era tia de Ryan, que tamb\u00e9m morreu \u2014 Foto: Reprodu\u00e7\u00e3o\/Redes Sociais<\/p>\n\n\n\n<p>Rosimeire Maria Souza Santana, de 59 anos, est\u00e1 entre as v\u00edtimas do acidente mar\u00edtimo. Ela era dona de um quitanda, tipo de mercearia que vende frutas, verduras e legumes, localizada na rua 21 de Abril, no Centro de Madre de Deus.<\/p>\n\n\n\n<p>A mulher estava com os sobrinhos, Ryan de Souza Santos, de 22 anos, e Alice Maria, de 6 anos, e Vanderson de Queiroz, de 42, que tamb\u00e9m morreram no acidente.<\/p>\n\n\n\n<p><strong>Morte de amigas<\/strong><\/p>\n\n\n\n<figure class=\"wp-block-image\"><img data-recalc-dims=\"1\" decoding=\"async\" src=\"https:\/\/i0.wp.com\/s2-g1.glbimg.com\/koMtFJMmTKvePgvVS4tjrxeAhpA%3D\/0x0%3A1030x600\/984x0\/smart\/filters%3Astrip_icc%28%29\/i.s3.glbimg.com\/v1\/AUTH_59edd422c0c84a879bd37670ae4f538a\/internal_photos\/bs\/2024\/x\/O\/MJMv2NRzqdht2v3czUWg\/1705936532522289.jpg?w=800&#038;ssl=1\" alt=\"As amigas Flaviane e Hayala \u2014 Foto: Reprodu\u00e7\u00e3o\/Redes Sociais\"\/><\/figure>\n\n\n\n<p>As amigas Flaviane e Hayala \u2014 Foto: Reprodu\u00e7\u00e3o\/Redes Sociais<\/p>\n\n\n\n<p>Entre as v\u00edtimas que morreram tamb\u00e9m est\u00e3o as amigas Flaviane Jesus dos Santos, de 29 anos, e Hayala dos Santos Conselho, de 32 anos. A segunda foi encontrada por volta de 8h50, na regi\u00e3o de Loreto.<\/p>\n\n\n\n<p>Flaviane Jesus trabalhava como operadora de caixa em um supermercado de Madre de Deus h\u00e1 alguns meses. Na frente do estabelecimento, foi colocado um cartaz com a mensagem de luto.<\/p>\n\n\n\n<p>O pai de Flaviane Jesus era o comandante do barco. E o neto dele, Jonathan Miguel Santos, de 7 anos, tamb\u00e9m morreu no naufr\u00e1gio.<\/p>\n\n\n\n<figure class=\"wp-block-image\"><img data-recalc-dims=\"1\" decoding=\"async\" src=\"https:\/\/i0.wp.com\/s2-g1.glbimg.com\/3YDiOyTXNqmOrStwnAD54945edY%3D\/0x0%3A727x530\/984x0\/smart\/filters%3Astrip_icc%28%29\/i.s3.glbimg.com\/v1\/AUTH_59edd422c0c84a879bd37670ae4f538a\/internal_photos\/bs\/2024\/C\/H\/TBHxkiQM20aY56BBbxLg\/whatsapp-image-2024-01-22-at-12.14.48.jpg?w=800&#038;ssl=1\" alt=\"Jonathan Miguel Santos, de 7 anos, tamb\u00e9m morreu no naufr\u00e1gio. \u2014 Foto: Reprodu\u00e7\u00e3o\/Redes Sociais\"\/><\/figure>\n\n\n\n<p>Jonathan Miguel Santos, de 7 anos, tamb\u00e9m morreu no naufr\u00e1gio. \u2014 Foto: Reprodu\u00e7\u00e3o\/Redes Sociais<\/p>\n\n\n\n<p>A outra v\u00edtima do acidente mar\u00edtimo foi identificada como Caroline Barbosa de Souza, de 17 anos.<\/p>\n\n\n\n<figure class=\"wp-block-image\"><img data-recalc-dims=\"1\" decoding=\"async\" src=\"https:\/\/i0.wp.com\/s2-g1.glbimg.com\/ufAIg356v0nov2dd9x_ZY-MQJPI%3D\/0x0%3A558x545\/984x0\/smart\/filters%3Astrip_icc%28%29\/i.s3.glbimg.com\/v1\/AUTH_59edd422c0c84a879bd37670ae4f538a\/internal_photos\/bs\/2024\/m\/m\/p5jcHVSbGchi8vMwKvuw\/whatsapp-image-2024-01-22-at-08.19.54.jpg?w=800&#038;ssl=1\" alt=\"Caroline foi uma das v\u00edtimas do naufr\u00e1gio \u2014 Foto: Reprodu\u00e7\u00e3o\/Redes Sociais\"\/><\/figure>\n\n\n\n<p>Caroline foi uma das v\u00edtimas do naufr\u00e1gio \u2014 Foto: Reprodu\u00e7\u00e3o\/Redes Sociais<\/p>\n\n\n\n<h2 class=\"wp-block-heading\">&#8216;N\u00e3o consegui salvar meu filho&#8217;<\/h2>\n\n\n\n<figure class=\"wp-block-image\"><img data-recalc-dims=\"1\" decoding=\"async\" src=\"https:\/\/i0.wp.com\/s2-g1.glbimg.com\/zstQIPMOmKIpUtzUW0gECIXJfFk%3D\/0x0%3A1070x739\/984x0\/smart\/filters%3Astrip_icc%28%29\/i.s3.glbimg.com\/v1\/AUTH_59edd422c0c84a879bd37670ae4f538a\/internal_photos\/bs\/2024\/c\/e\/l2x1AqSeOBrGZBTcdsDQ\/whatsapp-image-2024-01-22-at-20.19.11.jpeg?w=800&#038;ssl=1\" alt=\"Pai de uma das v\u00edtimas de naufr\u00e1gio relata que n\u00e3o conseguiu salvar o filho \u2014 Foto: Reprodu\u00e7\u00e3o\/TV Bahia\"\/><\/figure>\n\n\n\n<p>Pai de uma das v\u00edtimas de naufr\u00e1gio relata que n\u00e3o conseguiu salvar o filho \u2014 Foto: Reprodu\u00e7\u00e3o\/TV Bahia<\/p>\n\n\n\n<figure class=\"wp-block-embed\"><div class=\"wp-block-embed__wrapper\">\nhttps:\/\/a1a9d9ba518b7c674bf193554c432e4d.safeframe.googlesyndication.com\/safeframe\/1-0-40\/html\/container.html\n<\/div><\/figure>\n\n\n\n<p>&#8220;N\u00e3o consegui salvar meu filho&#8221;,<a class=\"\" href=\"https:\/\/g1.globo.com\/ba\/bahia\/noticia\/2024\/01\/22\/sepultamento-vitimas-naufragio-na-bahia.ghtml\">&nbsp;relembrou Alu\u00edsio C\u00e9sar, sobrevivente do barco<\/a>, pai de Ryan de Souza Santos.<\/p>\n\n\n\n<p>&#8220;O barco virou, eu n\u00e3o me lembro porque eu bati minha cabe\u00e7a, mas fiquei consciente e comecei a salvar as pessoas. Salvei primeiro a m\u00e3e de Ryan [filho dele], depois peguei a tia, umas duas crian\u00e7as, outra pessoa. E a\u00ed eu fui procurar meu filho, s\u00f3 que eu salvei outras pessoas, ele tamb\u00e9m salvou e eu n\u00e3o conseguia salvar meu filho&#8221;, contou.<\/p>\n\n\n\n<p>O homem ainda disse que suspeita que a confus\u00e3o come\u00e7ou no barco por causa de um pagamento de R$ 10 pela travessia da Ilha Maria Guarda para Madre de Deus. Apesar da suspeita do sobrevivente, a pol\u00edcia ainda n\u00e3o confirma o motivo da briga na embarca\u00e7\u00e3o.<\/p>\n\n\n\n<p>&#8220;No que todo mundo foi para l\u00e1 [um dos lados] o barco virou. Foi virando e eu gritando: &#8216;pelo amor de Deus, as crian\u00e7as'&#8221;, disse o homem.<\/p>\n\n\n\n<h2 class=\"wp-block-heading\">Naufr\u00e1gio<\/h2>\n\n\n\n<figure class=\"wp-block-image\"><img data-recalc-dims=\"1\" decoding=\"async\" src=\"https:\/\/i0.wp.com\/s2-g1.glbimg.com\/aPwkvuqaomNdOZuTcrYeBhSm_lI%3D\/0x0%3A1200x3109\/984x0\/smart\/filters%3Astrip_icc%28%29\/i.s3.glbimg.com\/v1\/AUTH_59edd422c0c84a879bd37670ae4f538a\/internal_photos\/bs\/2024\/G\/v\/CFiCAhSCyL2eDuHcW0Cg\/mapa-2201.png?w=800&#038;ssl=1\" alt=\"Embarca\u00e7\u00e3o naufraga e deixa ao menos 5 mortos na Ba\u00eda de Todos-os-Santos \u2014 Foto: Arte g1\"\/><\/figure>\n\n\n\n<p>Embarca\u00e7\u00e3o naufraga e deixa ao menos 5 mortos na Ba\u00eda de Todos-os-Santos \u2014 Foto: Arte g1<\/p>\n\n\n\n<p>Na noite de domingo, o barco saiu da Ilha de Maria Guarda, na Ba\u00eda de Todos-os-Santos, em dire\u00e7\u00e3o ao terminal Mar\u00edtimo de Madre de Deus, que fica a cerca de 2 km de dist\u00e2ncia. Antes da metade do caminho, houve uma briga e o ve\u00edculo naufragou.<\/p>\n\n\n\n<p>Al\u00e9m das sete pessoas que morreram, seis foram levadas para o Hospital Municipal de Madre Deus. Duas j\u00e1 tiveram alta, tr\u00eas foram levadas para Salvador e uma para Lauro de Freitas.&nbsp;<strong>Veja abaixo quem s\u00e3o as v\u00edtimas feridas:<\/strong><\/p>\n\n\n\n<ul class=\"wp-block-list\">\n<li>Um menino de 6 anos est\u00e1 internado na UTI pedi\u00e1trica do Hospital Roberto Santos, em Salvador;<\/li>\n\n\n\n<li>Uma menina de 1 ano est\u00e1 internada na UTI pedi\u00e1trica do Hospital do Sub\u00farbio, em Salvador;<\/li>\n\n\n\n<li>Uma mulher de 56 anos est\u00e1 internada na UTI do Hospital Municipal de Salvador;<\/li>\n\n\n\n<li>Uma idosa de 83 anos, identificada como Maria Estelita dos Santos de Souza, est\u00e1 internada na UTI do Hospital Metropolitano, em Lauro de Freitas.<\/li>\n<\/ul>\n\n\n\n<p>Uma equipe de Busca e Salvamento (SAR) da Capitania dos Portos da Bahia (CPBA) foi enviada ao local para conduzir as buscas dos poss\u00edveis desaparecidos, em conjunto com outros \u00f3rg\u00e3os, al\u00e9m de apurar o ocorrido e coletar informa\u00e7\u00f5es.<\/p>\n\n\n\n<p>Participaram das buscas uma embarca\u00e7\u00e3o da Companhia de Pol\u00edcia de Prote\u00e7\u00e3o Ambiental &#8211; (COPPA) da Pol\u00edcia Militar, uma aeronave do Grupamento A\u00e9reo (Graer) e outras embarca\u00e7\u00f5es civis.<\/p>\n\n\n\n<p>A Marinha informou que ser\u00e1 instaurado um Inqu\u00e9rito sobre Acidentes e Fatos da Navega\u00e7\u00e3o (IAFN) pela CPBA, para apurar as causas e circunst\u00e2ncias do acidente.<\/p>\n\n\n\n<p>Conclu\u00eddo o procedimento, os documentos ser\u00e3o encaminhados ao Tribunal Mar\u00edtimo.<\/p>\n\n\n\n<figure class=\"wp-block-image\"><img data-recalc-dims=\"1\" decoding=\"async\" src=\"https:\/\/i0.wp.com\/s2-g1.glbimg.com\/ZIva4hajKDWwqeFPmWc1YOcqZQY%3D\/0x0%3A1920x1080\/984x0\/smart\/filters%3Astrip_icc%28%29\/i.s3.glbimg.com\/v1\/AUTH_59edd422c0c84a879bd37670ae4f538a\/internal_photos\/bs\/2024\/W\/8\/pG5OALRiWB09guEudcrg\/barco-afunda-na-baia-de-todos-os-santos.jpg?w=800&#038;ssl=1\" alt=\"Embarca\u00e7\u00e3o naufraga e deixa mortos na Ba\u00eda de Todos-os-Santos \u2014 Foto: TV Globo\/Reprodu\u00e7\u00e3o\"\/><\/figure>\n\n\n\n<p>Embarca\u00e7\u00e3o naufraga e deixa mortos na Ba\u00eda de Todos-os-Santos \u2014 Foto: TV Globo\/Reprodu\u00e7\u00e3o<\/p>\n\n\n\n<p><\/p>\n","protected":false},"excerpt":{"rendered":"<p>Os corpos da s\u00e9tima e oitava v\u00edtimas do\u00a0barco que naufragou\u00a0na noite de domingo (21), na cidade de\u00a0Madre de Deus, na Regi\u00e3o Metropolitana de\u00a0Salvador, foram encontrados por pescadores na manh\u00e3 desta ter\u00e7a-feira (23). A informa\u00e7\u00e3o foi confirmada pelo Corpo de Bombeiros. As v\u00edtimas foram identificadas como Alice Maria, de 6 anos, e Vanderson de Queiroz, de [&hellip;]<\/p>\n","protected":false},"author":2,"featured_media":7117,"comment_status":"open","ping_status":"open","sticky":false,"template":"","format":"standard","meta":{"_jetpack_memberships_contains_paid_content":false,"footnotes":""},"categories":[21],"tags":[],"class_list":["post-7115","post","type-post","status-publish","format-standard","has-post-thumbnail","hentry","category-bahia"],"aioseo_notices":[],"jetpack_featured_media_url":"https:\/\/i0.wp.com\/minutobahia24h.com.br\/wp-content\/uploads\/2024\/01\/Sem-titulo-280.jpg?fit=984%2C571&ssl=1","jetpack_sharing_enabled":true,"_links":{"self":[{"href":"https:\/\/minutobahia24h.com.br\/index.php?rest_route=\/wp\/v2\/posts\/7115","targetHints":{"allow":["GET"]}}],"collection":[{"href":"https:\/\/minutobahia24h.com.br\/index.php?rest_route=\/wp\/v2\/posts"}],"about":[{"href":"https:\/\/minutobahia24h.com.br\/index.php?rest_route=\/wp\/v2\/types\/post"}],"author":[{"embeddable":true,"href":"https:\/\/minutobahia24h.com.br\/index.php?rest_route=\/wp\/v2\/users\/2"}],"replies":[{"embeddable":true,"href":"https:\/\/minutobahia24h.com.br\/index.php?rest_route=%2Fwp%2Fv2%2Fcomments&post=7115"}],"version-history":[{"count":1,"href":"https:\/\/minutobahia24h.com.br\/index.php?rest_route=\/wp\/v2\/posts\/7115\/revisions"}],"predecessor-version":[{"id":7118,"href":"https:\/\/minutobahia24h.com.br\/index.php?rest_route=\/wp\/v2\/posts\/7115\/revisions\/7118"}],"wp:featuredmedia":[{"embeddable":true,"href":"https:\/\/minutobahia24h.com.br\/index.php?rest_route=\/wp\/v2\/media\/7117"}],"wp:attachment":[{"href":"https:\/\/minutobahia24h.com.br\/index.php?rest_route=%2Fwp%2Fv2%2Fmedia&parent=7115"}],"wp:term":[{"taxonomy":"category","embeddable":true,"href":"https:\/\/minutobahia24h.com.br\/index.php?rest_route=%2Fwp%2Fv2%2Fcategories&post=7115"},{"taxonomy":"post_tag","embeddable":true,"href":"https:\/\/minutobahia24h.com.br\/index.php?rest_route=%2Fwp%2Fv2%2Ftags&post=7115"}],"curies":[{"name":"wp","href":"https:\/\/api.w.org\/{rel}","templated":true}]}}