{"id":7107,"date":"2024-01-23T07:30:01","date_gmt":"2024-01-23T10:30:01","guid":{"rendered":"https:\/\/minutobahia24h.com.br\/?p=7107"},"modified":"2024-01-23T07:30:03","modified_gmt":"2024-01-23T10:30:03","slug":"governo-cria-novas-unidades-da-pm-e-amplia-seguranca-especializada-na-bahia","status":"publish","type":"post","link":"https:\/\/minutobahia24h.com.br\/?p=7107","title":{"rendered":"Governo cria novas unidades da PM e amplia seguran\u00e7a especializada na Bahia"},"content":{"rendered":"<div class=\"wp-block-image\">\n<figure class=\"aligncenter size-full\"><img data-recalc-dims=\"1\" fetchpriority=\"high\" decoding=\"async\" width=\"636\" height=\"424\" src=\"https:\/\/i0.wp.com\/minutobahia24h.com.br\/wp-content\/uploads\/2024\/01\/Sem-titulo-278.jpg?resize=636%2C424&#038;ssl=1\" alt=\"\" class=\"wp-image-7109\" srcset=\"https:\/\/i0.wp.com\/minutobahia24h.com.br\/wp-content\/uploads\/2024\/01\/Sem-titulo-278.jpg?w=636&amp;ssl=1 636w, https:\/\/i0.wp.com\/minutobahia24h.com.br\/wp-content\/uploads\/2024\/01\/Sem-titulo-278.jpg?resize=300%2C200&amp;ssl=1 300w\" sizes=\"(max-width: 636px) 100vw, 636px\" \/><\/figure>\n<\/div>\n\n\n<p><em>O ato foi assinado pelo governador, em Feira de Santana, onde tamb\u00e9m foi entregue a Casa da Gestante, Beb\u00ea e Pu\u00e9rpera do Hospital Estadual da Crian\u00e7a<\/em><\/p>\n\n\n\n<p>A Pol\u00edcia Militar da Bahia (PMBA) ampliar\u00e1 sua atua\u00e7\u00e3o na capital e no interior do estado com a cria\u00e7\u00e3o de tr\u00eas novas unidades. A san\u00e7\u00e3o da Lei de Reestrutura\u00e7\u00e3o Organizacional, que determina a cria\u00e7\u00e3o de novos comandos da corpora\u00e7\u00e3o, foi assinada na manh\u00e3 desta segunda-feira (22), em Feira de Santana, pelo governador Jer\u00f4nimo Rodrigues. Entre as iniciativas, destaca-se a cria\u00e7\u00e3o das companhias de Media\u00e7\u00e3o de Conflitos Agr\u00e1rios e Urbanos (CIMCAU), de Policiamento Especializado (Cipe Leste), e de um Esquadr\u00e3o de Motociclistas, al\u00e9m da nomea\u00e7\u00e3o dos comandantes das unidades.<\/p>\n\n\n\n<p>Conforme Jer\u00f4nimo Rodrigues, as readequa\u00e7\u00f5es na Seguran\u00e7a P\u00fablica integram uma a\u00e7\u00e3o de fortalecimento cont\u00ednuo na \u00e1rea. \u201cDesde o come\u00e7o do governo, constru\u00edmos um grupo de trabalho e di\u00e1logo com a Assembleia Legislativa. Fizemos uma adequa\u00e7\u00e3o, um fortalecimento e uma reestrutura\u00e7\u00e3o das pol\u00edcias Civil, Militar e dos Bombeiros, com o objetivo de ampliar a seguran\u00e7a p\u00fablica em todo o estado\u201d.<\/p>\n\n\n\n<p>A CIMCAU ser\u00e1 respons\u00e1vel por coordenar e executar a\u00e7\u00f5es de seguran\u00e7a p\u00fablica durante o cumprimento de mandados judiciais de manuten\u00e7\u00e3o ou reintegra\u00e7\u00e3o de posse. A companhia tamb\u00e9m atuar\u00e1 em situa\u00e7\u00f5es de conflitos relacionados \u00e0 posse de terras urbanas e rurais.<\/p>\n\n\n\n<p>A Cipe Leste atuar\u00e1 na execu\u00e7\u00e3o de miss\u00f5es de policiamento ostensivo especializado, prestando apoio \u00e0 sede de Feira de Santana, demais setores operacionais da PMBA e mais 35 munic\u00edpios situados nos Territ\u00f3rios de Identidade do Litoral Norte, Agreste Baiano e Portal do Sert\u00e3o. J\u00e1 o Esquadr\u00e3o de Motociclistas, em Cama\u00e7ari, ser\u00e1 respons\u00e1vel pela execu\u00e7\u00e3o das atividades de policiamento de tr\u00e2nsito, escolta de dignit\u00e1rios e apoio \u00e0s demais Unidades Operacionais. Atuar\u00e1 em toda a Regi\u00e3o Metropolitana de Salvador.<\/p>\n\n\n\n<p>O comandante-geral da Pol\u00edcia Militar da Bahia, coronel Paulo Coutinho, destacou a import\u00e2ncia do refor\u00e7o proporcionado pela cria\u00e7\u00e3o das novas unidades para fortalecer a atua\u00e7\u00e3o das for\u00e7as de seguran\u00e7a no estado. \u201c\u00c9 uma estrat\u00e9gia fundamental para enfrentarmos os desafios relacionados a conflitos agr\u00e1rios, seguran\u00e7a especializada e mobilidade urbana, contribuindo para a efic\u00e1cia das opera\u00e7\u00f5es policiais, proporcionando uma resposta mais eficiente \u00e0s demandas da sociedade baiana e refor\u00e7ando o compromisso da PM com a seguran\u00e7a p\u00fablica da Bahia\u201d.<\/p>\n\n\n\n<p>A san\u00e7\u00e3o complementa a grande reestrutura\u00e7\u00e3o da Pol\u00edcia Militar, realizada por meio da Lei n\u00ba 14.567\/23. As unidades criadas ser\u00e3o instaladas provisoriamente em unidades j\u00e1 existentes nos respectivos munic\u00edpios. As instala\u00e7\u00f5es pr\u00f3prias ser\u00e3o planejadas pela institui\u00e7\u00e3o, ap\u00f3s a publica\u00e7\u00e3o da lei, de acordo com os recursos dispon\u00edveis.<\/p>\n\n\n\n<p><strong>Sa\u00fade<\/strong><\/p>\n\n\n\n<p>Ainda em Feira de Santana, Jer\u00f4nimo fez entregas e anunciou investimentos que v\u00e3o refor\u00e7ar a sa\u00fade da regi\u00e3o. Na ocasi\u00e3o, foi inaugurada a Casa da Gestante, Beb\u00ea e Pu\u00e9rpera (CGBP) do Hospital Estadual da Crian\u00e7a, e autorizado o in\u00edcio das obras do Servi\u00e7o de Verifica\u00e7\u00e3o de \u00d3bito (SVO), totalizando R$ 6,1 milh\u00f5es em investimentos na \u00e1rea de sa\u00fade.<\/p>\n\n\n\n<p>A CGBP atuar\u00e1 como uma resid\u00eancia provis\u00f3ria de cuidado para gestantes em situa\u00e7\u00e3o de risco, contribuindo para um cuidado adequado em casos que demandem vigil\u00e2ncia e proximidade dos servi\u00e7os hospitalares. J\u00e1 o SVO tem como objetivo realizar necr\u00f3psia para elucida\u00e7\u00e3o de causas de morte naturais, sem suspeita de viol\u00eancia, com ou sem assist\u00eancia m\u00e9dica, sem esclarecimento diagn\u00f3stico ou de interesse da sa\u00fade p\u00fablica.<\/p>\n\n\n\n<p>\u201cS\u00e3o investimentos que v\u00e3o ter um impacto na sa\u00fade da popula\u00e7\u00e3o de Feira e regi\u00e3o. A Casa da Gestante ir\u00e1 garantir atendimento de qualidade &nbsp;e contribuindo n\u00e3o apenas para a sa\u00fade materna, mas tamb\u00e9m para a sa\u00fade dos rec\u00e9m-nascidos, fortalecendo a sa\u00fade materno-infantil em nossa comunidade\u201d, a titular da Sa\u00fade, Roberta Santana. \u201cAl\u00e9m disso, a assinatura da ordem de servi\u00e7o para a constru\u00e7\u00e3o do SVO \u00e9 um passo importante para aprimorar a precis\u00e3o no esclarecimento das causas de \u00f3bito, contribuindo assim para a sa\u00fade p\u00fablica de forma abrangente\u201d, acrescentou.<\/p>\n\n\n\n<p><strong>Infraestrutura<\/strong><\/p>\n\n\n\n<p>O governador ainda autorizou a licita\u00e7\u00e3o para pavimenta\u00e7\u00e3o no entroncamento da BA-052, no trecho de 1,2 km entre o povoado de Jaguara, em Feira de Santana, e o acesso a Morrinhos. Jer\u00f4nimo tamb\u00e9m aproveitou a visita para verificar o andamento de duas obras em Feira de Santana. A primeira, executada pela Secretaria de Infraestrutura (Seinfra), \u00e9 a duplica\u00e7\u00e3o e restaura\u00e7\u00e3o do pavimento nas rodovias BA-502 e BA-513, no trecho entre Feira de Santana (Tomba) e S\u00e3o Gon\u00e7alo dos Campos, com investimento de R$ 47,9 milh\u00f5es. As obras v\u00e3o atender tamb\u00e9m os munic\u00edpios de Cachoeira e Santo Amaro. A estimativa \u00e9 que mais de 657 mil habitantes sejam contemplados.<\/p>\n\n\n\n<p>A segunda obra, conduzida pela Secretaria de Desenvolvimento Urbano (Sedur), refere-se \u00e0 conclus\u00e3o e requalifica\u00e7\u00e3o do Centro de Conven\u00e7\u00f5es e Teatro de Feira de Santana, com investimento total de R$ 56,3 milh\u00f5es para continuar a constru\u00e7\u00e3o abandonada pela administra\u00e7\u00e3o municipal desde 2004. Quando estiver pronto, o teatro ser\u00e1 o maior de Feira e regi\u00e3o e deve se consolidar como um equipamento fundamental do circuito cultural do Portal do Sert\u00e3o. J\u00e1 o Centro de Conven\u00e7\u00f5es ter\u00e1 capacidade para 1.600 visitantes e \u00e1rea coberta de mais de dois mil metros quadrados, ajudando a impulsionar o turismo de neg\u00f3cios no munic\u00edpio, sendo muito aguardado pelos empres\u00e1rios da regi\u00e3o.<\/p>\n\n\n\n<p>diganews<\/p>\n","protected":false},"excerpt":{"rendered":"<p>O ato foi assinado pelo governador, em Feira de Santana, onde tamb\u00e9m foi entregue a Casa da Gestante, Beb\u00ea e Pu\u00e9rpera do Hospital Estadual da Crian\u00e7a A Pol\u00edcia Militar da Bahia (PMBA) ampliar\u00e1 sua atua\u00e7\u00e3o na capital e no interior do estado com a cria\u00e7\u00e3o de tr\u00eas novas unidades. A san\u00e7\u00e3o da Lei de Reestrutura\u00e7\u00e3o [&hellip;]<\/p>\n","protected":false},"author":2,"featured_media":7109,"comment_status":"open","ping_status":"open","sticky":false,"template":"","format":"standard","meta":{"_jetpack_memberships_contains_paid_content":false,"footnotes":""},"categories":[46],"tags":[],"class_list":["post-7107","post","type-post","status-publish","format-standard","has-post-thumbnail","hentry","category-noticia"],"aioseo_notices":[],"jetpack_featured_media_url":"https:\/\/i0.wp.com\/minutobahia24h.com.br\/wp-content\/uploads\/2024\/01\/Sem-titulo-278.jpg?fit=636%2C424&ssl=1","jetpack_sharing_enabled":true,"_links":{"self":[{"href":"https:\/\/minutobahia24h.com.br\/index.php?rest_route=\/wp\/v2\/posts\/7107","targetHints":{"allow":["GET"]}}],"collection":[{"href":"https:\/\/minutobahia24h.com.br\/index.php?rest_route=\/wp\/v2\/posts"}],"about":[{"href":"https:\/\/minutobahia24h.com.br\/index.php?rest_route=\/wp\/v2\/types\/post"}],"author":[{"embeddable":true,"href":"https:\/\/minutobahia24h.com.br\/index.php?rest_route=\/wp\/v2\/users\/2"}],"replies":[{"embeddable":true,"href":"https:\/\/minutobahia24h.com.br\/index.php?rest_route=%2Fwp%2Fv2%2Fcomments&post=7107"}],"version-history":[{"count":1,"href":"https:\/\/minutobahia24h.com.br\/index.php?rest_route=\/wp\/v2\/posts\/7107\/revisions"}],"predecessor-version":[{"id":7110,"href":"https:\/\/minutobahia24h.com.br\/index.php?rest_route=\/wp\/v2\/posts\/7107\/revisions\/7110"}],"wp:featuredmedia":[{"embeddable":true,"href":"https:\/\/minutobahia24h.com.br\/index.php?rest_route=\/wp\/v2\/media\/7109"}],"wp:attachment":[{"href":"https:\/\/minutobahia24h.com.br\/index.php?rest_route=%2Fwp%2Fv2%2Fmedia&parent=7107"}],"wp:term":[{"taxonomy":"category","embeddable":true,"href":"https:\/\/minutobahia24h.com.br\/index.php?rest_route=%2Fwp%2Fv2%2Fcategories&post=7107"},{"taxonomy":"post_tag","embeddable":true,"href":"https:\/\/minutobahia24h.com.br\/index.php?rest_route=%2Fwp%2Fv2%2Ftags&post=7107"}],"curies":[{"name":"wp","href":"https:\/\/api.w.org\/{rel}","templated":true}]}}