{"id":7099,"date":"2024-01-23T07:24:02","date_gmt":"2024-01-23T10:24:02","guid":{"rendered":"https:\/\/minutobahia24h.com.br\/?p=7099"},"modified":"2024-01-23T07:24:04","modified_gmt":"2024-01-23T10:24:04","slug":"jovem-morre-em-capotamento-na-ba-409-corpo-foi-projetado-para-fora-do-veiculo","status":"publish","type":"post","link":"https:\/\/minutobahia24h.com.br\/?p=7099","title":{"rendered":"Jovem morre em capotamento na BA 409. Corpo foi projetado para fora do ve\u00edculo"},"content":{"rendered":"<div class=\"wp-block-image\">\n<figure class=\"aligncenter size-full\"><img data-recalc-dims=\"1\" fetchpriority=\"high\" decoding=\"async\" width=\"427\" height=\"283\" src=\"https:\/\/i0.wp.com\/minutobahia24h.com.br\/wp-content\/uploads\/2024\/01\/Sem-titulo-276.jpg?resize=427%2C283&#038;ssl=1\" alt=\"\" class=\"wp-image-7101\" srcset=\"https:\/\/i0.wp.com\/minutobahia24h.com.br\/wp-content\/uploads\/2024\/01\/Sem-titulo-276.jpg?w=427&amp;ssl=1 427w, https:\/\/i0.wp.com\/minutobahia24h.com.br\/wp-content\/uploads\/2024\/01\/Sem-titulo-276.jpg?resize=300%2C199&amp;ssl=1 300w\" sizes=\"(max-width: 427px) 100vw, 427px\" \/><\/figure>\n<\/div>\n\n\n<p>O m\u00eas de janeiro est\u00e1 sendo marcado por trag\u00e9dias em v\u00e1rias regi\u00f5es do Estado da Bahia. A \u00faltima aconteceu na tarde desta segunda-feira, 22, no Km 13 da Rodovia BA 409, \u00e1rea urbana de Bandia\u00e7u, distrito de Concei\u00e7\u00e3o do Coit\u00e9 no sentido Serrinha, menos de 1 km do Posto da Pol\u00edcia Rodovi\u00e1ria Estadual (PRE). O Calila Not\u00edcias recebeu a informa\u00e7\u00e3o atrav\u00e9s de uma leitora do site que passou minutos depois do acidente e viu o corpo ao lado de um carro, uma mulher olhando e mais ningu\u00e9m, isto por volta das 14h30.<\/p>\n\n\n\n<figure class=\"wp-block-image\" id=\"attachment_301554\"><img decoding=\"async\" src=\"https:\/\/i0.wp.com\/www.calilanoticias.com\/wp-content\/uploads\/2024\/01\/acidente-em-bandiacu-2.jpg?resize=700%2C467&amp;ssl=1\" alt=\"\" class=\"wp-image-301554\"\/><figcaption class=\"wp-element-caption\">A suspeita que o acidente aconteceu depois que este pneu se soltou | Foto: Raimundo Mascarenhas<\/figcaption><\/figure>\n\n\n\n<p>Nossa reportagem se deslocou at\u00e9 o local e encontrou a ambul\u00e2ncia do SAMU e do \u00c1guia Resgate que nada puderam fazer, j\u00e1 que a v\u00edtima identificada como \u00cdtalo Santos Mota, 21 anos, residente na mesma localidade do acidente e onde abriu recentemente uma loja de ra\u00e7\u00e3o, estava chegando da sede do munic\u00edpio de Concei\u00e7\u00e3o do Coit\u00e9, quando o pneu traseiro do lado do carona se soltou e o carro da marca Fiat modelo Strada capotou v\u00e1rias vezes, ele que n\u00e3o usava o cinto de seguran\u00e7a foi projetado para fora e morreu na hora.<\/p>\n\n\n\n<p><strong>M\u00e3e foi socorrida as pressas para o hospital pelo \u00c1guia Resgate<\/strong><\/p>\n\n\n\n<p>A equipe do \u00c1guia Resgate estava no local do acidente quando foi acionada para socorrer a m\u00e3e de \u00cdtalo que estava passando mal em casa, depois de receber a not\u00edcia.<\/p>\n\n\n<div class=\"wp-block-image\">\n<figure class=\"aligncenter\"><img decoding=\"async\" src=\"https:\/\/i0.wp.com\/www.calilanoticias.com\/wp-content\/uploads\/2024\/01\/acidente-em-bandiacu-5.jpeg?resize=700%2C482&amp;ssl=1\" alt=\"\" class=\"wp-image-301558\"\/><\/figure>\n<\/div>\n\n\n<p>Segundo Gildo Carneiro motorista e coordenador do \u00c1guia, a mulher cuja identidade n\u00e3o foi revelada foi encontrada em casa, desacordada, a mesma j\u00e1 sofreu tr\u00eas infartos e sofreu mais um grande impacto com a morte do filho. Ela saiu de casa desacordada e permaneceu desacordada pelo menos at\u00e9 o momento que foi retirada da maca da ambul\u00e2ncia do \u00c1guia.<\/p>\n\n\n\n<p>abahiaacontece<\/p>\n","protected":false},"excerpt":{"rendered":"<p>O m\u00eas de janeiro est\u00e1 sendo marcado por trag\u00e9dias em v\u00e1rias regi\u00f5es do Estado da Bahia. A \u00faltima aconteceu na tarde desta segunda-feira, 22, no Km 13 da Rodovia BA 409, \u00e1rea urbana de Bandia\u00e7u, distrito de Concei\u00e7\u00e3o do Coit\u00e9 no sentido Serrinha, menos de 1 km do Posto da Pol\u00edcia Rodovi\u00e1ria Estadual (PRE). O [&hellip;]<\/p>\n","protected":false},"author":2,"featured_media":7101,"comment_status":"open","ping_status":"open","sticky":false,"template":"","format":"standard","meta":{"_jetpack_memberships_contains_paid_content":false,"footnotes":""},"categories":[3],"tags":[],"class_list":["post-7099","post","type-post","status-publish","format-standard","has-post-thumbnail","hentry","category-regional"],"aioseo_notices":[],"jetpack_featured_media_url":"https:\/\/i0.wp.com\/minutobahia24h.com.br\/wp-content\/uploads\/2024\/01\/Sem-titulo-276.jpg?fit=427%2C283&ssl=1","jetpack_sharing_enabled":true,"_links":{"self":[{"href":"https:\/\/minutobahia24h.com.br\/index.php?rest_route=\/wp\/v2\/posts\/7099","targetHints":{"allow":["GET"]}}],"collection":[{"href":"https:\/\/minutobahia24h.com.br\/index.php?rest_route=\/wp\/v2\/posts"}],"about":[{"href":"https:\/\/minutobahia24h.com.br\/index.php?rest_route=\/wp\/v2\/types\/post"}],"author":[{"embeddable":true,"href":"https:\/\/minutobahia24h.com.br\/index.php?rest_route=\/wp\/v2\/users\/2"}],"replies":[{"embeddable":true,"href":"https:\/\/minutobahia24h.com.br\/index.php?rest_route=%2Fwp%2Fv2%2Fcomments&post=7099"}],"version-history":[{"count":1,"href":"https:\/\/minutobahia24h.com.br\/index.php?rest_route=\/wp\/v2\/posts\/7099\/revisions"}],"predecessor-version":[{"id":7102,"href":"https:\/\/minutobahia24h.com.br\/index.php?rest_route=\/wp\/v2\/posts\/7099\/revisions\/7102"}],"wp:featuredmedia":[{"embeddable":true,"href":"https:\/\/minutobahia24h.com.br\/index.php?rest_route=\/wp\/v2\/media\/7101"}],"wp:attachment":[{"href":"https:\/\/minutobahia24h.com.br\/index.php?rest_route=%2Fwp%2Fv2%2Fmedia&parent=7099"}],"wp:term":[{"taxonomy":"category","embeddable":true,"href":"https:\/\/minutobahia24h.com.br\/index.php?rest_route=%2Fwp%2Fv2%2Fcategories&post=7099"},{"taxonomy":"post_tag","embeddable":true,"href":"https:\/\/minutobahia24h.com.br\/index.php?rest_route=%2Fwp%2Fv2%2Ftags&post=7099"}],"curies":[{"name":"wp","href":"https:\/\/api.w.org\/{rel}","templated":true}]}}